{"id":1153795,"date":"2026-08-28T10:14:23","date_gmt":"2026-08-28T10:14:23","guid":{"rendered":"https:\/\/www.europesays.com\/fr\/1153795\/"},"modified":"2026-08-28T10:14:23","modified_gmt":"2026-08-28T10:14:23","slug":"marseille-le-depute-sebastien-delogu-place-en-garde-a-vue-apres-une-altercation-avec-des-policiers-sera-convoque-devant-la-justice-en-novembre","status":"publish","type":"post","link":"https:\/\/www.europesays.com\/fr\/1153795\/","title":{"rendered":"Marseille : le d\u00e9put\u00e9 S\u00e9bastien Delogu, plac\u00e9 en garde \u00e0 vue apr\u00e8s une altercation avec des policiers, sera convoqu\u00e9 devant la justice en novembre"},"content":{"rendered":"<p>L&rsquo;\u00e9lu <a href=\"https:\/\/www.corsematin.com\/article\/politique\/61718882395548\/budget-2027-jean-luc-melenchon-annonce-que-lfi-censurera-le-gouvernement-lecornu\" target=\"_self\" rel=\"nofollow noopener\">La France insoumise<\/a> S\u00e9bastien Delogu est rest\u00e9 plus de huit heures en garde \u00e0 vue ce jeudi 28 ao\u00fbt avant sa lib\u00e9ration, assortie d&rsquo;une convocation devant la justice en novembre prochain.<\/p>\n<p>Le d\u00e9put\u00e9 de <a href=\"https:\/\/www.corsematin.com\/article\/francemonde\/94594014823286\/un-homme-blesse-par-balle-dans-la-cite-bel-horizon-a-marseille\" target=\"_self\" rel=\"nofollow noopener\">Marseille <\/a>s&rsquo;\u00e9tait oppos\u00e9 \u00e0 l&rsquo;entr\u00e9e de trois policiers qui avaient tent\u00e9 de p\u00e9n\u00e9trer dans son immeuble pour rechercher un suspect dans un dossier de vol. S\u00e9bastien Deloglu accuse les agents de violences physiques et verbales, tandis que ceux-ci ont port\u00e9 plainte pour \u00ab\u00a0outrages\u00a0\u00bb.<\/p>\n<p>Arriv\u00e9 sans un mot \u00e0 14 heures au commissariat central de la deuxi\u00e8me ville de France en compagnie de son avocat, le visage ferm\u00e9 et v\u00eatu d&rsquo;un costume bleu, l&rsquo;\u00e9lu de la R\u00e9publique est ressorti par une porte d\u00e9rob\u00e9e vers 23 heures, s&rsquo;engouffrant dans un taxi sans s&rsquo;exprimer.<\/p>\n<p>\u00ab\u00a0La garde \u00e0 vue a \u00e9t\u00e9 lev\u00e9e. On ne fera pas de d\u00e9claration ce soir\u00a0\u00bb, a \u00e9crit dans un bref message \u00e0 l&rsquo;AFP l&rsquo;avocat du d\u00e9put\u00e9, Yones Taguelmint, tout en confirmant l&rsquo;information d&rsquo;une source proche du dossier indiquant que le d\u00e9put\u00e9 insoumis faisait l&rsquo;objet d&rsquo;une convocation pour outrage le 13 novembre.<\/p>\n<p>Outrage sur personne d\u00e9positaire de l&rsquo;autorit\u00e9 publique<\/p>\n<p>L&rsquo;\u00e9lu a de son c\u00f4t\u00e9 post\u00e9 sur le r\u00e9seau Instagram un message en forme de c\u0153ur blanc sur fond noir accompagn\u00e9 des mots \u00ab\u00a0Tout va bien\u00a0\u00bb. Le parquet de Marseille avait confirm\u00e9 dans l&rsquo;apr\u00e8s-midi le placement en garde \u00e0 vue du d\u00e9put\u00e9 \u00ab\u00a0dans le cadre de l&rsquo;enqu\u00eate de flagrance diligent\u00e9e pour outrage sur personne d\u00e9positaire de l&rsquo;autorit\u00e9 publique\u00a0\u00bb.<\/p>\n<p>Trois policiers avaient port\u00e9 plainte contre le d\u00e9put\u00e9 suite \u00e0 l&rsquo;incident survenu lundi, le parlementaire d\u00e9posant de son c\u00f4t\u00e9 une plainte contre X pour injures et violences physiques.<\/p>\n<p>Les faits se sont produits lundi vers 15 heures 15 : trois policiers, \u00e0 la recherche d&rsquo;un homme soup\u00e7onn\u00e9 de vol de montre, tentaient de p\u00e9n\u00e9trer dans l&rsquo;immeuble o\u00f9 habite le d\u00e9put\u00e9, qui les a crois\u00e9s en rentrant chez lui.<\/p>\n<p>Affirmant que les policiers n&rsquo;avaient pas d\u00e9clin\u00e9 leur identit\u00e9, S\u00e9bastien Delogu a refus\u00e9 de les laisser entrer avant de les retrouver quelques instants plus tard sur son palier, o\u00f9 les \u00e9changes ont d\u00e9g\u00e9n\u00e9r\u00e9.<\/p>\n<p>Le parlementaire avait transmis aux m\u00e9dias des enregistrements vid\u00e9o partiels de l&rsquo;incident. D&rsquo;autres ont \u00e9galement circul\u00e9.<\/p>\n<p>Injures<\/p>\n<p>Selon la version du d\u00e9put\u00e9, il rentrait dans sa copropri\u00e9t\u00e9 et s&rsquo;appr\u00eatait \u00e0 en fermer la porte laiss\u00e9e ouverte quand, a-t-il racont\u00e9, \u00ab\u00a0une personne en habit de civil que je ne connais pas m&rsquo;intime de la laisser ouverte. Je ne connais pas la personne, je ne lui fais pas confiance car on m&rsquo;a d\u00e9j\u00e0 menac\u00e9, donc je refuse de la laisser ouverte\u00a0\u00bb.<\/p>\n<p>\u00ab\u00a0Ces personnes me suivent jusqu&rsquo;\u00e0 mon domicile, je leur demande leur carte de police. Ils me sautent dessus en me traitant de \u00ab\u00a0bon \u00e0 rien\u00a0\u00bb\u00a0\u00bb. Il affirme \u00e9galement que l&rsquo;un des agents lui a lanc\u00e9 \u00ab\u00a0tu pues de la gueule\u00a0\u00bb et port\u00e9 \u00ab\u00a0un coup sur la poitrine\u00a0\u00bb.<\/p>\n<p>De leur c\u00f4t\u00e9, les policiers ont port\u00e9 plainte pour \u00ab\u00a0outrage \u00e0 personnes d\u00e9positaires de l&rsquo;autorit\u00e9 publique\u00a0\u00bb, affirmant dans des PV que l&rsquo;AFP a pu consulter que S\u00e9bastien Delogu s&rsquo;\u00e9tait oppos\u00e9 \u00ab\u00a0physiquement\u00a0\u00bb \u00e0 leur entr\u00e9e dans l&rsquo;immeuble, avant de les traiter notamment de \u00ab\u00a0bande de fatigu\u00e9s\u00a0\u00bb ou encore, pour l&rsquo;un d&rsquo;eux, de \u00ab\u00a0trou du cul\u00a0\u00bb.<\/p>\n<p>Affaires judiciaires<\/p>\n<p>L&rsquo;homme recherch\u00e9 a \u00e9t\u00e9 interpell\u00e9 sans encombre dans un appartement situ\u00e9 en face de celui de S\u00e9bastien Delogu. Selon les d\u00e9clarations des policiers consult\u00e9es par l&rsquo;AFP, ils auraient eu plus t\u00f4t dans la journ\u00e9e un contact t\u00e9l\u00e9phonique avec S\u00e9bastien Delogu via une voisine, et le d\u00e9put\u00e9 leur aurait ensuite indiqu\u00e9 qu&rsquo;il avait contact\u00e9 le suspect pour lui indiquer que la police \u00e9tait \u00e0 sa recherche. L&rsquo;int\u00e9ress\u00e9, interrog\u00e9 par message mercredi par l&rsquo;AFP sur ces affirmations, n&rsquo;avait pas r\u00e9pondu.<\/p>\n<p>Le d\u00e9put\u00e9 des quartiers Nord de Marseille s&rsquo;\u00e9tait fait conna\u00eetre du grand public en brandissant un drapeau palestinien en s\u00e9ance \u00e0 l&rsquo;Assembl\u00e9e nationale pour d\u00e9noncer la situation \u00e0 Gaza en mai 2024, lui valant une exclusion temporaire de l&rsquo;h\u00e9micycle.<\/p>\n<p>Il a \u00e9t\u00e9 condamn\u00e9 en 2025 pour \u00ab\u00a0violences aggrav\u00e9es\u00a0\u00bb \u00e0 l&rsquo;encontre de deux cadres de l&rsquo;\u00c9ducation nationale en marge d&rsquo;un blocus lyc\u00e9en en 2023 \u00e0 Marseille.<\/p>\n<p>Fin mai, il a port\u00e9 plainte contre un homme qui l&rsquo;aurait insult\u00e9, agress\u00e9 et menac\u00e9 de mort, lui reprochant ses positions contre le gouvernement isra\u00e9lien.<\/p>\n<p>Il doit \u00e9galement compara\u00eetre le 21 octobre devant la justice pour avoir diffus\u00e9 sur les r\u00e9seaux sociaux des documents personnels d&rsquo;un entrepreneur \u00e0 qui il reprochait ses liens avec Isra\u00ebl.<\/p>\n","protected":false},"excerpt":{"rendered":"L&rsquo;\u00e9lu La France insoumise S\u00e9bastien Delogu est rest\u00e9 plus de huit heures en garde \u00e0 vue ce jeudi&hellip;\n","protected":false},"author":2,"featured_media":1153796,"comment_status":"","ping_status":"","sticky":false,"template":"","format":"standard","meta":{"footnotes":"","_share_on_mastodon":"0"},"categories":[2814],"tags":[5734,1111,11,17418,422,1777,674,1011,27,329,8712,884,12,5536,882,25,17417,13373],"class_list":["post-1153795","post","type-post","status-publish","format-standard","has-post-thumbnail","category-marseille","tag-5734","tag-actu","tag-actualites","tag-delogu","tag-depute","tag-eu","tag-europe","tag-fr","tag-france","tag-france-monde","tag-garde","tag-marseille","tag-news","tag-place","tag-provence-alpes-cote-dazur","tag-republique-francaise","tag-sebastien","tag-vue"],"share_on_mastodon":{"url":"https:\/\/pubeurope.com\/@fr\/117172611803178886","error":""},"_links":{"self":[{"href":"https:\/\/www.europesays.com\/fr\/wp-json\/wp\/v2\/posts\/1153795","targetHints":{"allow":["GET"]}}],"collection":[{"href":"https:\/\/www.europesays.com\/fr\/wp-json\/wp\/v2\/posts"}],"about":[{"href":"https:\/\/www.europesays.com\/fr\/wp-json\/wp\/v2\/types\/post"}],"author":[{"embeddable":true,"href":"https:\/\/www.europesays.com\/fr\/wp-json\/wp\/v2\/users\/2"}],"replies":[{"embeddable":true,"href":"https:\/\/www.europesays.com\/fr\/wp-json\/wp\/v2\/comments?post=1153795"}],"version-history":[{"count":0,"href":"https:\/\/www.europesays.com\/fr\/wp-json\/wp\/v2\/posts\/1153795\/revisions"}],"wp:featuredmedia":[{"embeddable":true,"href":"https:\/\/www.europesays.com\/fr\/wp-json\/wp\/v2\/media\/1153796"}],"wp:attachment":[{"href":"https:\/\/www.europesays.com\/fr\/wp-json\/wp\/v2\/media?parent=1153795"}],"wp:term":[{"taxonomy":"category","embeddable":true,"href":"https:\/\/www.europesays.com\/fr\/wp-json\/wp\/v2\/categories?post=1153795"},{"taxonomy":"post_tag","embeddable":true,"href":"https:\/\/www.europesays.com\/fr\/wp-json\/wp\/v2\/tags?post=1153795"}],"curies":[{"name":"wp","href":"https:\/\/api.w.org\/{rel}","templated":true}]}}