{"id":1153836,"date":"2026-08-28T10:53:17","date_gmt":"2026-08-28T10:53:17","guid":{"rendered":"https:\/\/www.europesays.com\/fr\/1153836\/"},"modified":"2026-08-28T10:53:17","modified_gmt":"2026-08-28T10:53:17","slug":"des-champions-de-footstyle-hip-hop-k-pop-a-la-fete-sportive-de-passais-villages","status":"publish","type":"post","link":"https:\/\/www.europesays.com\/fr\/1153836\/","title":{"rendered":"Des champions de footstyle, hip-hop, K-Pop \u00e0 la f\u00eate sportive de Passais-Villages"},"content":{"rendered":"<p>                    Par<br \/>\n        <strong><br \/>\n            <a href=\"https:\/\/actu.fr\/auteur\/nathalie-guerin\" title=\"Consulter tous les articles de Nathalie Gu\u00e9rin\" rel=\"nofollow noopener\" target=\"_blank\">Nathalie Gu\u00e9rin<\/a><br \/>\n                    <\/strong><\/p>\n<p>        Publi\u00e9 le<\/p>\n<p>            28 ao\u00fbt 2026 \u00e0 11h46        <\/p>\n<p>L\u2019<b>association Pipa<\/b> (Passais Institute Performance Art) a re\u00e7u le<b> label \u00ab\u00a0Terre de jeux 2024\u00a0\u00bb<\/b> en reconnaissance de son engagement dans la promotion du<b> sport<\/b> et de l<b>a danse<\/b>. En 2026, elle poursuit cet \u00e9lan en organisant un <b>\u00e9v\u00e9nement <\/b>d\u00e9di\u00e9 \u00e0 la rencontre entre sport, cr\u00e9ation artistique et <b>technologies num\u00e9riques<\/b>, \u00e0 destination de la <b>jeunesse<\/b> locale.<\/p>\n<p>    <img   decoding=\"async\" loading=\"lazy\" class=\"size-large\" src=\"https:\/\/www.europesays.com\/fr\/wp-content\/uploads\/2026\/08\/9ee763fd998a692f763fd998a76f76v-960x640.jpg\" alt=\"XX\" width=\"960\" height=\"640\"\/><br \/>\n    PiPA dance crew. \u00a9Photo fournieJourn\u00e9e sportive<\/p>\n<p class=\" wall-content\">Cet \u00e9v\u00e9nement est une journ\u00e9e sportive baptis\u00e9e \u00ab L\u2019art du sport, le sport de l\u2019art \u00bb qui aura lieu lundi 31 ao\u00fbt 2026, de 14 h \u00e0 19 h, dans la cour de l\u2019ancienne \u00e9cole, rue Normandie-Maine (\u00e0 c\u00f4t\u00e9 de la mairie). L\u2019association Pipa a invit\u00e9 une dizaine d\u2019artistes et de clubs sportifs du <b>Bocage de Passais<\/b>, du <b>Domfrontais<\/b> mais aussi des d\u00e9partements limitrophes pour des <b>d\u00e9monstrations <\/b>et<b> initiations<\/b> gratuites. Parmi les participants figurent <b>Norman Hab<\/b>ri, champion de France et d\u00e9tenteur d\u2019un record mondial de<b> Footstyle<\/b>, <b>Franco Nery<\/b>, <b>chor\u00e9graphe<\/b> et<b> pionnier <\/b>du mouvement <b>hip-hop<\/b> fran\u00e7ais, le<b> ju jutsu<\/b>, <b>Sambo impact <\/b>et <b>karat\u00e9<\/b> de <a href=\"https:\/\/actu.fr\/normandie\/domfront-en-poiraie_61145\" rel=\"nofollow noopener\" target=\"_blank\">Domfront-en-Poiraie<\/a>, le <a href=\"https:\/\/www.facebook.com\/VCLeTeilleul\/?locale=fr_FR\" rel=\"nofollow noopener\" target=\"_blank\">v\u00e9lo club du Teilleul<\/a> (essais v\u00e9lo), le <b>yoga sur chaise<\/b> et <b>fitness <\/b>avec<b> Val<\/b>.<\/p>\n<p>Hip-hop, free style, k-pop<\/p>\n<p class=\" wall-content\"><b>Pipa dance crews<\/b> proposera un spectacle de hip-hop, <b>free style<\/b>. Les artistes <b>k-pop<\/b> en solo seront pr\u00e9sent\u00e9s par Soizig, fiert\u00e9 de Pipa.<\/p>\n<blockquote class=\"ac-article-quote wall-content\">\n<p>Les habitants, jeunes, adolescents et adultes pourront d\u00e9couvrir toutes ces activit\u00e9s et s\u2019inscrire aupr\u00e8s de chaque association.<\/p>\n<p>Irina Ivanova, tr\u00e9sori\u00e8re et directrice artistique de l\u2019association Pipa.<\/p><\/blockquote>\n<p>Vid\u00e9os : en ce moment sur ActuDes stages<\/p>\n<p class=\" wall-content\">Des stages avec Norman et Franco seront programm\u00e9s moyennant une participation financi\u00e8re de 5 \u20ac (pr\u00e9inscription requise).<\/p>\n<p class=\" wall-content\">La journ\u00e9e sera anim\u00e9e par<b> DJ Matt Triske L\u2019astik <\/b>de<a href=\"https:\/\/actu.fr\/rennes\/\" rel=\"nofollow noopener\" target=\"_blank\"> Rennes<\/a>. Buvette sur place.<\/p>\n<p>Les partenaires<\/p>\n<p class=\" wall-content\">L\u2019\u00e9v\u00e9nement Art du Sport Sport d\u2019Art est soutenu et subventionn\u00e9 par la R\u00e9gion<a href=\"https:\/\/actu.fr\/normandie\/\" rel=\"nofollow noopener\" target=\"_blank\"> Normandie<\/a>, l\u2019<b>Acad\u00e9mie de Normandie<\/b>, le \u00a0(FDVA), la D\u00e9l\u00e9gation r\u00e9gionale acad\u00e9mique \u00e0 la jeunesse, \u00e0 l\u2019engagement et aux sports.<\/p>\n<p>Entr\u00e9e libre. Pr\u00e9inscription : <a href=\"https:\/\/actu.fr\/cdn-cgi\/l\/email-protection\" class=\"__cf_email__\" data-cfemail=\"19282b28717c75757669706978597e74787075377a7674\" rel=\"nofollow noopener\" target=\"_blank\">[email\u00a0protected]<\/a><\/p>\n<p class=\" wall-content\">Personnalisez votre actualit\u00e9 en ajoutant vos villes et m\u00e9dias en favori avec <a href=\"https:\/\/moncompte.actu.fr\" title=\"D\u00e9couvez Mon Actu\" rel=\"nofollow noopener\" data-trk=\"{&quot;cta&quot;:{&quot;action&quot;:&quot;https:\\\/\\\/moncompte.actu.fr&quot;,&quot;category&quot;:&quot;mon compte&quot;,&quot;from&quot;:&quot;article footer&quot;,&quot;name&quot;:&quot;Mon actu&quot;,&quot;type&quot;:&quot;cta&quot;}}\" target=\"_blank\">Mon Actu<\/a>.<\/p>\n","protected":false},"excerpt":{"rendered":"Par Nathalie Gu\u00e9rin Publi\u00e9 le 28 ao\u00fbt 2026 \u00e0 11h46 L\u2019association Pipa (Passais Institute Performance Art) a re\u00e7u&hellip;\n","protected":false},"author":2,"featured_media":1153837,"comment_status":"","ping_status":"","sticky":false,"template":"","format":"standard","meta":{"footnotes":"","_share_on_mastodon":"0"},"categories":[1355],"tags":[5972,58,59,1011,27,1361,873,13095,104,517],"class_list":["post-1153836","post","type-post","status-publish","format-standard","has-post-thumbnail","category-musique","tag-danse","tag-divertissement","tag-entertainment","tag-fr","tag-france","tag-music","tag-musique","tag-region-normandie","tag-societe","tag-sport"],"share_on_mastodon":{"url":"https:\/\/pubeurope.com\/@fr\/117172767123897072","error":""},"_links":{"self":[{"href":"https:\/\/www.europesays.com\/fr\/wp-json\/wp\/v2\/posts\/1153836","targetHints":{"allow":["GET"]}}],"collection":[{"href":"https:\/\/www.europesays.com\/fr\/wp-json\/wp\/v2\/posts"}],"about":[{"href":"https:\/\/www.europesays.com\/fr\/wp-json\/wp\/v2\/types\/post"}],"author":[{"embeddable":true,"href":"https:\/\/www.europesays.com\/fr\/wp-json\/wp\/v2\/users\/2"}],"replies":[{"embeddable":true,"href":"https:\/\/www.europesays.com\/fr\/wp-json\/wp\/v2\/comments?post=1153836"}],"version-history":[{"count":0,"href":"https:\/\/www.europesays.com\/fr\/wp-json\/wp\/v2\/posts\/1153836\/revisions"}],"wp:featuredmedia":[{"embeddable":true,"href":"https:\/\/www.europesays.com\/fr\/wp-json\/wp\/v2\/media\/1153837"}],"wp:attachment":[{"href":"https:\/\/www.europesays.com\/fr\/wp-json\/wp\/v2\/media?parent=1153836"}],"wp:term":[{"taxonomy":"category","embeddable":true,"href":"https:\/\/www.europesays.com\/fr\/wp-json\/wp\/v2\/categories?post=1153836"},{"taxonomy":"post_tag","embeddable":true,"href":"https:\/\/www.europesays.com\/fr\/wp-json\/wp\/v2\/tags?post=1153836"}],"curies":[{"name":"wp","href":"https:\/\/api.w.org\/{rel}","templated":true}]}}