{"id":1153878,"date":"2026-08-28T11:27:16","date_gmt":"2026-08-28T11:27:16","guid":{"rendered":"https:\/\/www.europesays.com\/fr\/1153878\/"},"modified":"2026-08-28T11:27:16","modified_gmt":"2026-08-28T11:27:16","slug":"cine-en-plein-air-drag-show-soiree-filles-nos-idees-sorties-pour-ce-dernier-week-end-daout-a-rennes","status":"publish","type":"post","link":"https:\/\/www.europesays.com\/fr\/1153878\/","title":{"rendered":"Cin\u00e9 en plein air, drag show, soir\u00e9e filles&#8230; Nos id\u00e9es sorties pour ce dernier week-end d&rsquo;ao\u00fbt \u00e0 Rennes"},"content":{"rendered":"<p>                    Par<br \/>\n        <strong><br \/>\n            <a href=\"https:\/\/actu.fr\/auteur\/romane-rousseau-actu-fr\" title=\"Consulter tous les articles de Romane Rousseau\" rel=\"nofollow noopener\" target=\"_blank\">Romane Rousseau<\/a><br \/>\n                    <\/strong><\/p>\n<p>        Publi\u00e9 le<\/p>\n<p>            28 ao\u00fbt 2026 \u00e0 12h27        <\/p>\n<p>C\u2019est bient\u00f4t la rentr\u00e9e et vous \u00eates d\u2019humeur maussade \u00e0 l\u2019id\u00e9e de reprendre les cours ou le travail\u2009? La r\u00e9daction d\u2019<a href=\"https:\/\/actu.fr\/rennes\/\" rel=\"nofollow noopener\" target=\"_blank\">actu Rennes<\/a> a r\u00e9pertori\u00e9 pour vous<strong> neuf id\u00e9es de sorties dans la capitale bretonne et aux alentours<\/strong>, pour profiter de ce dernier week-end de vacances scolaires, <strong>du vendredi\u00a028 au dimanche 30\u00a0ao\u00fbt 2026.<\/strong><\/p>\n<p>Derni\u00e8re sortie au Blizz d\u2019\u00e9t\u00e9<\/p>\n<p class=\" wall-content\">Pour la quatri\u00e8me \u00e9dition, la patinoire le Blizz a troqu\u00e9 ses habits d\u2019hiver avec ceux d\u2019\u00e9t\u00e9 avec son \u00e9v\u00e9nement <a href=\"https:\/\/actu.fr\/bretagne\/rennes_35238\/patinoire-a-rennes-pas-de-patin-a-glace-au-blizz-cet-ete-voici-pourquoi_64415804.html\" rel=\"nofollow noopener\" target=\"_blank\">le Blizz d\u2019\u00e9t\u00e9<\/a>. Pour la<strong> derni\u00e8re apr\u00e8s-midi, vendredi 28\u00a0ao\u00fbt<\/strong>, venez de <strong>14h \u00e0 18h<\/strong> faire du patin \u00e0 roulettes ou du roller sur la piste de 1\u2009745m2.<\/p>\n<p class=\" wall-content\">\u00ab\u2009<strong>Des activit\u00e9s sont mises \u00e0 votre disposition<\/strong> pour une pause ludique, entre deux s\u00e9ances de patinage (cornhole, \u00e9checs, dames et puissance 4, badminton, hockey balle, ping-pong)\u2009\u00bb, pr\u00e9cise le Blizz.<\/p>\n<p>Tarif plein avec location de patins\u2009: 7,20\u00a0euros. Sans location de patins\u2009: 3,60\u00a0euros.<\/p>\n<p><a href=\"https:\/\/www.instagram.com\/p\/DcbT46DHO0o\/embed\" title=\"Ouvrir le lien sur Instagram\" rel=\"nofollow noopener\" target=\"_blank\">Visualiser le contenu sur Instagram<\/a><\/p>\n<p>Soir\u00e9e Drag Show<\/p>\n<p class=\" wall-content\"><strong>Vendredi 28\u00a0ao\u00fbt,<\/strong> le \u00ab\u2009tiers-lieu agriculturel\u2009\u00bb <a href=\"https:\/\/labassecour.org\/\" rel=\"nofollow noopener\" target=\"_blank\">la Basse-cour<\/a> accueille <strong>la drag-queen Marie-Babette et sa troupe d\u2019artistes<\/strong> pour une soir\u00e9e cabaret drag. Au programme\u2009: burlesque, stand-up, danse\u2026 et tout \u00e7a<strong> \u00e0 prix libre, de 20h30 \u00e0 23h.<\/strong><\/p>\n<p>Cin\u00e9 en plein air avec\u00a0Moonrise Kingdom<\/p>\n<p class=\" wall-content\"><strong>Le parc de Br\u00e9quigny<\/strong> accueille<strong> vendredi 28\u00a0ao\u00fbt<\/strong> un <a href=\"https:\/\/ete.rennes.fr\/agenda\/event\/cines-plein-air-moonrise-kingdom\/\" rel=\"nofollow noopener\" target=\"_blank\">cin\u00e9ma plein air<\/a> avec le film Moonrise Kingdom. Venez (re) d\u00e9couvrir <strong>gratuitement<\/strong> ce film de Wes Anderson sous les \u00e9toiles<strong> \u00e0 21h30.<\/strong> Pensez \u00e0 apporter un plaid, une couverture ou un transat pour plus de confort\u2009!<\/p>\n<p>En cas de m\u00e9t\u00e9o d\u00e9favorable, consultez les pages Instagram et Facebook de Cet \u00e9t\u00e9 \u00e0 Rennes ainsi que ete.rennes.fr avant votre venue.<\/p>\n<p>Soir\u00e9e Mamans &amp; ses copines<\/p>\n<p class=\" wall-content\">Envie d\u2019une soir\u00e9e r\u00e9serv\u00e9e aux femmes o\u00f9 le programme est simple\u2009: danser \u00ab\u2009sans charge mentale\u2009\u00bb\u2009? <strong>Le Caf\u00e9 Saint-Jacques<\/strong> accueille la soir\u00e9e Mamans &amp; ses copines, organis\u00e9e par Mamma Mia, <strong>vendredi 28\u00a0ao\u00fbt, de 19h30 \u00e0 00h30.<\/strong><\/p>\n<p class=\" wall-content\">Cette troisi\u00e8me \u00e9dition qui se d\u00e9roule \u00e0 <a href=\"https:\/\/actu.fr\/bretagne\/saint-jacques-de-la-lande_35281\" rel=\"nofollow noopener\" target=\"_blank\">Saint-Jacques-de-la-Lande<\/a> est pens\u00e9e pour les m\u00e8res, mais est<strong> ouverte \u00e0 toutes<\/strong>. Profitez d\u2019une ambiance ann\u00e9es 1990\/2000 avec C\u00e9line Dion, ABBA, Britney Spears\u2026<\/p>\n<p>Entr\u00e9e 15\u00a0euros avec un verre offert. Sur r\u00e9servation <a href=\"https:\/\/shotgun.live\/en\/events\/rennes-vendredi-28-aout-mamans-ses-copines\" rel=\"nofollow noopener\" target=\"_blank\">via le site Shotgun.<\/a>Summer market au caf\u00e9 l\u2019\u00c9maillerie<\/p>\n<p class=\" wall-content\">Le <strong><a href=\"https:\/\/lemaillerierennes.com\/\" rel=\"nofollow noopener\" target=\"_blank\">caf\u00e9 c\u00e9ramique l\u2019\u00c9maillerie<\/a> <\/strong>organise,<strong> vendredi\u00a028 et samedi 29\u00a0ao\u00fbt, de 15h \u00e0 20h<\/strong>, la troisi\u00e8me \u00e9dition de leur Summer market. \u00ab\u2009De nombreux cr\u00e9ateurs et cr\u00e9atrices, principalement made in Breizh\u2009\u00bb viennent faire d\u00e9couvrir leur travail, comme Estrella Couture, Sarah Tattoo de Semilla ou Lunaria Bijoux.<\/p>\n<p class=\" wall-content\">Parall\u00e8lement, se tiendra une<strong> braderie de pi\u00e8ces de c\u00e9ramique<\/strong> d\u00e9cor\u00e9es\/peintes par l\u2019\u00e9quipe du caf\u00e9 tout au long de l\u2019ann\u00e9e (pi\u00e8ces avec de petits d\u00e9fauts) ou des pi\u00e8ces qui n\u2019ont jamais \u00e9t\u00e9 r\u00e9cup\u00e9r\u00e9es par les clients. \u00ab\u2009Les tarifs vont de <strong>2\u00a0euros \u00e0 12\u00a0euros<\/strong>\u00a0pour les plus belles pi\u00e8ces.\u2009\u00bb<\/p>\n<p>Entr\u00e9e libre.<\/p>\n<p><a href=\"https:\/\/www.instagram.com\/p\/DbEJ1DCCbej\/embed\" title=\"Ouvrir le lien sur Instagram\" rel=\"nofollow noopener\" target=\"_blank\">Visualiser le contenu sur Instagram<\/a><\/p>\n<p>Open air Back to School<\/p>\n<p class=\" wall-content\">Avant la rentr\u00e9e, venez profiter d\u2019un open air sp\u00e9cial ann\u00e9e 2000-2015 au <strong>Morex Custom House, samedi 29\u00a0ao\u00fbt. De 18h \u00e0 1h<\/strong>, venez danser sur du Rihanna, Diam\u2019s, Ma\u00eetre Gims, Macklemore\u2026 C\u2019est RICH, le DJ officiel de la Boom, qui sera derri\u00e8re les platines.<\/p>\n<p>Gratuit. Billet sur <a href=\"https:\/\/shotgun.live\/fr\/events\/open-air-back-to-school-gratuit-morex-custom-house\" rel=\"nofollow noopener\" target=\"_blank\">Shotgun<\/a>.Les Estivales de l\u2019orgue<\/p>\n<p class=\" wall-content\">Pour les 30\u00a0ans du festival, l\u2019<strong>\u00c9glise Saint-Paul<\/strong> accueille la violoniste Emmanuelle Dauvin, <strong>dimanche 30\u00a0ao\u00fbt, de 16h \u00e0 17h30<\/strong>. \u00ab\u2009Elle s\u2019accompagne elle-m\u00eame en jouant sur un p\u00e9dalier d\u2019orgue \u2013 c\u2019est l\u2019OVNI Baroque\u2009\u00bb, indique l\u2019organisation.<\/p>\n<p class=\" wall-content\">Heather Newhouse l\u2019accompagnera au chant. Les deux femmes revisiteront<strong> les cantates de Bach pour clore les <a href=\"https:\/\/ete.rennes.fr\/agenda\/event\/les-estivales-de-lorgue-lovni-baroque\/\" rel=\"nofollow noopener\" target=\"_blank\">Estivales de l\u2019orgue<\/a>.<\/strong><\/p>\n<p>Prix libre.<\/p>\n<p>Initiation yoga au Grand Huit<\/p>\n<p class=\" wall-content\"><strong>Dimanche 30\u00a0ao\u00fbt<\/strong>, au bar \u00e0 l\u2019ambiance de f\u00eate foraine Le<strong><a href=\"https:\/\/legrandhuit-rennes.fr\/\" rel=\"nofollow noopener\" target=\"_blank\">\u00a0Grand Huit<\/a>, <\/strong>venez d\u00e9couvrir le Hatha Holistic Yoga avec Caroline Surya Ragazza. Accessible \u00e0 tous les niveaux, cette s\u00e9ance de d\u00e9couverte <strong>d\u00e9bute \u00e0 10h15<\/strong>. Pensez \u00e0 amener un tapis ainsi qu\u2019un par\u00e9o ou une petite couverture.<\/p>\n<p>Inscription <a href=\"https:\/\/www.billetweb.fr\/initiation-yoga-avec-caroline-surya-ragazza\" rel=\"nofollow noopener\" target=\"_blank\">sur le site du Grand Huit<\/a>. Initiation seule\u2009: 12\u00a0euros. Initiation +\u00a0repas +\u00a0une boisson\u2009: 23\u00a0euros.<\/p>\n<p class=\" wall-content\"><a href=\"https:\/\/www.instagram.com\/p\/DcgkK7vlz41\/embed\" title=\"Ouvrir le lien sur Instagram\" rel=\"nofollow noopener\" target=\"_blank\">Visualiser le contenu sur Instagram<\/a><\/p>\n<p>Tournoi de p\u00e9tanque<\/p>\n<p class=\" wall-content\">Pour clore le week-end, la Capitainerie des P\u2019tits Bateaux, <strong>aux Prairies Saint-Martin<\/strong>, accueille un tournoi de p\u00e9tanque <strong>dimanche 30\u00a0ao\u00fbt<\/strong>. \u00ab\u2009Que tu sois tireur d\u2019\u00e9lite ou champion du cochonnet improvis\u00e9, viens tenter ta chance\u2009: des lots pour les trois meilleures doublettes sont \u00e0 gagner\u2009!\u2009\u00bb, assure <a href=\"https:\/\/www.instagram.com\/association.roazhonfusion\/\" rel=\"nofollow noopener\" target=\"_blank\">Roazhon Fusion<\/a>, l\u2019association organisatrice.<\/p>\n<p>Pointage \u00e0 13h30. 10\u20ac par doublette. 12 doublettes maximum.<\/p>\n<p class=\" wall-content\">Personnalisez votre actualit\u00e9 en ajoutant vos villes et m\u00e9dias en favori avec <a href=\"https:\/\/moncompte.actu.fr\" title=\"D\u00e9couvez Mon Actu\" rel=\"nofollow noopener\" data-trk=\"{&quot;cta&quot;:{&quot;action&quot;:&quot;https:\\\/\\\/moncompte.actu.fr&quot;,&quot;category&quot;:&quot;mon compte&quot;,&quot;from&quot;:&quot;article footer&quot;,&quot;name&quot;:&quot;Mon actu&quot;,&quot;type&quot;:&quot;cta&quot;}}\" target=\"_blank\">Mon Actu<\/a>.<\/p>\n<p>                    <script async src=\"\/\/www.instagram.com\/embed.js\"><\/script><\/p>\n","protected":false},"excerpt":{"rendered":"Par Romane Rousseau Publi\u00e9 le 28 ao\u00fbt 2026 \u00e0 12h27 C\u2019est bient\u00f4t la rentr\u00e9e et vous \u00eates d\u2019humeur&hellip;\n","protected":false},"author":2,"featured_media":1153879,"comment_status":"","ping_status":"","sticky":false,"template":"","format":"standard","meta":{"footnotes":"","_share_on_mastodon":"0"},"categories":[2821],"tags":[1111,11,829,1697,31700,1777,674,1011,27,1305,2089,12,584,25],"class_list":["post-1153878","post","type-post","status-publish","format-standard","has-post-thumbnail","category-rennes","tag-actu","tag-actualites","tag-bretagne","tag-concert","tag-ete-a-rennes","tag-eu","tag-europe","tag-fr","tag-france","tag-lifestyle","tag-marche","tag-news","tag-rennes","tag-republique-francaise"],"share_on_mastodon":{"url":"https:\/\/pubeurope.com\/@fr\/117172898832364765","error":""},"_links":{"self":[{"href":"https:\/\/www.europesays.com\/fr\/wp-json\/wp\/v2\/posts\/1153878","targetHints":{"allow":["GET"]}}],"collection":[{"href":"https:\/\/www.europesays.com\/fr\/wp-json\/wp\/v2\/posts"}],"about":[{"href":"https:\/\/www.europesays.com\/fr\/wp-json\/wp\/v2\/types\/post"}],"author":[{"embeddable":true,"href":"https:\/\/www.europesays.com\/fr\/wp-json\/wp\/v2\/users\/2"}],"replies":[{"embeddable":true,"href":"https:\/\/www.europesays.com\/fr\/wp-json\/wp\/v2\/comments?post=1153878"}],"version-history":[{"count":0,"href":"https:\/\/www.europesays.com\/fr\/wp-json\/wp\/v2\/posts\/1153878\/revisions"}],"wp:featuredmedia":[{"embeddable":true,"href":"https:\/\/www.europesays.com\/fr\/wp-json\/wp\/v2\/media\/1153879"}],"wp:attachment":[{"href":"https:\/\/www.europesays.com\/fr\/wp-json\/wp\/v2\/media?parent=1153878"}],"wp:term":[{"taxonomy":"category","embeddable":true,"href":"https:\/\/www.europesays.com\/fr\/wp-json\/wp\/v2\/categories?post=1153878"},{"taxonomy":"post_tag","embeddable":true,"href":"https:\/\/www.europesays.com\/fr\/wp-json\/wp\/v2\/tags?post=1153878"}],"curies":[{"name":"wp","href":"https:\/\/api.w.org\/{rel}","templated":true}]}}