{"id":1153919,"date":"2026-08-28T12:06:20","date_gmt":"2026-08-28T12:06:20","guid":{"rendered":"https:\/\/www.europesays.com\/fr\/1153919\/"},"modified":"2026-08-28T12:06:20","modified_gmt":"2026-08-28T12:06:20","slug":"invasion-de-lukraine-zelensky-un-bombardier-de-grande-envergure-attaque-en-profondeur-en-russie","status":"publish","type":"post","link":"https:\/\/www.europesays.com\/fr\/1153919\/","title":{"rendered":"Invasion de l&rsquo;Ukraine &#8211; Zelensky: un bombardier de grande envergure attaqu\u00e9 en profondeur en Russie"},"content":{"rendered":"<p><img decoding=\"async\" class=\"w-full object-contain\" style=\"aspect-ratio:150 \/ 100;opacity:1\" alt=\"Invasion de l'Ukraine - Zelensky: un bombardier de grande envergure attaqu\u00e9 en profondeur en Russie\" width=\"512\" height=\"341\" fetchpriority=\"high\" src=\"https:\/\/www.europesays.com\/fr\/wp-content\/uploads\/2026\/08\/YKKYWJJ63VB7ZOWIXJBNPPWZ4M.jpg\"  \/><\/p>\n<p class=\"ap-StoryElement ap-StoryElement--mb ap-StoryText\">Une raffinerie de p\u00e9trole \u00e0 Iaroslavl, ville et r\u00e9gion du m\u00eame nom, situ\u00e9e au nord-est de Moscou, \u00e0 environ 1.000 kilom\u00e8tres du front, a \u00e9galement \u00e9t\u00e9 vis\u00e9e. \u00ab\u00a0Tout cela est une riposte \u00e0 leurs attaques\u00a0\u00bb, \u00e9crit Zelensky, faisant r\u00e9f\u00e9rence aux bombardements et frappes de drones russes en cours.<\/p>\n<p class=\"ap-StoryElement ap-StoryElement--mb ap-StoryText\">L&rsquo;arm\u00e9e de l&rsquo;air ukrainienne a annonc\u00e9 plus t\u00f4t dans la nuit de jeudi \u00e0 vendredi avoir intercept\u00e9 137 drones. Des impacts ont \u00e9t\u00e9 signal\u00e9s sur seize sites, a-t-elle ajout\u00e9, sans faire \u00e9tat de d\u00e9g\u00e2ts. Parmi les cibles figuraient des entrep\u00f4ts appartenant \u00e0 Nova Post, important transporteur postal de la r\u00e9gion de Kiev.<\/p>\n","protected":false},"excerpt":{"rendered":"Une raffinerie de p\u00e9trole \u00e0 Iaroslavl, ville et r\u00e9gion du m\u00eame nom, situ\u00e9e au nord-est de Moscou, \u00e0&hellip;\n","protected":false},"author":2,"featured_media":2837,"comment_status":"","ping_status":"","sticky":false,"template":"","format":"standard","meta":{"footnotes":"","_share_on_mastodon":"0"},"categories":[1590],"tags":[11,2120,554,1777,674,1146,12,132,220],"class_list":["post-1153919","post","type-post","status-publish","format-standard","has-post-thumbnail","category-ukraine","tag-actualites","tag-conflit","tag-defense","tag-eu","tag-europe","tag-guerre","tag-news","tag-russie","tag-ukraine"],"share_on_mastodon":{"url":"https:\/\/pubeurope.com\/@fr\/117173054284900013","error":""},"_links":{"self":[{"href":"https:\/\/www.europesays.com\/fr\/wp-json\/wp\/v2\/posts\/1153919","targetHints":{"allow":["GET"]}}],"collection":[{"href":"https:\/\/www.europesays.com\/fr\/wp-json\/wp\/v2\/posts"}],"about":[{"href":"https:\/\/www.europesays.com\/fr\/wp-json\/wp\/v2\/types\/post"}],"author":[{"embeddable":true,"href":"https:\/\/www.europesays.com\/fr\/wp-json\/wp\/v2\/users\/2"}],"replies":[{"embeddable":true,"href":"https:\/\/www.europesays.com\/fr\/wp-json\/wp\/v2\/comments?post=1153919"}],"version-history":[{"count":0,"href":"https:\/\/www.europesays.com\/fr\/wp-json\/wp\/v2\/posts\/1153919\/revisions"}],"wp:featuredmedia":[{"embeddable":true,"href":"https:\/\/www.europesays.com\/fr\/wp-json\/wp\/v2\/media\/2837"}],"wp:attachment":[{"href":"https:\/\/www.europesays.com\/fr\/wp-json\/wp\/v2\/media?parent=1153919"}],"wp:term":[{"taxonomy":"category","embeddable":true,"href":"https:\/\/www.europesays.com\/fr\/wp-json\/wp\/v2\/categories?post=1153919"},{"taxonomy":"post_tag","embeddable":true,"href":"https:\/\/www.europesays.com\/fr\/wp-json\/wp\/v2\/tags?post=1153919"}],"curies":[{"name":"wp","href":"https:\/\/api.w.org\/{rel}","templated":true}]}}