{"id":1153928,"date":"2026-08-28T12:13:16","date_gmt":"2026-08-28T12:13:16","guid":{"rendered":"https:\/\/www.europesays.com\/fr\/1153928\/"},"modified":"2026-08-28T12:13:16","modified_gmt":"2026-08-28T12:13:16","slug":"2-heures-dinstagram-par-jour-les-restrictions-de-meta-peuvent-elles-arriver-en-france","status":"publish","type":"post","link":"https:\/\/www.europesays.com\/fr\/1153928\/","title":{"rendered":"2 heures d&rsquo;Instagram par jour : les restrictions de Meta peuvent-elles arriver en France ?"},"content":{"rendered":"<p>Meta a sign\u00e9 un accord aux \u00c9tats-unis qui pr\u00e9voit un blocage d\u2019Instagram et Facebook pour les mineurs. Deux heures par jour, pas d\u2019acc\u00e8s apr\u00e8s minuit et aucune notification pendant les cours, l\u2019Union europ\u00e9enne invite l\u2019entreprise de Mark Zuckerberg \u00e0 \u201cprot\u00e9ger nos enfants\u201d.<\/p>\n<p>Pour \u00e9viter le proc\u00e8s, Meta a mis la main au portefeuille\u2026 et accept\u00e9 <a href=\"https:\/\/www.journaldugeek.com\/2026\/08\/27\/proces-historique-aux-us-meta-accepte-de-restreindre-instagram-et-facebook-pour-les-mineurs\/\" target=\"_blank\" rel=\"false noopener nofollow\">d\u2019adapter l\u2019usage de ses applications<\/a> pour les mineurs. Dans une majorit\u00e9 des \u00c9tats am\u00e9ricains, Instagram et Facebook seront bient\u00f4t limit\u00e9s \u00e0 deux heures par jour, inaccessibles apr\u00e8s minuit et n\u2019enverront plus de notifications dans la journ\u00e9e. Des mesures ayant pour objectif de prot\u00e9ger les adolescents alors que les Facebook Files avaient r\u00e9v\u00e9l\u00e9 la dangerosit\u00e9 des applications de l\u2019entreprise de Mark Zuckerberg.<\/p>\n<p>Forc\u00e9ment, de telles mesures outre-Atlantique interrogent sur la situation en France et \u00e0 l\u2019\u00e9chelle europ\u00e9enne. Dans un article de l\u2019AFP et BFM, un porte-parole de l\u2019Union europ\u00e9enne invite Meta \u00e0 s\u2019inqui\u00e9ter aussi de la situation des enfants europ\u00e9ens. \u201cNous attendons une gestion ad\u00e9quate du temps pass\u00e9 devant les \u00e9crans, un contr\u00f4le parental appropri\u00e9 sur ces plateformes. Il appartient d\u00e9sormais aux entreprises de proposer ces engagements au sein de l\u2019Union europ\u00e9enne afin de prot\u00e9ger aussi nos enfants ici\u201d.\u00a0<\/p>\n<p> Bient\u00f4t des restrictions en France et en Europe\u00a0? <\/p>\n<p>La protection des adolescents face au caract\u00e8re addictif des r\u00e9seaux sociaux et la potentielle dangerosit\u00e9 des contenus est aussi \u00e0 l\u2019\u00e9picentre des projets du gouvernement fran\u00e7ais. Mais cet \u00e9t\u00e9, l\u2019interdiction pure et simple des r\u00e9seaux sociaux aux moins de 15 ans dans la l\u00e9gislation <a href=\"https:\/\/www.journaldugeek.com\/2026\/08\/17\/reseaux-sociaux-interdits-aux-mineurs-le-conseil-constitutionnel-torpille-la-mesure-phare-de-macron\/\" target=\"_blank\" rel=\"false noopener nofollow\">a \u00e9t\u00e9 censur\u00e9e par le Conseil<\/a> constitutionnel au nom de la libert\u00e9 d\u2019expression. Emmanuel Macron a charg\u00e9 son premier ministre, S\u00e9bastien Lecornu de retravailler le texte. \u00c0 l\u2019heure actuelle, l\u2019ex\u00e9cutif esp\u00e8re aboutir \u00e0 cette r\u00e9forme \u201cd\u2019ici au printemps 2027\u201d.\u00a0<\/p>\n<p>De son c\u00f4t\u00e9, le Conseil constitutionnel expliquait que cette interdiction, dans la mani\u00e8re dont elle a \u00e9t\u00e9 pr\u00e9sent\u00e9e, \u00e9tait \u201csusceptible de s\u2019appliquer \u00e0 des services de communication en ligne dont les risques pour la sant\u00e9 et la s\u00e9curit\u00e9 des mineurs ne sont pas \u00e9tablis\u201d.<\/p>\n<p> Un \u201cacc\u00e8s progressif et gradu\u00e9\u201d <\/p>\n<p>\u00c0 l\u2019\u00e9chelle europ\u00e9enne, la pr\u00e9sidente de la Commission, Ursula von der Leyen, pourrait \u00e9voquer le cas des r\u00e9seaux sociaux et des mineurs lors de son discours sur l\u2019\u00e9tat de l\u2019Union, pr\u00e9cise l\u2019AFP. Pour l\u2019instant, l\u2019UE envisage d\u2019instaurer un acc\u00e8s \u201cprogressif et gradu\u00e9\u201d des enfants et des adolescents sur les plateformes, comme le pr\u00e9conisent les experts commandit\u00e9s.<\/p>\n<p>Le comit\u00e9 pr\u00e9sid\u00e9 par l\u2019\u00e9pid\u00e9miologiste fran\u00e7aise Maria Melchior et l\u2019universitaire allemand J\u00f6rg Fegert avait propos\u00e9 d\u2019interdire les r\u00e9seaux sociaux et autres services en ligne aux moins de 13 ans \u00e0 l\u2019\u00e9chelle europ\u00e9enne. Des mesures qui concernaient aussi les assistants d\u2019intelligence artificielle, sauf pour des p\u00e9riodes limit\u00e9es et sous la supervision d\u2019un parent ou d\u2019un cadre \u00e9ducatif.<\/p>\n<p>Pour les 13-18 ans, il sera question d\u2019autoriser l\u2019acc\u00e8s aux seules plateformes ayant mis en place des syst\u00e8mes de v\u00e9rification d\u2019\u00e2ge efficace et qui ont d\u00e9montr\u00e9 qu\u2019elles sont s\u00fbres par conception. Concr\u00e8tement, les plateformes devraient montrer patte blanche et supprimer leurs fonctionnalit\u00e9s les plus addictives.<\/p>\n<p>\u00c0 18 ans, les citoyens europ\u00e9ens obtiendraient leur \u201cmajorit\u00e9 num\u00e9rique compl\u00e8te\u201d et pourraient utiliser les r\u00e9seaux sociaux et plateformes en ligne en compl\u00e8te autonomie, mais toujours avec une v\u00e9rification d\u2019\u00e2ge pour acc\u00e9der aux sites pour adultes. Rien n\u2019est donc encore jou\u00e9 et la question continuera d\u2019\u00eatre au c\u0153ur des discussions en France et \u00e0 l\u2019\u00e9chelle de l\u2019Union europ\u00e9enne. Rappelons que, selon M\u00e9diam\u00e9trie, en 2026, les adolescents entre 11 et 14 ans passent presque deux heures par jours sur les r\u00e9seaux sociaux et les messageries instantan\u00e9es.<\/p>\n","protected":false},"excerpt":{"rendered":"Meta a sign\u00e9 un accord aux \u00c9tats-unis qui pr\u00e9voit un blocage d\u2019Instagram et Facebook pour les mineurs. Deux&hellip;\n","protected":false},"author":2,"featured_media":1153929,"comment_status":"","ping_status":"","sticky":false,"template":"","format":"standard","meta":{"footnotes":"","_share_on_mastodon":"0"},"categories":[1586],"tags":[11,1084,1777,674,1779,4688,1011,27,2440,12,25,938,1778,364],"class_list":["post-1153928","post","type-post","status-publish","format-standard","has-post-thumbnail","category-europe","tag-actualites","tag-adolescent","tag-eu","tag-europe","tag-european-union","tag-facebook","tag-fr","tag-france","tag-instagram","tag-news","tag-republique-francaise","tag-reseaux-sociaux","tag-ue","tag-union-europeenne"],"share_on_mastodon":{"url":"https:\/\/pubeurope.com\/@fr\/117173079760689975","error":""},"_links":{"self":[{"href":"https:\/\/www.europesays.com\/fr\/wp-json\/wp\/v2\/posts\/1153928","targetHints":{"allow":["GET"]}}],"collection":[{"href":"https:\/\/www.europesays.com\/fr\/wp-json\/wp\/v2\/posts"}],"about":[{"href":"https:\/\/www.europesays.com\/fr\/wp-json\/wp\/v2\/types\/post"}],"author":[{"embeddable":true,"href":"https:\/\/www.europesays.com\/fr\/wp-json\/wp\/v2\/users\/2"}],"replies":[{"embeddable":true,"href":"https:\/\/www.europesays.com\/fr\/wp-json\/wp\/v2\/comments?post=1153928"}],"version-history":[{"count":0,"href":"https:\/\/www.europesays.com\/fr\/wp-json\/wp\/v2\/posts\/1153928\/revisions"}],"wp:featuredmedia":[{"embeddable":true,"href":"https:\/\/www.europesays.com\/fr\/wp-json\/wp\/v2\/media\/1153929"}],"wp:attachment":[{"href":"https:\/\/www.europesays.com\/fr\/wp-json\/wp\/v2\/media?parent=1153928"}],"wp:term":[{"taxonomy":"category","embeddable":true,"href":"https:\/\/www.europesays.com\/fr\/wp-json\/wp\/v2\/categories?post=1153928"},{"taxonomy":"post_tag","embeddable":true,"href":"https:\/\/www.europesays.com\/fr\/wp-json\/wp\/v2\/tags?post=1153928"}],"curies":[{"name":"wp","href":"https:\/\/api.w.org\/{rel}","templated":true}]}}