{"id":1153993,"date":"2026-08-28T13:05:17","date_gmt":"2026-08-28T13:05:17","guid":{"rendered":"https:\/\/www.europesays.com\/fr\/1153993\/"},"modified":"2026-08-28T13:05:17","modified_gmt":"2026-08-28T13:05:17","slug":"en-direct-football-tirage-ligue-europa-du-lourd-pour-lom-des-retrouvailles-avec-sage-pour-lol-rennes-bien-loti","status":"publish","type":"post","link":"https:\/\/www.europesays.com\/fr\/1153993\/","title":{"rendered":"En direct Football. Tirage Ligue Europa\u00a0:\u00a0du lourd pour l&rsquo;OM, des retrouvailles avec Sage pour l&rsquo;OL, Rennes bien loti"},"content":{"rendered":"<p>\u00ab\u00a0C&rsquo;est particulier de revenir en Europe d\u00e9j\u00e0, on est heureux d&rsquo;\u00eatre l\u00e0. Pour le tirage \u00e7a aurait pu \u00eatre pire. On va se poser et regarder tout \u00e7a avec Lo\u00efc (D\u00e9sir\u00e9, le directeur sportif, ndlr) et Franck (Haise). On a \u00e9vit\u00e9 les clubs anglais, on les regardait avec appr\u00e9hension\u00a0\u00bb, a r\u00e9agi le pr\u00e9sident ex\u00e9cutif du Stade Rennais Arnaud Pouille.<\/p>\n<p>\u00ab\u00a0Pour les nostalgiques du club, on a d\u00e9j\u00e0 jou\u00e9 face \u00e0 la Juventus en 1999 je crois. On n&rsquo;avait pas eu l&rsquo;honneur de jouer dans leur stade. Pour les nostalgiques \u00e7a va rappeler plein de choses\u00a0\u00bb, a-t-il ajout\u00e9.<\/p>\n<p>Il a ensuite \u00e9voqu\u00e9 le possible transfert de Djaoui Ciss\u00e9. \u00ab\u00a0Il y a des discussions en cours \u00bb, a-t-il confirm\u00e9.<\/p>\n","protected":false},"excerpt":{"rendered":"\u00ab\u00a0C&rsquo;est particulier de revenir en Europe d\u00e9j\u00e0, on est heureux d&rsquo;\u00eatre l\u00e0. Pour le tirage \u00e7a aurait pu&hellip;\n","protected":false},"author":2,"featured_media":1153994,"comment_status":"","ping_status":"","sticky":false,"template":"","format":"standard","meta":{"footnotes":"","_share_on_mastodon":"0"},"categories":[2821],"tags":[1111,11,885,829,1777,674,107,1701,63,1011,27,2428,884,12,9442,7862,584,25,2429,517,1947],"class_list":["post-1153993","post","type-post","status-publish","format-standard","has-post-thumbnail","category-rennes","tag-actu","tag-actualites","tag-bouches-du-rhone","tag-bretagne","tag-eu","tag-europe","tag-fil-info","tag-fil-info-sport","tag-football","tag-fr","tag-france","tag-lyon","tag-marseille","tag-news","tag-ol-olympique-lyonnais","tag-om-olympique-de-marseille","tag-rennes","tag-republique-francaise","tag-rhone","tag-sport","tag-sport-national"],"share_on_mastodon":{"url":"https:\/\/pubeurope.com\/@fr\/117173284315468398","error":""},"_links":{"self":[{"href":"https:\/\/www.europesays.com\/fr\/wp-json\/wp\/v2\/posts\/1153993","targetHints":{"allow":["GET"]}}],"collection":[{"href":"https:\/\/www.europesays.com\/fr\/wp-json\/wp\/v2\/posts"}],"about":[{"href":"https:\/\/www.europesays.com\/fr\/wp-json\/wp\/v2\/types\/post"}],"author":[{"embeddable":true,"href":"https:\/\/www.europesays.com\/fr\/wp-json\/wp\/v2\/users\/2"}],"replies":[{"embeddable":true,"href":"https:\/\/www.europesays.com\/fr\/wp-json\/wp\/v2\/comments?post=1153993"}],"version-history":[{"count":0,"href":"https:\/\/www.europesays.com\/fr\/wp-json\/wp\/v2\/posts\/1153993\/revisions"}],"wp:featuredmedia":[{"embeddable":true,"href":"https:\/\/www.europesays.com\/fr\/wp-json\/wp\/v2\/media\/1153994"}],"wp:attachment":[{"href":"https:\/\/www.europesays.com\/fr\/wp-json\/wp\/v2\/media?parent=1153993"}],"wp:term":[{"taxonomy":"category","embeddable":true,"href":"https:\/\/www.europesays.com\/fr\/wp-json\/wp\/v2\/categories?post=1153993"},{"taxonomy":"post_tag","embeddable":true,"href":"https:\/\/www.europesays.com\/fr\/wp-json\/wp\/v2\/tags?post=1153993"}],"curies":[{"name":"wp","href":"https:\/\/api.w.org\/{rel}","templated":true}]}}