{"id":1154003,"date":"2026-08-28T13:12:35","date_gmt":"2026-08-28T13:12:35","guid":{"rendered":"https:\/\/www.europesays.com\/fr\/1154003\/"},"modified":"2026-08-28T13:12:35","modified_gmt":"2026-08-28T13:12:35","slug":"saint-sebastien-sur-loire-pere-et-fils-exposent-du-5-au-11-septembre","status":"publish","type":"post","link":"https:\/\/www.europesays.com\/fr\/1154003\/","title":{"rendered":"Saint-S\u00e9bastien-sur-Loire. P\u00e8re et fils exposent du 5 au 11\u00a0septembre"},"content":{"rendered":"<p>Les auteurs de cette exposition sont le p\u00e8re, Pierre Eri\u00e9, et son fils, Tiji.<\/p>\n<p>Sans retouche, Pierre Eri\u00e9 s\u2019attache \u00e0 r\u00e9v\u00e9ler l\u2019alt\u00e9ration, par la nature, des surfaces cr\u00e9\u00e9es par les humains et en tire une vision esth\u00e9tique. Du gros plan, allant parfois jusqu\u2019\u00e0 l\u2019abstraction, il r\u00e9v\u00e8le la mati\u00e8re\u00a0: rouille, peinture \u00e9caill\u00e9e, lichens ou encore reflets. Il puise son inspiration dans cette qu\u00eate de la d\u00e9finition du beau.<\/p>\n<p>En miroir, son fils Tiji sublime l\u2019\u0153uvre humaine \u00e0 travers l\u2019architecture. En isolant les ar\u00eates, les r\u00e9p\u00e9titions de fa\u00e7ades et les points de fuite, il rend hommage \u00e0 la pr\u00e9cision des b\u00e2tisseurs. La verticalit\u00e9 devient ainsi le langage universel de notre modernit\u00e9. Son objectif saisit l\u2019intention esth\u00e9tique de l\u2019architecte.<\/p>\n<p>Toutes les photographies expos\u00e9es sont propos\u00e9es \u00e0 la vente.<\/p>\n<p>Pratique\u00a0: exposition du 5 au 11\u00a0septembre \u00e0 la gare d\u2019Anjou, de 10\u00a0h \u00e0 12\u00a0h\u00a030 et de 15\u00a0h \u00e0 20\u00a0h. Entr\u00e9e libre.<\/p>\n<p>\u00a0<\/p>\n","protected":false},"excerpt":{"rendered":"Les auteurs de cette exposition sont le p\u00e8re, Pierre Eri\u00e9, et son fils, Tiji. Sans retouche, Pierre Eri\u00e9&hellip;\n","protected":false},"author":2,"featured_media":1154004,"comment_status":"","ping_status":"","sticky":false,"template":"","format":"standard","meta":{"footnotes":"","_share_on_mastodon":"0"},"categories":[2818],"tags":[7560,9638,1111,11,1777,674,11541,1742,1011,27,766,12,2636,6552,25,3524,395],"class_list":["post-1154003","post","type-post","status-publish","format-standard","has-post-thumbnail","category-nantes","tag-7560","tag-9638","tag-actu","tag-actualites","tag-eu","tag-europe","tag-exposent","tag-fils","tag-fr","tag-france","tag-nantes","tag-news","tag-pays-de-la-loire","tag-pere","tag-republique-francaise","tag-saint-sebastien-sur-loire","tag-septembre"],"share_on_mastodon":{"url":"https:\/\/pubeurope.com\/@fr\/117173311655056511","error":""},"_links":{"self":[{"href":"https:\/\/www.europesays.com\/fr\/wp-json\/wp\/v2\/posts\/1154003","targetHints":{"allow":["GET"]}}],"collection":[{"href":"https:\/\/www.europesays.com\/fr\/wp-json\/wp\/v2\/posts"}],"about":[{"href":"https:\/\/www.europesays.com\/fr\/wp-json\/wp\/v2\/types\/post"}],"author":[{"embeddable":true,"href":"https:\/\/www.europesays.com\/fr\/wp-json\/wp\/v2\/users\/2"}],"replies":[{"embeddable":true,"href":"https:\/\/www.europesays.com\/fr\/wp-json\/wp\/v2\/comments?post=1154003"}],"version-history":[{"count":0,"href":"https:\/\/www.europesays.com\/fr\/wp-json\/wp\/v2\/posts\/1154003\/revisions"}],"wp:featuredmedia":[{"embeddable":true,"href":"https:\/\/www.europesays.com\/fr\/wp-json\/wp\/v2\/media\/1154004"}],"wp:attachment":[{"href":"https:\/\/www.europesays.com\/fr\/wp-json\/wp\/v2\/media?parent=1154003"}],"wp:term":[{"taxonomy":"category","embeddable":true,"href":"https:\/\/www.europesays.com\/fr\/wp-json\/wp\/v2\/categories?post=1154003"},{"taxonomy":"post_tag","embeddable":true,"href":"https:\/\/www.europesays.com\/fr\/wp-json\/wp\/v2\/tags?post=1154003"}],"curies":[{"name":"wp","href":"https:\/\/api.w.org\/{rel}","templated":true}]}}