{"id":1154064,"date":"2026-08-28T14:03:24","date_gmt":"2026-08-28T14:03:24","guid":{"rendered":"https:\/\/www.europesays.com\/fr\/1154064\/"},"modified":"2026-08-28T14:03:24","modified_gmt":"2026-08-28T14:03:24","slug":"apres-greys-anatomy-ellen-pompeo-fait-son-grand-retour-dans-une-serie-medicale","status":"publish","type":"post","link":"https:\/\/www.europesays.com\/fr\/1154064\/","title":{"rendered":"Apr\u00e8s Grey\u2019s Anatomy, Ellen Pompeo fait son grand retour dans une s\u00e9rie m\u00e9dicale"},"content":{"rendered":"<p>Les couloirs des h\u00f4pitaux ne sont jamais bien loin d\u2019elle.<a href=\"https:\/\/www.programme-tv.net\/news\/evenement\/disney-plus-streaming\/397175-je-suis-tout-de-suite-tombee-amoureuse-de-lui-ellen-pompeo-greys-anatomy-se-confie-sur-cet-ancien-acteur-que-les-fans-regrettent-encore-aujourdhui\/\" data-api-deeplink=\"teleloisirs:\/\/news\/397175\" rel=\"nofollow noopener\" target=\"_blank\"> Ellen Pompeo, connue principalement pour son r\u00f4le de Meredith Grey<\/a>, chirurgienne \u00e0 succ\u00e8s dans la s\u00e9rie Grey&rsquo;s Anatomy, va rejoindre le casting d\u2019une nouvelle s\u00e9rie m\u00e9dicale diffus\u00e9e sur Hulu. <a href=\"https:\/\/deadline.com\/2026\/08\/ellen-pompeo-not-a-sound-series-hulu-david-e-kelley-1237061187\/\" rel=\"nofollow noopener\" target=\"_blank\">Elle jouera le r\u00f4le d\u2019une infirmi\u00e8re dans Not A Sound.<\/a><\/p>\n<p>Cette s\u00e9rie suivra l\u2019histoire d\u2019Amelia Winn (Ellen Pompeo), une infirmi\u00e8re qui, apr\u00e8s un terrible accident dans lequel elle a perdu l\u2019ou\u00efe, perd son poste \u00e0 l\u2019h\u00f4pital. Not A Sound suivra Amelia dans un encha\u00eenement de myst\u00e8res et d\u2019enqu\u00eates pour en savoir plus sur l\u2019accident qui a chang\u00e9 sa vie.<\/p>\n<p>Not A Sound : la nouvelle s\u00e9rie m\u00e9dicale avec Ellen Pompeo<\/p>\n<p>Actuellement en cours de production, la s\u00e9rie est produite par la soci\u00e9t\u00e9 de David E. Kelley (Big Little Lies). Not A Sound est adapt\u00e9 du thriller \u00e9ponyme de l\u2019autrice am\u00e9ricaine Heather Gudenkauf. Les \u00e9pisodes seront \u00e9crits par Matthew Tinker et Annakate Chappell, tandis que la r\u00e9alisation a \u00e9t\u00e9 confi\u00e9e \u00e0 Azazel Jacobs.<\/p>\n<p>Si Ellen Pompeo y incarne une infirmi\u00e8re des urgences, la s\u00e9rie ne semble pas pr\u00e9senter d\u2019autres similarit\u00e9s avec <a href=\"https:\/\/www.programme-tv.net\/news\/series-tv\/405891-greys-anatomy-saison-23-cette-premiere-photo-du-tournage-provoque-la-colere-et-linquietude-des-fans\/\" data-api-deeplink=\"teleloisirs:\/\/news\/405891\" rel=\"nofollow noopener\" target=\"_blank\">Grey\u2019s Anatomy<\/a>, se tournant plus vers le genre plus sombre du thriller et de l\u2019enqu\u00eate criminelle. Le projet sera d\u00e9velopp\u00e9 par la 20th Television, o\u00f9 David E. Kelley a travaill\u00e9 pendant 22 ans, et o\u00f9 Ellen Pompeo b\u00e9n\u00e9ficie d&rsquo;un accord global d&rsquo;exclusivit\u00e9.<\/p>\n<p>Ellen Pompeo (Grey\u2019s Anatomy) multiplie les projets<\/p>\n<p>Ce nouveau r\u00f4le s\u2019inscrit dans la longue liste des projets d\u2019Ellen Pompeo. L\u2019actrice am\u00e9ricaine, en plus de jouer dedans, tient \u00e9galement le r\u00f4le de productrice ex\u00e9cutive de Grey\u2019s Anatomy, qui entame sa 23e saison. Ellen Pompeo est \u00e9galement productrice ex\u00e9cutive de <a href=\"https:\/\/www.programme-tv.net\/news\/evenement\/disney-plus-streaming\/381791-grey-s-anatomy-station-19-annulee-a-cause-de-9-1-1-les-vraies-raisons-de-l-arret-de-la-serie\/\" data-api-deeplink=\"teleloisirs:\/\/news\/381791\" rel=\"nofollow noopener\" target=\"_blank\">Station 19, s\u00e9rie d\u00e9riv\u00e9e de Grey&rsquo;s Anatomy. <\/a><\/p>\n<p>Un nouveau spin-off de la s\u00e9rie m\u00e9dicale est d\u2019ailleurs en cours de production. Le programme n\u2019a pas encore de titre mais se d\u00e9roulera dans un centre m\u00e9dical rural \u00e0 l\u2019ouest du Texas. La premi\u00e8re de cette nouvelle s\u00e9rie cr\u00e9\u00e9e par <a href=\"https:\/\/www.programme-tv.net\/biographie\/78901-rhimes-shonda\/\" data-link-people=\"0c2ef81e-4974-4b61-b016-ade703a89714\" rel=\"nofollow noopener\" target=\"_blank\">Shonda Rhimes<\/a> est pr\u00e9vue pour la mi-saison 2027.<\/p>\n<p>Ellen Pompeo tient \u00e9galement le r\u00f4le principal dans la nouvelle com\u00e9die dramatique de Disney, Chicks. On la retrouve \u00e9galement dans la s\u00e9rie Good American Family, au casting et \u00e0 la production. <a href=\"https:\/\/www.programme-tv.net\/news\/evenement\/disney-plus-streaming\/406913-surprise-good-american-family-la-serie-dellen-pompeo-revient-pour-une-saison-2-completement-differente\/\" data-api-deeplink=\"teleloisirs:\/\/news\/406913\" rel=\"nofollow noopener\" target=\"_blank\">Cette s\u00e9rie a d\u2019ailleurs r\u00e9cemment \u00e9t\u00e9 renouvel\u00e9e pour une deuxi\u00e8me saison<\/a>.<\/p>\n<p><a href=\"https:\/\/www.programme-tv.net\/news\/evenement\/disney-plus-streaming\/406913-surprise-good-american-family-la-serie-dellen-pompeo-revient-pour-une-saison-2-completement-differente\/\" data-api-deeplink=\"teleloisirs:\/\/news\/406913\" rel=\"nofollow noopener\" target=\"_blank\"> <\/a>Article \u00e9crit en collaboration avec 6Medias<\/p>\n","protected":false},"excerpt":{"rendered":"Les couloirs des h\u00f4pitaux ne sont jamais bien loin d\u2019elle. Ellen Pompeo, connue principalement pour son r\u00f4le de&hellip;\n","protected":false},"author":2,"featured_media":1154065,"comment_status":"","ping_status":"","sticky":false,"template":"","format":"standard","meta":{"footnotes":"","_share_on_mastodon":"0"},"categories":[1359],"tags":[5840,244,10451,58,16343,59,1011,27,6885,34336,117952,973,10450,129,117953],"class_list":["post-1154064","post","type-post","status-publish","format-standard","has-post-thumbnail","category-people","tag-channel_extraits","tag-commentaire","tag-disney-plus","tag-divertissement","tag-ellen-pompeo","tag-entertainment","tag-fr","tag-france","tag-greys-anatomy","tag-greys-anatomy-station-19","tag-guid_5377707721001","tag-people","tag-pub-streaming-disney-plus","tag-svod","tag-uuid_6e090a3b-79e0-45a4-992c-232e9a567041"],"share_on_mastodon":{"url":"https:\/\/pubeurope.com\/@fr\/117173512310976103","error":""},"_links":{"self":[{"href":"https:\/\/www.europesays.com\/fr\/wp-json\/wp\/v2\/posts\/1154064","targetHints":{"allow":["GET"]}}],"collection":[{"href":"https:\/\/www.europesays.com\/fr\/wp-json\/wp\/v2\/posts"}],"about":[{"href":"https:\/\/www.europesays.com\/fr\/wp-json\/wp\/v2\/types\/post"}],"author":[{"embeddable":true,"href":"https:\/\/www.europesays.com\/fr\/wp-json\/wp\/v2\/users\/2"}],"replies":[{"embeddable":true,"href":"https:\/\/www.europesays.com\/fr\/wp-json\/wp\/v2\/comments?post=1154064"}],"version-history":[{"count":0,"href":"https:\/\/www.europesays.com\/fr\/wp-json\/wp\/v2\/posts\/1154064\/revisions"}],"wp:featuredmedia":[{"embeddable":true,"href":"https:\/\/www.europesays.com\/fr\/wp-json\/wp\/v2\/media\/1154065"}],"wp:attachment":[{"href":"https:\/\/www.europesays.com\/fr\/wp-json\/wp\/v2\/media?parent=1154064"}],"wp:term":[{"taxonomy":"category","embeddable":true,"href":"https:\/\/www.europesays.com\/fr\/wp-json\/wp\/v2\/categories?post=1154064"},{"taxonomy":"post_tag","embeddable":true,"href":"https:\/\/www.europesays.com\/fr\/wp-json\/wp\/v2\/tags?post=1154064"}],"curies":[{"name":"wp","href":"https:\/\/api.w.org\/{rel}","templated":true}]}}