{"id":1154078,"date":"2026-08-28T14:14:33","date_gmt":"2026-08-28T14:14:33","guid":{"rendered":"https:\/\/www.europesays.com\/fr\/1154078\/"},"modified":"2026-08-28T14:14:33","modified_gmt":"2026-08-28T14:14:33","slug":"cest-une-strategie-electorale-et-on-ne-sen-cache-pas-comment-lfi-se-sert-des-rappeurs-pour-mener-sa-campagne-de-2027","status":"publish","type":"post","link":"https:\/\/www.europesays.com\/fr\/1154078\/","title":{"rendered":"\u00ab\u00a0C\u2019est une strat\u00e9gie \u00e9lectorale et on ne s\u2019en cache pas\u00a0\u00bb\u00a0: comment LFI se sert des rappeurs pour mener sa campagne de 2027"},"content":{"rendered":"<p>\n    <strong>ENQU\u00caTE\u00a0&#8211;<\/strong>\u00a0M\u00e9dine participe ce week-end au festival Golden Coast, pr\u00e8s de Dijon. Une sc\u00e8ne o\u00f9 il pourra diffuser les id\u00e9es de La\u00a0France insoumise, dont il est proche. Et une tribune id\u00e9ale pour un parti qui r\u00eave de capter l\u2019\u00e9lectorat jeune.<\/p>\n<p class=\"fig-paragraph\">\u00c0 Dijon, l\u2019orage menace le\u00a0<a href=\"http:\/\/www.lefigaro.fr\/musique\/le-golden-coast-festival-nouvel-eldorado-du-rap-francais-20250907\" data-fig-type=\"NewsFlash\" data-gtm-custom-categorie=\"navigation\" data-gtm-custom-action=\"crossclick\" data-gtm-custom-label=\"Contextuel\" data-gtm-event=\"customEventSPE\" data-fig-domain=\"LEFIGARO\" rel=\"nofollow noopener\" target=\"_blank\">Golden Coast Festival.<\/a>\u00a0Dimanche 30\u00a0ao\u00fbt, le rappeur tr\u00e8s controvers\u00e9 M\u00e9dine est attendu sur la sc\u00e8ne de ce grand rendez-vous d\u00e9di\u00e9 au hip-hop. Alors que la campagne pour l\u2019\u00e9lection pr\u00e9sidentielle a commenc\u00e9, inviter cet artiste si proche de LFI est un pari risqu\u00e9. En 2023, \u00e0 Valence, il avait fait un scandale\u00a0<a href=\"http:\/\/www.lefigaro.fr\/vox\/culture\/medine-nouveau-sociologue-de-la-gauche-pourquoi-rap-et-politique-ne-font-pas-bon-menage-20230825\" data-fig-type=\"Article\" data-gtm-custom-categorie=\"navigation\" data-gtm-custom-action=\"crossclick\" data-gtm-custom-label=\"Contextuel\" data-gtm-event=\"customEventSPE\" data-fig-domain=\"LEFIGARO\" rel=\"nofollow noopener\" target=\"_blank\">aux universit\u00e9s d\u2019\u00e9t\u00e9 de La\u00a0France insoumise<\/a>. \u00c0 l\u2019issue d\u2019un long entretien avec Mathilde Panot, au cours duquel il s\u2019\u00e9tait d\u00e9fendu des accusations d\u2019antis\u00e9mitisme le visant, le rappeur avait invit\u00e9 les partisans \u00e0 applaudir. De Fabien Roussel \u00e0 Marine Le\u00a0Pen, la classe politique s\u2019\u00e9tait indign\u00e9e.<\/p>\n<p class=\"fig-paragraph\">\u00c0 Dijon, la droite r\u00e9publicaine regrette la programmation de cet \u00ab\u00a0artiste pol\u00e9mique, controvers\u00e9\u00a0\u00bb. \u00ab\u00a0Nous exigeons des organisateurs qu\u2019ils le retirent de l\u2019affiche\u00a0\u00bb, d\u00e9clare sans succ\u00e8s l\u2019\u00e9lu d\u2019opposition LR Emmanuel Bichot.\u00a0<a href=\"http:\/\/www.lefigaro.fr\/actualite-france\/proces-des-assistants-parlementaires-du-fn-julien-odoul-plaide-difficilement-la-negligence-20260120\" data-fig-type=\"NewsFlash\" data-gtm-custom-categorie=\"navigation\" data-gtm-custom-action=\"crossclick\" data-gtm-custom-label=\"Contextuel\" data-gtm-event=\"customEventSPE\" data-fig-domain=\"LEFIGARO\" rel=\"nofollow noopener\" target=\"_blank\">Julien Odoul<\/a>, d\u00e9put\u00e9 RN de l\u2019Yonne, a demand\u00e9 \u00e0 la m\u00e9tropole de Dijon et \u00e0 la r\u00e9gion Bourgogne-Franche-Comt\u00e9 de suspendre les\u2026<\/p>\n<p class=\"fig-premium-paywall__infos\">\n        Cet article est r\u00e9serv\u00e9 aux abonn\u00e9s.        Il vous reste 89% \u00e0 d\u00e9couvrir.\n    <\/p>\n<p>                <img  data- alt=\"Le Figaro\" class=\"fig-img--complete fig-img\"\/><\/p>\n<p class=\"fig-premium-paywall__title\">Vous avez envie de lire la suite ?<\/p>\n<p class=\"fig-premium-paywall__subtitle\">D\u00e9bloquez tous les articles imm\u00e9diatement.<\/p>\n<p class=\"fig-premium-paywall__connect\">\n                D\u00e9j\u00e0 abonn\u00e9\u00a0?                <a class=\"fig-premium-paywall__connect-link\" href=\"https:\/\/connect.lefigaro.fr\/login?client=horizon_web&amp;type=main&amp;redirect_uri=https%3A%2F%2Fwww.lefigaro.fr%2Fmusique%2Fc-est-une-strategie-electorale-et-on-ne-s-en-cache-pas-comment-lfi-se-sert-des-rappeurs-pour-mener-sa-campagne-de-2027-20260828\" data-js-gtm=\"{&quot;event&quot;:&quot;customEventGA4&quot;,&quot;eventName&quot;:&quot;click_action&quot;,&quot;feature&quot;:&quot;paywall&quot;,&quot;location&quot;:&quot;paywall&quot;,&quot;button_action&quot;:&quot;connect&quot;,&quot;click_text&quot;:&quot;Connectez-vous&quot;}\" rel=\"nofollow noopener\" target=\"_blank\"><br \/>\n                    Connectez-vous<br \/>\n                <\/a>\n            <\/p>\n","protected":false},"excerpt":{"rendered":"ENQU\u00caTE\u00a0&#8211;\u00a0M\u00e9dine participe ce week-end au festival Golden Coast, pr\u00e8s de Dijon. Une sc\u00e8ne o\u00f9 il pourra diffuser les&hellip;\n","protected":false},"author":2,"featured_media":1154079,"comment_status":"","ping_status":"","sticky":false,"template":"","format":"standard","meta":{"footnotes":"","_share_on_mastodon":"0"},"categories":[8],"tags":[58,11984,59,1011,27,780,3616],"class_list":["post-1154078","post","type-post","status-publish","format-standard","has-post-thumbnail","category-divertissement","tag-divertissement","tag-election-presidentielle","tag-entertainment","tag-fr","tag-france","tag-lfi","tag-rap"],"share_on_mastodon":{"url":"","error":""},"_links":{"self":[{"href":"https:\/\/www.europesays.com\/fr\/wp-json\/wp\/v2\/posts\/1154078","targetHints":{"allow":["GET"]}}],"collection":[{"href":"https:\/\/www.europesays.com\/fr\/wp-json\/wp\/v2\/posts"}],"about":[{"href":"https:\/\/www.europesays.com\/fr\/wp-json\/wp\/v2\/types\/post"}],"author":[{"embeddable":true,"href":"https:\/\/www.europesays.com\/fr\/wp-json\/wp\/v2\/users\/2"}],"replies":[{"embeddable":true,"href":"https:\/\/www.europesays.com\/fr\/wp-json\/wp\/v2\/comments?post=1154078"}],"version-history":[{"count":0,"href":"https:\/\/www.europesays.com\/fr\/wp-json\/wp\/v2\/posts\/1154078\/revisions"}],"wp:featuredmedia":[{"embeddable":true,"href":"https:\/\/www.europesays.com\/fr\/wp-json\/wp\/v2\/media\/1154079"}],"wp:attachment":[{"href":"https:\/\/www.europesays.com\/fr\/wp-json\/wp\/v2\/media?parent=1154078"}],"wp:term":[{"taxonomy":"category","embeddable":true,"href":"https:\/\/www.europesays.com\/fr\/wp-json\/wp\/v2\/categories?post=1154078"},{"taxonomy":"post_tag","embeddable":true,"href":"https:\/\/www.europesays.com\/fr\/wp-json\/wp\/v2\/tags?post=1154078"}],"curies":[{"name":"wp","href":"https:\/\/api.w.org\/{rel}","templated":true}]}}