{"id":115408,"date":"2025-05-20T22:40:16","date_gmt":"2025-05-20T22:40:16","guid":{"rendered":"https:\/\/www.europesays.com\/fr\/115408\/"},"modified":"2025-05-20T22:40:16","modified_gmt":"2025-05-20T22:40:16","slug":"maxime-a-joue-avec-tout-le-monde-jespere-quil-sera-le-prochain-a-partir","status":"publish","type":"post","link":"https:\/\/www.europesays.com\/fr\/115408\/","title":{"rendered":"Maxime a jou\u00e9 avec tout le monde, j&rsquo;esp\u00e8re qu&rsquo;il sera le prochain \u00e0 partir"},"content":{"rendered":"<p>Les destins li\u00e9s ont eu raison de<b> <\/b>Na\u00efs. Ce mardi 20\u00a0mai, l&rsquo;\u00e9ducatrice sp\u00e9cialis\u00e9e <a href=\"https:\/\/www.programme-tv.net\/news\/tv\/374345-nais-surprise-par-son-image-a-la-tele-dans-koh-lanta-2025-je-me-trouve-tres-dure-et-un-peu-sauvage\/\" data-api-deeplink=\"teleloisirs:\/\/news\/374345\" target=\"_blank\" rel=\"noopener\">au fort temp\u00e9rament<\/a> venu de Marseille a \u00e9t\u00e9 \u00e9limin\u00e9e de <a href=\"https:\/\/www.programme-tv.net\/news\/tv\/370938-koh-lanta-2025-date-de-diffusion-candidats-nouveautes-toutes-les-infos-sur-la-revanche-des-4-terres-la-nouvelle-saison-du-jeu-de-tf1\/\" data-api-deeplink=\"teleloisirs:\/\/news\/370938\" target=\"_blank\" rel=\"noopener\">Koh-Lanta, La revanche des 4 terres<\/a> sur TF1 au m\u00eame titre que Pierre-Marie avec qui elle \u00e9tait associ\u00e9e lors de cette \u00e9tape du jeu. Les deux ex-membres de la tribu du Sud \u00e9taient en effet la cible des anciens Oranges et Verts. S&rsquo;ils pensaient pouvoir compter sur Maxime, ce dernier a finalement fait pencher la balance en leur d\u00e9faveur par vengeance. <a href=\"https:\/\/www.programme-tv.net\/news\/tv\/377594-maxime-fait-un-retour-surprise-et-historique-dans-koh-lanta-2025-j-y-suis-retourne-avec-un-taux-de-mefiance-maximal\/\" data-api-deeplink=\"teleloisirs:\/\/news\/377594\" target=\"_blank\" rel=\"noopener\">De retour dans l&rsquo;aventure<\/a>, le responsable communication venu de l&rsquo;Est n&rsquo;avait pas dig\u00e9r\u00e9 d&rsquo;avoir \u00e9t\u00e9 \u00e9cart\u00e9 lors du conseil des ambassadeurs. <a href=\"https:\/\/www.programme-tv.net\/news\/people\/378287-nais-koh-lanta-2025-reagit-aux-rumeurs-de-couple-avec-adrien-il-y-a-un-attachement\/\" data-api-deeplink=\"teleloisirs:\/\/news\/378287\" target=\"_blank\" rel=\"noopener\">Celle qui avait nou\u00e9 des liens forts avec Adrien <\/a>est revenue sur son parcours et cette issue malheureuse.<\/p>\n<p>Na\u00efs (Koh-Lanta 2025) revient sur les destins li\u00e9s avec Pierre-Marie\u00a0: \u00ab\u00a0J&rsquo;ai \u00e9t\u00e9 la t\u00eate \u00e0 abattre\u00a0\u00bb<\/p>\n<p><b>T\u00e9l\u00e9-Loisirs<\/b><b>\u00a0: Apr\u00e8s<\/b><a href=\"https:\/\/www.programme-tv.net\/news\/tv\/378295-joana-eliminee-de-koh-lanta-2025-le-monde-s-est-ecroule\/\" data-api-deeplink=\"teleloisirs:\/\/news\/378295\" target=\"_blank\" rel=\"noopener\"><b> le d\u00e9part de Joana<\/b><\/a><b>, \u00eates-vous toujours confiante dans votre alliance bleue-violette\u00a0?<\/b><br \/><b>Na\u00efs\u00a0: <\/b>Avec Claire, oui. Elle se retrouve toute seule donc elle n&rsquo;a pas forc\u00e9ment le choix. Et elle a toujours jou\u00e9 franc jeu, je n&rsquo;avais pas forc\u00e9ment de m\u00e9fiance envers elle. Mais <b>on savait qu&rsquo;il y avait<\/b><b> <\/b><b>les destins li\u00e9s qui arrivaient et qui pouvaient tout chambouler.<\/b> \u00c0 ce moment-l\u00e0, je ne savais pas avec qui j&rsquo;allais tomber mais j&rsquo;avais l&rsquo;espoir de ne pas \u00eatre avec un Bleu.<\/p>\n<p><b>Vous vous retrouvez finalement avec Pierre-Marie, \u00e9galement ancien de la tribu du Sud\u2026<\/b><br \/>Je me dis \u00ab\u00a0sacr\u00e9 destin\u00a0\u00bb\u2026 Tout est remis en question. Il y a de la pression pour gagner l&rsquo;immunit\u00e9 parce qu<b>&lsquo;on va \u00eatre les premi\u00e8res t\u00eates \u00e0 abattre. <\/b>D\u00e8s le d\u00e9but, j&rsquo;ai \u00e9t\u00e9 la t\u00eate \u00e0 abattre alors l\u00e0, si on est deux bleus, je ne vous dis pas. C&rsquo;est s\u00fbr que j&rsquo;aurais pr\u00e9f\u00e9r\u00e9 \u00eatre avec quelqu&rsquo;un d&rsquo;autre que Pierre-Marie.<\/p>\n<p><b>Apr\u00e8s cette annonce, vous devez affronter l&rsquo;\u00e9preuve de la d\u00e9gustation. On vous a senti en difficult\u00e9\u2026<br \/><\/b>J&rsquo;ai eu un gros blocage, j&rsquo;\u00e9tais r\u00e9pugn\u00e9e. <b>Je ne pensais pas que j&rsquo;allais \u00eatre autant r\u00e9pugn\u00e9e. <\/b>\u00c7a m&rsquo;\u00e9tait vraiment impossible. Peut-\u00eatre que le fait d&rsquo;avoir gagn\u00e9 un confort trois jours avant a fait que je n&rsquo;avais pas faim\u2026 Et avec Maxime, la concurrence \u00e9tait rude, il a tout englouti en quelques secondes, j&rsquo;\u00e9tais d\u00e9motiv\u00e9e.<\/p>\n<p><b>Justement, Denis Brogniart vous tacle gentiment sur votre manque de pers\u00e9v\u00e9rance pendant l&rsquo;\u00e9preuve\u2026 Comment l&rsquo;avez-vous pris\u00a0?<\/b><br \/>Quand je n&rsquo;ai pas la motivation, on ne peut rien y faire. D\u2019autant plus que c&rsquo;\u00e9tait une \u00e9preuve de confort et non d&rsquo;immunit\u00e9\u2026 Il \u00e9tait dans son droit de le pointer du doigt. Apr\u00e8s, j&rsquo;ai voulu go\u00fbter par curiosit\u00e9 mais \u00e7a ne me tentait pas plus que \u00e7a.<\/p>\n<p><b>Les tractations autour de Maxime sont tr\u00e8s nombreuses dans l&rsquo;\u00e9pisode\u2026 Vous avait-il assur\u00e9 de voter avec les Bleus au prochain conseil\u00a0?<br \/><\/b>Il m&rsquo;a bien dit qu&rsquo;il serait avec nous. Mais je savais que ce n&rsquo;\u00e9tait pas un plan fiable. Il est tellement ambivalent, on n&rsquo;a pas la main sur lui. Pour moi, cela ne servait \u00e0 rien d&rsquo;insister. D\u2019autant plus que les autres Bleus et l&rsquo;alliance d&rsquo;en face faisaient d\u00e9j\u00e0 le travail. Il allait faire comme bon lui semble dans tous les cas.<\/p>\n<p><b>Avez-vous h\u00e9sit\u00e9 \u00e0 voter contre J\u00e9r\u00f4me des Landes apr\u00e8s les paroles bienveillantes qu&rsquo;il a eues envers vous autour du feu\u2026<\/b><br \/>J&rsquo;ai vot\u00e9 contre J\u00e9r\u00f4me parce que si j&rsquo;avais la chance d&rsquo;\u00eatre \u00e0 l&rsquo;orientation, il aurait pu \u00eatre redoutable du fait qu&rsquo;il est militaire. C&rsquo;\u00e9tait strat\u00e9gique. Et \u00e7a n&rsquo;a pas \u00e9t\u00e9 difficile. Ce ne sont pas des propos comme les siens qui vont m&rsquo;adoucir. Pendant toute l&rsquo;aventure, mes efforts n&rsquo;ont pas \u00e9t\u00e9 reconnus. Mais sa prise de conscience m&rsquo;a tout de m\u00eame fait \u00e9norm\u00e9ment plaisir.<\/p>\n<p>Na\u00efs (Koh-Lanta 2025) d\u00e9voile \u00e0 propos des jours qui ont suivi son \u00e9limination\u00a0: \u00ab\u00a0J&rsquo;en ai fait des insomnies\u00a0\u00bb<\/p>\n<p><b>Comment avez-vous v\u00e9cu l&rsquo;issue du conseil\u00a0?<br \/><\/b>Je ne suis pas surprise, parce que je m&rsquo;\u00e9tais pr\u00e9par\u00e9e mentalement. Je savais tr\u00e8s bien que je ne pouvais pas compter sur Maxime. Et en plus, on avait un doute que Ga\u00eblle ait un collier, parce qu&rsquo;elle passait sa vie en for\u00eat. Mais j&rsquo;\u00e9tais d\u00e9\u00e7ue. J&rsquo;aurais aim\u00e9 finir mon aventure. J&rsquo;\u00e9tais si proche de la fin\u2026<\/p>\n<p><b>En avez-vous voulu \u00e0 Maxime\u00a0?<\/b><br \/>Bien s\u00fbr que je lui ai voulu. Je consid\u00e8re que c&rsquo;est une trahison envers moi parce qu&rsquo;il dit qu&rsquo;il joue pour les Bleus, mais il nous trahit. Quand je pars et que je pose les mots de tra\u00eetre, c&rsquo;est aussi strat\u00e9gique. Jusqu&rsquo;\u00e0 la derni\u00e8re seconde,<b> je veux lui mettre cette \u00e9tiquette pour rappeler qu&rsquo;il a jou\u00e9 avec tout le monde et que j&rsquo;esp\u00e8re qu&rsquo;il sera le prochain \u00e0 partir.<\/b><\/p>\n<p><b>Comprenez-vous son d\u00e9sir de revanche envers Pierre-Marie\u00a0?<\/b><br \/>Il a eu raison. Je pense que j&rsquo;aurais fait pareil \u00e0 sa place. <b>J&rsquo;aurais voulu \u00e9liminer des personnes qui m&rsquo;ont jet\u00e9e aux requins sans scrupule<\/b>. C&rsquo;est comme \u00e7a. C&rsquo;est le jeu. On est en bons termes aujourd&rsquo;hui.<\/p>\n<p><b>Avez-vous mis du temps \u00e0 dig\u00e9rer cette \u00e9limination\u00a0?<br \/><\/b>J&rsquo;ai ressass\u00e9 mon aventure en boucle, en large et en travers. <b>J&rsquo;en ai fait des insomnies,<\/b> au point de me dire\u00a0: \u00ab\u00a0Qu&rsquo;est-ce que tu aurais pu faire d&rsquo;autre\u00a0? Qu&rsquo;est-ce que tu aurais pu faire de mieux\u00a0?\u00a0\u00bb Mais avec beaucoup de r\u00e9flexion, je me rends compte que le jeu \u00e9tait fait pour que je sorte. C&rsquo;\u00e9tait le destin, je me suis fait une raison.<\/p>\n","protected":false},"excerpt":{"rendered":"Les destins li\u00e9s ont eu raison de Na\u00efs. Ce mardi 20\u00a0mai, l&rsquo;\u00e9ducatrice sp\u00e9cialis\u00e9e au fort temp\u00e9rament venu de&hellip;\n","protected":false},"author":2,"featured_media":115409,"comment_status":"","ping_status":"","sticky":false,"template":"","format":"standard","meta":{"footnotes":""},"categories":[1356],"tags":[244,681,58,59,1011,27,2173,680,2277,23565,23566,252,199,1364],"class_list":{"0":"post-115408","1":"post","2":"type-post","3":"status-publish","4":"format-standard","5":"has-post-thumbnail","7":"category-television","8":"tag-commentaire","9":"tag-denis-brogniart","10":"tag-divertissement","11":"tag-entertainment","12":"tag-fr","13":"tag-france","14":"tag-interview","15":"tag-koh-lanta","16":"tag-la-revanche-des-4-terres","17":"tag-nau00efs-koh-lanta","18":"tag-pierre-marie-koh-lanta","19":"tag-television","20":"tag-tf1","21":"tag-tv"},"share_on_mastodon":{"url":"https:\/\/pubeurope.com\/@fr\/114542570716718825","error":""},"_links":{"self":[{"href":"https:\/\/www.europesays.com\/fr\/wp-json\/wp\/v2\/posts\/115408","targetHints":{"allow":["GET"]}}],"collection":[{"href":"https:\/\/www.europesays.com\/fr\/wp-json\/wp\/v2\/posts"}],"about":[{"href":"https:\/\/www.europesays.com\/fr\/wp-json\/wp\/v2\/types\/post"}],"author":[{"embeddable":true,"href":"https:\/\/www.europesays.com\/fr\/wp-json\/wp\/v2\/users\/2"}],"replies":[{"embeddable":true,"href":"https:\/\/www.europesays.com\/fr\/wp-json\/wp\/v2\/comments?post=115408"}],"version-history":[{"count":0,"href":"https:\/\/www.europesays.com\/fr\/wp-json\/wp\/v2\/posts\/115408\/revisions"}],"wp:featuredmedia":[{"embeddable":true,"href":"https:\/\/www.europesays.com\/fr\/wp-json\/wp\/v2\/media\/115409"}],"wp:attachment":[{"href":"https:\/\/www.europesays.com\/fr\/wp-json\/wp\/v2\/media?parent=115408"}],"wp:term":[{"taxonomy":"category","embeddable":true,"href":"https:\/\/www.europesays.com\/fr\/wp-json\/wp\/v2\/categories?post=115408"},{"taxonomy":"post_tag","embeddable":true,"href":"https:\/\/www.europesays.com\/fr\/wp-json\/wp\/v2\/tags?post=115408"}],"curies":[{"name":"wp","href":"https:\/\/api.w.org\/{rel}","templated":true}]}}