{"id":1154082,"date":"2026-08-28T14:17:18","date_gmt":"2026-08-28T14:17:18","guid":{"rendered":"https:\/\/www.europesays.com\/fr\/1154082\/"},"modified":"2026-08-28T14:17:18","modified_gmt":"2026-08-28T14:17:18","slug":"alors-que-la-france-attend-la-notation-de-lagence-fitch-la-grece-et-litalie-regagnent-la-confiance-des-marches","status":"publish","type":"post","link":"https:\/\/www.europesays.com\/fr\/1154082\/","title":{"rendered":"Alors que la France attend la notation de l\u2019agence Fitch, la Gr\u00e8ce et l\u2019Italie regagnent la confiance des march\u00e9s"},"content":{"rendered":"<p>\n    <strong>D\u00c9CRYPTAGE<\/strong> &#8211; La France et le Royaume-Uni ont vu leur note souveraine s\u2019\u00e9roder ces derni\u00e8res ann\u00e9es tandis que les anciens mauvais \u00e9l\u00e8ves de la zone euro, brocard\u00e9s sous le surnom de \u00abClub Med\u00bb, convainquent de nouveau les agences de notation.<\/p>\n<p class=\"fig-paragraph\">Alors que la France attend le verdict de l\u2019agence de notation Fitch ce vendredi soir, sur le front des dettes souveraines, le paysage europ\u00e9en a bien chang\u00e9. En 2026, deux pays du Nord peinent \u00e0 convaincre. La France a \u00e9t\u00e9 d\u00e9grad\u00e9e \u00e0 deux reprises par Fitch depuis 2023 (elle est not\u00e9e A+) et est not\u00e9e Aa3 chez Moody\u2019s avec perspective n\u00e9gative, A+ chez Standard &amp; Poor\u2019s. Le Royaume-Uni ne fait gu\u00e8re mieux, avec un AA- chez Fitch adoss\u00e9 \u00e0 une dette publique que l\u2019agence voit grimper \u00e0 106 % du PIB \u00e0 horizon 2028, contre 102,4% fin 2025, sur fond de croissance molle.<\/p>\n<p class=\"fig-paragraph\">De l\u2019autre c\u00f4t\u00e9, deux pays du Sud, longtemps associ\u00e9s \u00e0 la crise de la dette des ann\u00e9es 2010 sont aujourd\u2019hui trait\u00e9s fort diff\u00e9remment par les march\u00e9s\u00a0: la Gr\u00e8ce et l\u2019Italie\u2026<\/p>\n<p class=\"fig-premium-paywall__infos\">\n        Cet article est r\u00e9serv\u00e9 aux abonn\u00e9s.        Il vous reste 77% \u00e0 d\u00e9couvrir.\n    <\/p>\n<p>                <img  data- alt=\"Le Figaro\" class=\"fig-img--complete fig-img\"\/><\/p>\n<p class=\"fig-premium-paywall__title\">Vous avez envie de lire la suite ?<\/p>\n<p class=\"fig-premium-paywall__subtitle\">D\u00e9bloquez tous les articles imm\u00e9diatement.<\/p>\n<p class=\"fig-premium-paywall__connect\">\n                D\u00e9j\u00e0 abonn\u00e9\u00a0?                <a class=\"fig-premium-paywall__connect-link\" href=\"https:\/\/connect.lefigaro.fr\/login?client=horizon_web&amp;type=main&amp;redirect_uri=https%3A%2F%2Fwww.lefigaro.fr%2Fconjoncture%2Falors-que-la-france-attend-la-notation-de-l-agence-fitch-la-grece-et-l-italie-regagnent-la-confiance-des-marches-20260828\" data-js-gtm=\"{&quot;event&quot;:&quot;customEventGA4&quot;,&quot;eventName&quot;:&quot;click_action&quot;,&quot;feature&quot;:&quot;paywall&quot;,&quot;location&quot;:&quot;paywall&quot;,&quot;button_action&quot;:&quot;connect&quot;,&quot;click_text&quot;:&quot;Connectez-vous&quot;}\" rel=\"nofollow noopener\" target=\"_blank\"><br \/>\n                    Connectez-vous<br \/>\n                <\/a>\n            <\/p>\n","protected":false},"excerpt":{"rendered":"D\u00c9CRYPTAGE &#8211; La France et le Royaume-Uni ont vu leur note souveraine s\u2019\u00e9roder ces derni\u00e8res ann\u00e9es tandis que&hellip;\n","protected":false},"author":2,"featured_media":1154083,"comment_status":"","ping_status":"","sticky":false,"template":"","format":"standard","meta":{"footnotes":"","_share_on_mastodon":"0"},"categories":[6],"tags":[35,6327,33,34,1011,27,14486],"class_list":["post-1154082","post","type-post","status-publish","format-standard","has-post-thumbnail","category-economie","tag-business","tag-dette","tag-economie","tag-economy","tag-fr","tag-france","tag-notation"],"share_on_mastodon":{"url":"https:\/\/pubeurope.com\/@fr\/117173567226873528","error":""},"_links":{"self":[{"href":"https:\/\/www.europesays.com\/fr\/wp-json\/wp\/v2\/posts\/1154082","targetHints":{"allow":["GET"]}}],"collection":[{"href":"https:\/\/www.europesays.com\/fr\/wp-json\/wp\/v2\/posts"}],"about":[{"href":"https:\/\/www.europesays.com\/fr\/wp-json\/wp\/v2\/types\/post"}],"author":[{"embeddable":true,"href":"https:\/\/www.europesays.com\/fr\/wp-json\/wp\/v2\/users\/2"}],"replies":[{"embeddable":true,"href":"https:\/\/www.europesays.com\/fr\/wp-json\/wp\/v2\/comments?post=1154082"}],"version-history":[{"count":0,"href":"https:\/\/www.europesays.com\/fr\/wp-json\/wp\/v2\/posts\/1154082\/revisions"}],"wp:featuredmedia":[{"embeddable":true,"href":"https:\/\/www.europesays.com\/fr\/wp-json\/wp\/v2\/media\/1154083"}],"wp:attachment":[{"href":"https:\/\/www.europesays.com\/fr\/wp-json\/wp\/v2\/media?parent=1154082"}],"wp:term":[{"taxonomy":"category","embeddable":true,"href":"https:\/\/www.europesays.com\/fr\/wp-json\/wp\/v2\/categories?post=1154082"},{"taxonomy":"post_tag","embeddable":true,"href":"https:\/\/www.europesays.com\/fr\/wp-json\/wp\/v2\/tags?post=1154082"}],"curies":[{"name":"wp","href":"https:\/\/api.w.org\/{rel}","templated":true}]}}