{"id":1154146,"date":"2026-08-28T15:08:19","date_gmt":"2026-08-28T15:08:19","guid":{"rendered":"https:\/\/www.europesays.com\/fr\/1154146\/"},"modified":"2026-08-28T15:08:19","modified_gmt":"2026-08-28T15:08:19","slug":"handicap-en-ile-de-france-un-peu-plus-dune-semaine-pour-voter-pour-les-projets-du-budget-participatif","status":"publish","type":"post","link":"https:\/\/www.europesays.com\/fr\/1154146\/","title":{"rendered":"Handicap en \u00cele-de-France : un peu plus d\u2019une semaine pour voter pour les projets du budget participatif"},"content":{"rendered":"<p><img decoding=\"async\" class=\"\" style=\"width:100%\" src=\"https:\/\/www.europesays.com\/fr\/wp-content\/uploads\/2026\/08\/GSsSI7jWYAAleBb1721234847747.jpeg\" alt=\"Budget participatif handicap\"\/><\/p>\n<p>Budget participatif handicap<\/p>\n<p>Cr\u00e9dit : Droits r\u00e9serv\u00e9s<\/p>\n<p style=\"margin-bottom: 0cm;\">Les Franciliens ont jusqu\u2019au 7 septembre pour soutenir leurs projets pr\u00e9f\u00e9r\u00e9s dans le cadre du Budget participatif handicap de la R\u00e9gion \u00cele-de-France. Les r\u00e9sultats seront annonc\u00e9s \u00e0 l\u2019automne.\u00a0Il reste un peu plus d\u2019une semaine pour participer. Le dispositif soutient des initiatives destin\u00e9es \u00e0 favoriser l\u2019inclusion des personnes en situation de handicap. Les projets peuvent recevoir une aide comprise entre 1.000 et 10.000 euros. Les projets s\u2019inscrivent dans sept domaines : culture, sport, s\u00e9curit\u00e9, sant\u00e9 et lutte contre l\u2019isolement, enseignement, formation et emploi, ou encore citoyennet\u00e9. Les deux premi\u00e8res \u00e9ditions ont permis de soutenir 260 projets. Rendez-vous sur <a href=\"https:\/\/jeparticipe.smartidf.services\/project\/budget-participatif-handicap-edition-3\/selection\" rel=\"noopener nofollow\" target=\"_blank\">jeparticipe.smartidf.services<\/a>. <\/p>\n<p lang=\"fr-FR\" style=\"margin-bottom: 0cm; font-style: normal;\">\u00a0<\/p>\n<p lang=\"fr-FR\" style=\"margin-bottom: 0cm;\">Nicolas Chacun<\/p>\n<p>!function(f,b,e,v,n,t,s){if(f.fbq)return;n=f.fbq=function(){n.callMethod?<br \/>\nn.callMethod.apply(n,arguments):n.queue.push(arguments)};if(!f._fbq)f._fbq=n;<br \/>\nn.push=n;n.loaded=!0;n.version=&rsquo;2.0&prime;;n.queue=[];t=b.createElement(e);t.async=!0;<br \/>\nt.src=v;s=b.getElementsByTagName(e)[0];s.parentNode.insertBefore(t,s)}(window,<br \/>\ndocument,&rsquo;script&rsquo;,&rsquo;https:\/\/connect.facebook.net\/en_US\/fbevents.js&rsquo;);<br \/>\nfbq(&lsquo;init&rsquo;, &lsquo;278974969201861&rsquo;); \/\/ Insert your pixel ID here.<br \/>\nfbq(&lsquo;track&rsquo;, &lsquo;PageView&rsquo;);<\/p>\n","protected":false},"excerpt":{"rendered":"Budget participatif handicap Cr\u00e9dit : Droits r\u00e9serv\u00e9s Les Franciliens ont jusqu\u2019au 7 septembre pour soutenir leurs projets pr\u00e9f\u00e9r\u00e9s&hellip;\n","protected":false},"author":2,"featured_media":1154147,"comment_status":"","ping_status":"","sticky":false,"template":"","format":"standard","meta":{"footnotes":"","_share_on_mastodon":"0"},"categories":[1592],"tags":[1111,11,1933,1936,1777,1939,674,1011,27,662,1934,12,1940,626,1935,25,1937,1941,1938],"class_list":["post-1154146","post","type-post","status-publish","format-standard","has-post-thumbnail","category-ile-de-france","tag-actu","tag-actualites","tag-actualites-locales","tag-essonne","tag-eu","tag-eure-et-loir","tag-europe","tag-fr","tag-france","tag-ile-de-france","tag-infos-locales","tag-news","tag-oise","tag-paris","tag-pres-de-chez-vous","tag-republique-francaise","tag-seine-et-marne","tag-somme","tag-yvelines"],"share_on_mastodon":{"url":"","error":""},"_links":{"self":[{"href":"https:\/\/www.europesays.com\/fr\/wp-json\/wp\/v2\/posts\/1154146","targetHints":{"allow":["GET"]}}],"collection":[{"href":"https:\/\/www.europesays.com\/fr\/wp-json\/wp\/v2\/posts"}],"about":[{"href":"https:\/\/www.europesays.com\/fr\/wp-json\/wp\/v2\/types\/post"}],"author":[{"embeddable":true,"href":"https:\/\/www.europesays.com\/fr\/wp-json\/wp\/v2\/users\/2"}],"replies":[{"embeddable":true,"href":"https:\/\/www.europesays.com\/fr\/wp-json\/wp\/v2\/comments?post=1154146"}],"version-history":[{"count":0,"href":"https:\/\/www.europesays.com\/fr\/wp-json\/wp\/v2\/posts\/1154146\/revisions"}],"wp:featuredmedia":[{"embeddable":true,"href":"https:\/\/www.europesays.com\/fr\/wp-json\/wp\/v2\/media\/1154147"}],"wp:attachment":[{"href":"https:\/\/www.europesays.com\/fr\/wp-json\/wp\/v2\/media?parent=1154146"}],"wp:term":[{"taxonomy":"category","embeddable":true,"href":"https:\/\/www.europesays.com\/fr\/wp-json\/wp\/v2\/categories?post=1154146"},{"taxonomy":"post_tag","embeddable":true,"href":"https:\/\/www.europesays.com\/fr\/wp-json\/wp\/v2\/tags?post=1154146"}],"curies":[{"name":"wp","href":"https:\/\/api.w.org\/{rel}","templated":true}]}}