{"id":1154163,"date":"2026-08-28T15:17:18","date_gmt":"2026-08-28T15:17:18","guid":{"rendered":"https:\/\/www.europesays.com\/fr\/1154163\/"},"modified":"2026-08-28T15:17:18","modified_gmt":"2026-08-28T15:17:18","slug":"bien-sur-que-je-vais-lutiliser-en-allemagne-un-toboggan-geant-va-permettre-a-des-enfants-de-rentrer-plus-vite-de-lecole","status":"publish","type":"post","link":"https:\/\/www.europesays.com\/fr\/1154163\/","title":{"rendered":"\u00ab\u00a0Bien s\u00fbr que je vais l&rsquo;utiliser\u00a0\u00bb : en Allemagne, un toboggan g\u00e9ant va permettre \u00e0 des enfants de rentrer plus vite de l&rsquo;\u00e9cole"},"content":{"rendered":"<ul class=\"jsx-25100651 ArticleChapo__List\">\n<li class=\"jsx-25100651 ArticleChapo__List_Item flex\">En Allemagne, des \u00e9coliers vont pouvoir emprunter un moyen de transport \u00e9tonnant pour rentrer chez eux : un toboggan.<\/li>\n<li class=\"jsx-25100651 ArticleChapo__List_Item flex\">Une \u00e9quipe de TF1 s&rsquo;est rendue sur place pour en savoir plus.<\/li>\n<\/ul>\n<p><a href=\"https:\/\/www.tf1info.fr\/emissions\/tf1\/le-20h-11001\/\" rel=\"nofollow noopener\" class=\"jsx-2067374227 Link jsx-2275206292 jsx-1861676677\" target=\"_blank\"><\/p>\n<p style=\"font-weight:400\" class=\"jsx-3580589320\">Suivez la couverture compl\u00e8te<\/p>\n<p style=\"font-weight:800\" class=\"jsx-3580589320\">Le 20H<\/p>\n<p><\/a><a href=\"https:\/\/www.google.com\/preferences\/source?q=tf1info.fr\" class=\"jsx-2150648137 jsx-976369737 ActionButton ActionButton--withBorder\" rel=\"nofollow noopener\" target=\"_blank\"><\/p>\n<p> Ajoutez TF1info \u00e0 vos sources sur Google <\/p>\n<p><\/a><\/p>\n<p id=\"body-_R_17t7pm_-block-6\" data-module=\"article-paragraph\" class=\"jsx-2921227388 Paragraph Paragraph__End\">Qui n&rsquo;a jamais r\u00eav\u00e9 de rentrer de l&rsquo;\u00e9cole en toboggan ? Dans la ville de Calw, en Allemagne, une rampe de glisse qui mesure 60 m\u00e8tres de long est en cours de construction depuis cet \u00e9t\u00e9. L&rsquo;infrastructure doit permettre aux enfants de cette ville allemande de 25.000 habitants de rentrer plus vite \u00e0 la maison apr\u00e8s leur journ\u00e9e d&rsquo;\u00e9cole. \u00ab\u00a0L&rsquo;id\u00e9e est bonne. Je pense que c&rsquo;est bien\u00a0\u00bb, estime un p\u00e8re de famille interrog\u00e9 dans le reportage du 20H de TF1 \u00e0 retrouver en t\u00eate de cet article.<\/p>\n<p id=\"body-_R_17t7pm_-block-8\" data-module=\"article-paragraph\" class=\"jsx-2921227388 Paragraph Paragraph__End\">Sans surprise, les \u00e9coliers tr\u00e9pignent d\u00e9j\u00e0 d&rsquo;impatience. \u00ab\u00a0Ce serait vraiment g\u00e9nial de glisser ici\u00a0\u00bb, s&rsquo;imagine d\u00e9j\u00e0 un jeune gar\u00e7on interrog\u00e9 face \u00e0 notre cam\u00e9ra. \u00ab\u00a0On n&rsquo;aurait pas \u00e0 descendre \u00e0 pied. Ce serait moins fatigant, et les enfants rentreront plus vite \u00e0 la maison\u00a0\u00bb. En effet, c&rsquo;est l&rsquo;objectif. \u00c0 Calw, plusieurs \u00e9coles de la ville se trouvent \u00e0 l&rsquo;\u00e9cart, au sommet d&rsquo;une colline. Pour le moment, les \u00e9l\u00e8ves y vont en voiture ou en bus scolaire.\u00a0<\/p>\n<blockquote class=\"jsx-1755845245 Quote__Text\"><p>Si vous comparez le trajet en bus avec le trajet \u00e0 faire ici, on a 2 minutes compar\u00e9es \u00e0 15 minutes, donc on pense que \u00e7a va \u00eatre tr\u00e8s utile<\/p><\/blockquote>\n<p> Isabelle G\u00f6tz, responsable \u00e9ducation, culture et tourisme \u00e0 la municipalit\u00e9 de Calw<\/p>\n<p id=\"body-_R_17t7pm_-block-12\" data-module=\"article-paragraph\" class=\"jsx-2921227388 Paragraph Paragraph__End\">Gr\u00e2ce \u00e0 ce toboggan g\u00e9ant, le temps de trajet pourrait \u00eatre r\u00e9duit par cinq, indique \u00e0 notre \u00e9quipe Isabelle G\u00f6tz, responsable \u00e9ducation, culture et tourisme \u00e0 la municipalit\u00e9 de Calw. \u00ab\u00a0Si vous comparez le trajet en bus avec le trajet \u00e0 faire ici, on a 2 minutes compar\u00e9es \u00e0 15 minutes, donc on pense que \u00e7a va \u00eatre tr\u00e8s utile\u00a0\u00bb, fait valoir l&rsquo;\u00e9lue.\u00a0<\/p>\n<p><a href=\"https:\/\/www.tf1info.fr\/vie-pro\/reportage-testeur-de-toboggans-le-job-de-cet-ancien-maitre-nageur-fait-encore-plus-rever-en-periode-de-canicule-2449617.html\" rel=\"nofollow noopener\" class=\"jsx-958316424 Link flex\" target=\"_blank\"><img decoding=\"async\" src=\"https:\/\/www.europesays.com\/fr\/wp-content\/uploads\/2026\/08\/capjta-test-toboggan-ca590e-0@1x.jpeg\" alt=\"CAPJTA test toboggan\" loading=\"lazy\" importance=\"low\" fetchpriority=\"low\" class=\"\" copyright=\"TF1\" aria-hidden=\"true\"\/><\/p>\n<p class=\"jsx-4054529586 ReadMoreArticle__Title\">Lire aussi<\/p>\n<p class=\"jsx-4054529586\">Testeur de toboggans : le job de cet ancien ma\u00eetre-nageur fait encore plus r\u00eaver en p\u00e9riode de canicule<\/p>\n<p><\/a><\/p>\n<p id=\"body-_R_17t7pm_-block-14\" data-module=\"article-paragraph\" class=\"jsx-2921227388 Paragraph Paragraph__End\">\u00ab\u00a0On esp\u00e8re que ce sera vraiment quelque chose de tous les jours emprunt\u00e9 par les gens qui sont ici\u00a0\u00bb, ajoute-t-elle. Une nouvelle forme de mobilit\u00e9, \u00e0 la fois pratique, ludique et \u00e9cologique, dont chacun pourra profiter, enfants comme parent. \u00ab\u00a0Bien s\u00fbr que je vais l&rsquo;utiliser !\u00a0\u00bb, lance un p\u00e8re de famille. Pour cela, il va falloir patienter encore un peu. Le premier tour de glissade est attendu pour la prochaine rentr\u00e9e scolaire, qui aura lieu mi-septembre en Allemagne.\u00a0<\/p>\n<p>La r\u00e9daction de TF1info | Reportage : L\u00e9o FLEURANCE et Lucas RUCHE<\/p>\n","protected":false},"excerpt":{"rendered":"En Allemagne, des \u00e9coliers vont pouvoir emprunter un moyen de transport \u00e9tonnant pour rentrer chez eux : un&hellip;\n","protected":false},"author":2,"featured_media":1154164,"comment_status":"","ping_status":"","sticky":false,"template":"","format":"standard","meta":{"footnotes":"","_share_on_mastodon":"0"},"categories":[1587],"tags":[1111,11,672,1921,1804,1805,1803,1777,674,1801,1922,18766,1757,2952,12,1802,2803,133,1920],"class_list":["post-1154163","post","type-post","status-publish","format-standard","has-post-thumbnail","category-allemagne","tag-actu","tag-actualites","tag-allemagne","tag-article-video","tag-bundesrepublik-deutschland","tag-de","tag-deutschland","tag-eu","tag-europe","tag-germany","tag-info","tag-innovations-technologiques","tag-insolite","tag-le-20h","tag-news","tag-republique-federale-dallemagne","tag-transport","tag-video","tag-video-international"],"share_on_mastodon":{"url":"https:\/\/pubeurope.com\/@fr\/117173803894412451","error":""},"_links":{"self":[{"href":"https:\/\/www.europesays.com\/fr\/wp-json\/wp\/v2\/posts\/1154163","targetHints":{"allow":["GET"]}}],"collection":[{"href":"https:\/\/www.europesays.com\/fr\/wp-json\/wp\/v2\/posts"}],"about":[{"href":"https:\/\/www.europesays.com\/fr\/wp-json\/wp\/v2\/types\/post"}],"author":[{"embeddable":true,"href":"https:\/\/www.europesays.com\/fr\/wp-json\/wp\/v2\/users\/2"}],"replies":[{"embeddable":true,"href":"https:\/\/www.europesays.com\/fr\/wp-json\/wp\/v2\/comments?post=1154163"}],"version-history":[{"count":0,"href":"https:\/\/www.europesays.com\/fr\/wp-json\/wp\/v2\/posts\/1154163\/revisions"}],"wp:featuredmedia":[{"embeddable":true,"href":"https:\/\/www.europesays.com\/fr\/wp-json\/wp\/v2\/media\/1154164"}],"wp:attachment":[{"href":"https:\/\/www.europesays.com\/fr\/wp-json\/wp\/v2\/media?parent=1154163"}],"wp:term":[{"taxonomy":"category","embeddable":true,"href":"https:\/\/www.europesays.com\/fr\/wp-json\/wp\/v2\/categories?post=1154163"},{"taxonomy":"post_tag","embeddable":true,"href":"https:\/\/www.europesays.com\/fr\/wp-json\/wp\/v2\/tags?post=1154163"}],"curies":[{"name":"wp","href":"https:\/\/api.w.org\/{rel}","templated":true}]}}