{"id":1154185,"date":"2026-08-28T15:34:17","date_gmt":"2026-08-28T15:34:17","guid":{"rendered":"https:\/\/www.europesays.com\/fr\/1154185\/"},"modified":"2026-08-28T15:34:17","modified_gmt":"2026-08-28T15:34:17","slug":"poitiers-demenagement-sur-le-fil-pour-les-artistes-du-23","status":"publish","type":"post","link":"https:\/\/www.europesays.com\/fr\/1154185\/","title":{"rendered":"Poitiers : d\u00e9m\u00e9nagement sur le fil pour les artistes du 23"},"content":{"rendered":"<p>L\u2019odeur pr\u00e9gnante de la bombe de peinture commence \u00e0 se diffuser dans les \u00e9tages. Le 23, la friche artistique du 23, avenue de Paris, \u00e0 Poitiers, QG de l\u2019underground local, vit ses derni\u00e8res heures dans ses locaux historiques. Mercredi 2\u00a0septembre 2026, il faudra rendre d\u00e9finitivement les cl\u00e9s apr\u00e8s dix-neuf ann\u00e9es de pr\u00e9sence pour d\u00e9marrer une nouvelle aventure.<\/p>\n<p>Le d\u00e9m\u00e9nagement, qui se poursuit, en aura \u00e9t\u00e9 une \u00e0 lui tout seul avec son lot de rebondissements et de coups du sort. Apr\u00e8s <a target=\"_self\" href=\"https:\/\/www.lanouvellerepublique.fr\/poitiers\/poitiers-le-proprietaire-a-fait-volte-face-le-demenagement-des-artistes-du-23-compromis-1787220107\" rel=\"nofollow noopener\">un d\u00e9m\u00e9nagement dans un grand hangar du quartier du Pont-Neuf avort\u00e9<\/a> au dernier moment la semaine derni\u00e8re, les artistes du collectif sont parvenus \u00e0 trouver un nouveau point de chute.<\/p>\n<p>Il a fallu en urgence rebattre les cartes\u2026 et continuer \u00e0 vider la masse de mat\u00e9riel, mobilier et cr\u00e9ations entrepos\u00e9es au fil des ans.<\/p>\n<p>L\u2019air de rien, la cr\u00e9ation se poursuit sur le site entre d\u00e9m\u00e9nagement et coup de peinture. Personne ne joue du pinceau pour rendre des murs vierges, non. Le 23 s\u2019offre un shoot de couleur.<\/p>\n<p>\u00ab\u00a0C\u2019est un retour pour moi, lance Mars Calligraphy, en plein bombage solo. Je suis venu \u00e0 fois pour donner un coup de main pour d\u00e9m\u00e9nager et pour le graph.\u00a0\u00bb Les as de la bombe devraient continuer \u00e0 se pr\u00e9senter avant la restitution des lieux pour continuer \u00e0 apporter la touche finale.<\/p>\n","protected":false},"excerpt":{"rendered":"L\u2019odeur pr\u00e9gnante de la bombe de peinture commence \u00e0 se diffuser dans les \u00e9tages. Le 23, la friche&hellip;\n","protected":false},"author":2,"featured_media":1154186,"comment_status":"","ping_status":"","sticky":false,"template":"","format":"standard","meta":{"footnotes":"","_share_on_mastodon":"0"},"categories":[1358],"tags":[1392,1348,1384,1385,1386,58,59,1011,27,1393,1653,1584],"class_list":["post-1154185","post","type-post","status-publish","format-standard","has-post-thumbnail","category-arts-et-design","tag-a-la-une-local","tag-arts","tag-arts-and-design","tag-arts-et-design","tag-design","tag-divertissement","tag-entertainment","tag-fr","tag-france","tag-loisirs","tag-poitiers","tag-vienne"],"share_on_mastodon":{"url":"https:\/\/pubeurope.com\/@fr\/117173870139563922","error":""},"_links":{"self":[{"href":"https:\/\/www.europesays.com\/fr\/wp-json\/wp\/v2\/posts\/1154185","targetHints":{"allow":["GET"]}}],"collection":[{"href":"https:\/\/www.europesays.com\/fr\/wp-json\/wp\/v2\/posts"}],"about":[{"href":"https:\/\/www.europesays.com\/fr\/wp-json\/wp\/v2\/types\/post"}],"author":[{"embeddable":true,"href":"https:\/\/www.europesays.com\/fr\/wp-json\/wp\/v2\/users\/2"}],"replies":[{"embeddable":true,"href":"https:\/\/www.europesays.com\/fr\/wp-json\/wp\/v2\/comments?post=1154185"}],"version-history":[{"count":0,"href":"https:\/\/www.europesays.com\/fr\/wp-json\/wp\/v2\/posts\/1154185\/revisions"}],"wp:featuredmedia":[{"embeddable":true,"href":"https:\/\/www.europesays.com\/fr\/wp-json\/wp\/v2\/media\/1154186"}],"wp:attachment":[{"href":"https:\/\/www.europesays.com\/fr\/wp-json\/wp\/v2\/media?parent=1154185"}],"wp:term":[{"taxonomy":"category","embeddable":true,"href":"https:\/\/www.europesays.com\/fr\/wp-json\/wp\/v2\/categories?post=1154185"},{"taxonomy":"post_tag","embeddable":true,"href":"https:\/\/www.europesays.com\/fr\/wp-json\/wp\/v2\/tags?post=1154185"}],"curies":[{"name":"wp","href":"https:\/\/api.w.org\/{rel}","templated":true}]}}