{"id":1154201,"date":"2026-08-28T15:43:16","date_gmt":"2026-08-28T15:43:16","guid":{"rendered":"https:\/\/www.europesays.com\/fr\/1154201\/"},"modified":"2026-08-28T15:43:16","modified_gmt":"2026-08-28T15:43:16","slug":"linflation-aux-etats-unis-est-preoccupante-alerte-le-president-de-la-fed","status":"publish","type":"post","link":"https:\/\/www.europesays.com\/fr\/1154201\/","title":{"rendered":"L\u2019inflation aux \u00c9tats-Unis est \u00abpr\u00e9occupante\u00bb, alerte le pr\u00e9sident de la Fed"},"content":{"rendered":"<p>\n    \u00abDans l\u2019ensemble, je serais difficilement en mesure de d\u00e9crire les conditions financi\u00e8res comme restrictives\u00bb, a d\u00e9clar\u00e9 Kevin Warsh lors de son premier discours aux rencontres annuelles de Jackson Hole, dans un parc national de l\u2019ouest des \u00c9tats-Unis.<\/p>\n<p class=\"fig-paragraph\">Le pr\u00e9sident de la R\u00e9serve f\u00e9d\u00e9rale am\u00e9ricaine (Fed) a estim\u00e9 vendredi que l\u2019inflation \u00e9tait \u00abpr\u00e9occupante\u00bb aux \u00c9tats-Unis et qu\u2019il pouvait \u00abdifficilement\u00bb qualifier la politique mon\u00e9taire de \u00abrestrictive\u00bb, des propos d\u00e9notant une certaine fermet\u00e9 avant la prochaine r\u00e9union sur les taux d\u2019int\u00e9r\u00eat. \u00abDans l\u2019ensemble, je serais difficilement en mesure de d\u00e9crire les conditions financi\u00e8res comme restrictives\u00bb, a d\u00e9clar\u00e9\u00a0<a href=\"http:\/\/www.lefigaro.fr\/conjoncture\/fed-kevin-warsh-reporte-une-eventuelle-hausse-de-taux-a-l-automne-20260730\" target=\"_blank\" data-fig-type=\"Article\" rel=\"noopener nofollow\" data-gtm-custom-categorie=\"navigation\" data-gtm-custom-action=\"crossclick\" data-gtm-custom-label=\"Contextuel\" data-gtm-event=\"customEventSPE\" data-fig-domain=\"LEFIGARO\">Kevin Warsh<\/a>\u00a0lors de son premier discours aux rencontres annuelles de Jackson Hole, dans un parc national de l\u2019ouest des \u00c9tats-Unis.<\/p>\n<p class=\"fig-paragraph\">Sa prise de parole \u00e9tait tr\u00e8s attendue par les investisseurs, frustr\u00e9s par sa communication au compte-goutte depuis sa prise de fonction en mai. Devant un parterre de d\u00e9cideurs mon\u00e9taires, Kevin Warsh a r\u00e9p\u00e9t\u00e9 qu\u2019il \u00e9tait de \u00ablongue date\u00bb contre l\u2019id\u00e9e de communiquer sur la trajectoire possible des taux directeurs am\u00e9ricains. Ses d\u00e9clarations laissent toutefois peu d\u2019ambigu\u00eft\u00e9 sur le fait que la lutte contre l\u2019inflation est \u00abmaintenant\u00bb la priorit\u00e9. La hausse des prix, qu\u2019il qualifie de \u00abpr\u00e9occupante\u00bb, \u00e9tait encore de 3,7% sur un an en juillet. La Fed vise 2%, un objectif manqu\u00e9 depuis plus de cinq ans. \u00c0 l\u2019inverse, Kevin Warsh se dit \u00abimpressionn\u00e9 par la performance g\u00e9n\u00e9rale\u00bb de la premi\u00e8re \u00e9conomie mondiale, \u00abqui semble s\u2019\u00eatre renforc\u00e9e\u00bb. Du c\u00f4t\u00e9 du march\u00e9 du travail, \u00abnotre pays se porte bien\u00bb.<\/p>\n<p>                                            <a class=\"fig-a11y-skip\" href=\"#fig-a11y-skip-main-inarticle\" is=\"fig-a11y-skip\" data-trigger-mode=\"visible-once\"><br \/>\n    Passer la publicit\u00e9<br \/>\n<\/a>            <\/p>\n<p>                                            Vers un durcissement de la politique mon\u00e9taire\u00a0?<\/p>\n<p class=\"fig-paragraph\">La banque centrale am\u00e9ricaine est charg\u00e9e de ma\u00eetriser l\u2019inflation sans casser l\u2019emploi\u00a0: les taux sont relev\u00e9s pour calmer les tensions sur les prix, ou abaiss\u00e9s pour relancer la machine \u00e9conomique et \u00e9viter que des personnes se retrouvent au ch\u00f4mage. Une telle insistance sur l\u2019inflation laisse g\u00e9n\u00e9ralement pr\u00e9sager un durcissement de la politique mon\u00e9taire. Kevin Warsh a \u00e9t\u00e9 d\u00e9sign\u00e9 par le pr\u00e9sident Donald Trump qui ne cache pas attendre de lui des taux directeurs plus bas pour stimuler l\u2019activit\u00e9. Ceux-ci se situent entre 3,50% et 3,75% actuellement. Le chef de l\u2019\u00c9tat a men\u00e9 une campagne de pression contre son pr\u00e9d\u00e9cesseur Jerome Powell, qui s\u2019est r\u00e9guli\u00e8rement \u00e9lev\u00e9 pour d\u00e9fendre l\u2019ind\u00e9pendance de l\u2019institution. Le discours de Kevin Warsh ne mentionne pas cette question.<\/p>\n<p class=\"fig-paragraph\">La prochaine r\u00e9union de la Fed se tiendra mi-septembre. Lors de la pr\u00e9c\u00e9dente, trois des douze votants ont affich\u00e9 leur d\u00e9saccord. Ils voulaient une hausse des taux. C\u2019est le statu quo qui l\u2019a finalement emport\u00e9 (les taux n\u2019ont plus boug\u00e9 depuis d\u00e9cembre 2025).<\/p>\n","protected":false},"excerpt":{"rendered":"\u00abDans l\u2019ensemble, je serais difficilement en mesure de d\u00e9crire les conditions financi\u00e8res comme restrictives\u00bb, a d\u00e9clar\u00e9 Kevin Warsh&hellip;\n","protected":false},"author":2,"featured_media":1154202,"comment_status":"","ping_status":"","sticky":false,"template":"","format":"standard","meta":{"footnotes":"","_share_on_mastodon":"0"},"categories":[6],"tags":[35,33,34,73,7512,1011,27,9345],"class_list":["post-1154201","post","type-post","status-publish","format-standard","has-post-thumbnail","category-economie","tag-business","tag-economie","tag-economy","tag-etats-unis","tag-fed","tag-fr","tag-france","tag-inflation"],"share_on_mastodon":{"url":"https:\/\/pubeurope.com\/@fr\/117173905309122078","error":""},"_links":{"self":[{"href":"https:\/\/www.europesays.com\/fr\/wp-json\/wp\/v2\/posts\/1154201","targetHints":{"allow":["GET"]}}],"collection":[{"href":"https:\/\/www.europesays.com\/fr\/wp-json\/wp\/v2\/posts"}],"about":[{"href":"https:\/\/www.europesays.com\/fr\/wp-json\/wp\/v2\/types\/post"}],"author":[{"embeddable":true,"href":"https:\/\/www.europesays.com\/fr\/wp-json\/wp\/v2\/users\/2"}],"replies":[{"embeddable":true,"href":"https:\/\/www.europesays.com\/fr\/wp-json\/wp\/v2\/comments?post=1154201"}],"version-history":[{"count":0,"href":"https:\/\/www.europesays.com\/fr\/wp-json\/wp\/v2\/posts\/1154201\/revisions"}],"wp:featuredmedia":[{"embeddable":true,"href":"https:\/\/www.europesays.com\/fr\/wp-json\/wp\/v2\/media\/1154202"}],"wp:attachment":[{"href":"https:\/\/www.europesays.com\/fr\/wp-json\/wp\/v2\/media?parent=1154201"}],"wp:term":[{"taxonomy":"category","embeddable":true,"href":"https:\/\/www.europesays.com\/fr\/wp-json\/wp\/v2\/categories?post=1154201"},{"taxonomy":"post_tag","embeddable":true,"href":"https:\/\/www.europesays.com\/fr\/wp-json\/wp\/v2\/tags?post=1154201"}],"curies":[{"name":"wp","href":"https:\/\/api.w.org\/{rel}","templated":true}]}}