{"id":115423,"date":"2025-05-20T22:48:09","date_gmt":"2025-05-20T22:48:09","guid":{"rendered":"https:\/\/www.europesays.com\/fr\/115423\/"},"modified":"2025-05-20T22:48:09","modified_gmt":"2025-05-20T22:48:09","slug":"donald-trump-annonce-la-construction-dun-bouclier-antimissiles-dome-dor-pour-les-etats-unis","status":"publish","type":"post","link":"https:\/\/www.europesays.com\/fr\/115423\/","title":{"rendered":"Donald Trump annonce la construction d\u2019un bouclier antimissiles \u00abD\u00f4me d\u2019or\u00bb pour les \u00c9tats-Unis"},"content":{"rendered":"<p>Le pr\u00e9sident am\u00e9ricain a annonc\u00e9 que ce projet de s\u00e9curit\u00e9 nationale co\u00fbterait 175 milliards de dollars et devrait \u00eatre op\u00e9rationnel d\u2019ici la fin de son mandat.<\/p>\n<p class=\"fig-paragraph\">Donald Trump a annonc\u00e9 mardi que les \u00c9tats-Unis allaient construire un syst\u00e8me de\u00a0<a href=\"http:\/\/www.lefigaro.fr\/international\/donald-trump-veut-un-bouclier-antimissiles-de-type-dome-de-fer-pour-les-etats-unis-20250128\" data-fig-type=\"NewsFlash\" data-gtm-custom-categorie=\"navigation\" data-gtm-custom-action=\"crossclick\" data-gtm-custom-label=\"Contextuel\" data-gtm-event=\"customEventSPE\" data-fig-domain=\"LEFIGARO\" rel=\"nofollow noopener\" target=\"_blank\">d\u00e9fense antimissiles<\/a>\u00a0sur le mod\u00e8le du \u00abD\u00f4me de fer\u00bb isra\u00e9lien, et que le pr\u00e9sident am\u00e9ricain a baptis\u00e9 \u00abD\u00f4me d\u2019or\u00bb.<\/p>\n<p class=\"fig-paragraph\">\u00abJ\u2019ai le plaisir d\u2019annoncer que nous avons officiellement s\u00e9lectionn\u00e9 une architecture pour ce syst\u00e8me dernier cri\u00bb, a d\u00e9clar\u00e9 Donald Trump \u00e0 la presse dans le Bureau ovale de la Maison-Blanche, pr\u00e9cisant que le Canada rejoindra cette initiative qui sera op\u00e9rationnelle d\u2019ici la fin de son mandat et aura un co\u00fbt total d\u2019\u00abenviron 175 milliards de dollars une fois termin\u00e9e\u00bb.<\/p>\n<p class=\"fig-paragraph\">\u00abUne fois achev\u00e9, le D\u00f4me d\u2019or sera capable d\u2019intercepter des missiles m\u00eame s\u2019ils sont lanc\u00e9s de l\u2019autre c\u00f4t\u00e9 de la Terre et m\u00eame s\u2019ils sont lanc\u00e9s depuis l\u2019espace\u00bb, a-t-il ajout\u00e9. \u00abC\u2019est tr\u00e8s important pour la r\u00e9ussite et m\u00eame la survie de notre pays\u00bb, a assur\u00e9 le r\u00e9publicain.<\/p>\n<p class=\"fig-paragraph\">Donald Trump a annonc\u00e9 lors de cette conf\u00e9rence de presse que le g\u00e9n\u00e9ral Michael Guetlein de la Force spatiale am\u00e9ricaine serait le principal responsable du programme de d\u00e9fense visant \u00e0 bloquer les menaces chinoises et russes. Fin janvier, Donald Trump avait sign\u00e9 un d\u00e9cret pour d\u00e9velopper un \u00abD\u00f4me de fer am\u00e9ricain\u00bb, soit selon la Maison Blanche un bouclier de d\u00e9fense antimissiles total pour prot\u00e9ger le territoire am\u00e9ricain. La Russie et la Chine avaient alors critiqu\u00e9 cette annonce, Moscou y voyant un plan \u00abcomparable \u00e0 la guerre des \u00e9toiles\u00bb soutenu par Ronald Reagan durant la Guerre froide.<\/p>\n<p>Les d\u00e9mocrates inquiets du r\u00f4le de SpaceX<\/p>\n<p class=\"fig-paragraph\">Les l\u00e9gislateurs d\u00e9mocrates ont pour leur part exprim\u00e9 leurs inqui\u00e9tudes quant au processus d\u2019approvisionnement et \u00e0 l\u2019implication de SpaceX, entreprise d\u2019Elon Musk, qui s\u2019est impos\u00e9 comme un favori aux c\u00f4t\u00e9s de Palantir et Anduril pour la construction des composants cl\u00e9s du syst\u00e8me.<\/p>\n<p class=\"fig-paragraph\">Donald Trump avait d\u00e9j\u00e0 \u00e9voqu\u00e9 ce projet de bouclier antimissiles dans sa campagne, mais les experts soulignent que ces syst\u00e8mes sont con\u00e7us \u00e0 l\u2019origine pour r\u00e9pondre \u00e0 des attaques men\u00e9es \u00e0 courte ou moyenne distance, et non pas pour intercepter des missiles \u00e0 port\u00e9e intercontinentale susceptibles de frapper les \u00c9tats-Unis.<\/p>\n","protected":false},"excerpt":{"rendered":"Le pr\u00e9sident am\u00e9ricain a annonc\u00e9 que ce projet de s\u00e9curit\u00e9 nationale co\u00fbterait 175 milliards de dollars et devrait&hellip;\n","protected":false},"author":2,"featured_media":115424,"comment_status":"","ping_status":"","sticky":false,"template":"","format":"standard","meta":{"footnotes":""},"categories":[5],"tags":[259,11,260,75,73,1011,27,14,261,12,262,28],"class_list":{"0":"post-115423","1":"post","2":"type-post","3":"status-publish","4":"format-standard","5":"has-post-thumbnail","7":"category-international","8":"tag-actualite-internationale","9":"tag-actualites","10":"tag-affaires-etrangeres","11":"tag-donald-trump","12":"tag-etats-unis","13":"tag-fr","14":"tag-france","15":"tag-international","16":"tag-ministere-des-affaires-etrangeres","17":"tag-news","18":"tag-politique-etrangere","19":"tag-world"},"share_on_mastodon":{"url":"https:\/\/pubeurope.com\/@fr\/114542602113839452","error":""},"_links":{"self":[{"href":"https:\/\/www.europesays.com\/fr\/wp-json\/wp\/v2\/posts\/115423","targetHints":{"allow":["GET"]}}],"collection":[{"href":"https:\/\/www.europesays.com\/fr\/wp-json\/wp\/v2\/posts"}],"about":[{"href":"https:\/\/www.europesays.com\/fr\/wp-json\/wp\/v2\/types\/post"}],"author":[{"embeddable":true,"href":"https:\/\/www.europesays.com\/fr\/wp-json\/wp\/v2\/users\/2"}],"replies":[{"embeddable":true,"href":"https:\/\/www.europesays.com\/fr\/wp-json\/wp\/v2\/comments?post=115423"}],"version-history":[{"count":0,"href":"https:\/\/www.europesays.com\/fr\/wp-json\/wp\/v2\/posts\/115423\/revisions"}],"wp:featuredmedia":[{"embeddable":true,"href":"https:\/\/www.europesays.com\/fr\/wp-json\/wp\/v2\/media\/115424"}],"wp:attachment":[{"href":"https:\/\/www.europesays.com\/fr\/wp-json\/wp\/v2\/media?parent=115423"}],"wp:term":[{"taxonomy":"category","embeddable":true,"href":"https:\/\/www.europesays.com\/fr\/wp-json\/wp\/v2\/categories?post=115423"},{"taxonomy":"post_tag","embeddable":true,"href":"https:\/\/www.europesays.com\/fr\/wp-json\/wp\/v2\/tags?post=115423"}],"curies":[{"name":"wp","href":"https:\/\/api.w.org\/{rel}","templated":true}]}}