{"id":1154259,"date":"2026-08-28T16:22:17","date_gmt":"2026-08-28T16:22:17","guid":{"rendered":"https:\/\/www.europesays.com\/fr\/1154259\/"},"modified":"2026-08-28T16:22:17","modified_gmt":"2026-08-28T16:22:17","slug":"marseille-sous-le-sable-du-sahara-cest-vraiment-la-premiere-annee-ou-il-y-en-a-autant","status":"publish","type":"post","link":"https:\/\/www.europesays.com\/fr\/1154259\/","title":{"rendered":"Marseille sous le sable du Sahara : \u00ab\u00a0C&rsquo;est vraiment la premi\u00e8re ann\u00e9e o\u00f9 il y en a autant\u00a0\u00bb"},"content":{"rendered":"<ul class=\"jsx-25100651 ArticleChapo__List\">\n<li class=\"jsx-25100651 ArticleChapo__List_Item flex\">Ce vendredi matin, les habitants de Marseille se sont r\u00e9veill\u00e9s avec leurs voitures recouvertes de poussi\u00e8re jaune ou orange.<\/li>\n<li class=\"jsx-25100651 ArticleChapo__List_Item flex\">Ce sable ne vient pas de la plage, mais du d\u00e9sert du Sahara, d&rsquo;o\u00f9 il a \u00e9t\u00e9 transport\u00e9 par le sirocco.<\/li>\n<li class=\"jsx-25100651 ArticleChapo__List_Item flex\">Une \u00e9quipe de TF1 s&rsquo;est rendue sur place.<\/li>\n<\/ul>\n<p><a href=\"https:\/\/www.tf1info.fr\/emissions\/tf1\/le-13h-10927\/\" rel=\"nofollow noopener\" class=\"jsx-2067374227 Link jsx-2275206292 jsx-1861676677\" target=\"_blank\"><\/p>\n<p style=\"font-weight:400\" class=\"jsx-3580589320\">Suivez la couverture compl\u00e8te<\/p>\n<p style=\"font-weight:800\" class=\"jsx-3580589320\">Le 13H<\/p>\n<p><\/a><a href=\"https:\/\/www.google.com\/preferences\/source?q=tf1info.fr\" class=\"jsx-2150648137 jsx-976369737 ActionButton ActionButton--withBorder\" rel=\"nofollow noopener\" target=\"_blank\"><\/p>\n<p> Ajoutez TF1info \u00e0 vos sources sur Google <\/p>\n<p><\/a><\/p>\n<p id=\"body-_R_17t7pm_-block-6\" data-module=\"article-paragraph\" class=\"jsx-2921227388 Paragraph Paragraph__End\">Du sable du Sahara&#8230; \u00e0 Marseille. Chaque ann\u00e9e, entre juin et octobre, des poussi\u00e8res en provenance du Sahara traversent la mer M\u00e9diterran\u00e9e, transport\u00e9es en haute altitude par les vents. Ce vendredi matin, dans la cit\u00e9 phoc\u00e9enne, les voitures et les tables des caf\u00e9s \u00e9taient recouvertes d&rsquo;une fine couche de poussi\u00e8res de couleur jaune orang\u00e9e. \u00ab\u00a0C&rsquo;est vraiment la premi\u00e8re ann\u00e9e o\u00f9 il y en a autant\u00a0\u00bb, constate un automobiliste interrog\u00e9 dans le reportage du JT de TF1 \u00e0 voir en t\u00eate de cet article.\u00a0<\/p>\n<p id=\"body-_R_17t7pm_-block-7\" data-module=\"article-paragraph\" class=\"jsx-2921227388 Paragraph Paragraph__End\">Un peu partout dans la ville, les stations de lavage ont rapidement \u00e9t\u00e9 prises d&rsquo;assaut. \u00ab\u00a0Je n&rsquo;aime pas quand ma voiture est sale. Je ne vois rien, c&rsquo;est tout marron\u00a0\u00bb, lance, amus\u00e9e, une femme devant notre cam\u00e9ra. Du c\u00f4t\u00e9 des restaurateurs, c&rsquo;est tout le mobilier d&rsquo;ext\u00e9rieur qu&rsquo;il a fallu nettoyer avant l&rsquo;arriv\u00e9e des clients. \u00ab\u00a0\u00c7a fait de la boue sur les tables\u00a0\u00bb, explique un gar\u00e7on de caf\u00e9 en train de s&rsquo;affairer avec une raclette et du produit nettoyant.<\/p>\n<p>Un ph\u00e9nom\u00e8ne qui d\u00e9grade la qualit\u00e9 de l&rsquo;air<\/p>\n<p id=\"body-_R_17t7pm_-block-11\" data-module=\"article-paragraph\" class=\"jsx-2921227388 Paragraph Paragraph__End\">Ce sable a \u00e9t\u00e9 transport\u00e9 par le sirocco, un vent chaud et sec d&rsquo;Afrique du Nord. \u00ab\u00a0Ce puissant flux de sud-est \u00e0 sud-ouest a soulev\u00e9 de grandes quantit\u00e9s de poussi\u00e8res en provenance du Sahara. Et cela les a transport\u00e9es sur plusieurs milliers de kilom\u00e8tres jusqu&rsquo;\u00e0 notre r\u00e9gion. On a eu des d\u00e9p\u00f4ts au sol par les pr\u00e9cipitations. Elles \u00e9taient faibles, mais du coup tr\u00e8s charg\u00e9es en sable\u00a0\u00bb, d\u00e9taille le m\u00e9t\u00e9orologue ind\u00e9pendant Yohan Laurito.<\/p>\n<p><a href=\"https:\/\/www.tf1info.fr\/meteo\/video-tf1-sahara-les-images-saisissantes-de-la-tempete-de-sable-plus-large-que-la-france-qui-a-balaye-le-nord-ouest-de-l-afrique-et-les-canaries-2433599.html\" rel=\"nofollow noopener\" class=\"jsx-958316424 Link flex\" target=\"_blank\"><img decoding=\"async\" src=\"https:\/\/www.europesays.com\/fr\/wp-content\/uploads\/2026\/08\/capture-jt-tempete-de-sable-geante-sahara-42448b-1@1x.jpeg\" alt=\"La temp\u00eate de sable gargantuesque ayant balay\u00e9 le Sahara ce mardi 31 mars.\" loading=\"lazy\" importance=\"low\" fetchpriority=\"low\" class=\"\" copyright=\"Capture d'\u00e9cran TF1\" aria-hidden=\"true\"\/><\/p>\n<p class=\"jsx-4054529586 ReadMoreArticle__Title\">Lire aussi<\/p>\n<p class=\"jsx-4054529586\">Sahara : les images saisissantes d&rsquo;une temp\u00eate de sable plus large que la France<\/p>\n<p><\/a><\/p>\n<p id=\"body-_R_17t7pm_-block-13\" data-module=\"article-paragraph\" class=\"jsx-2921227388 Paragraph\">\u00ab\u00a0Je sens une g\u00eane au niveau des poumons plus que d&rsquo;habitude, et la gorge tr\u00e8s s\u00e8che. Je marche un peu plus doucement et j&rsquo;essaye de faire avec\u00a0\u00bb, confie une habitante. Ces poussi\u00e8res issues de temp\u00eates de sable peuvent affecter la sant\u00e9 humaine, m\u00eame si ces derni\u00e8res sont toutefois moins toxiques que les particules ultrafines issues du trafic routier, du chauffage au bois, du charbon ou des incendies. Lors de ces \u00e9pisodes, de nombreux habitants ressentent des picotements aux yeux, une gorge s\u00e8che ou des difficult\u00e9s respiratoires. Les particules fines p\u00e9n\u00e8trent profond\u00e9ment dans le syst\u00e8me respiratoire et menacent en premier lieu les personnes fragiles.<\/p>\n<p data-module=\"article-paragraph\" class=\"jsx-2921227388 Paragraph Paragraph__End\">\u00a0\u00a0Les d\u00e9partements du Var et des Alpes-Maritimes ont \u00e9t\u00e9 plac\u00e9s en vigilance \u00ab\u00a0pollution\u00a0\u00bb. Les autorit\u00e9s recommandent aux populations vuln\u00e9rables et sensibles, femmes enceintes, jeunes enfants, personnes \u00e2g\u00e9es et malades chroniques, de limiter les efforts physiques et les d\u00e9placements.\u00a0<\/p>\n<p>La r\u00e9daction de TF1info  | Reportage :  Tristan VARTANIAN et Emma ALONSO<\/p>\n","protected":false},"excerpt":{"rendered":"Ce vendredi matin, les habitants de Marseille se sont r\u00e9veill\u00e9s avec leurs voitures recouvertes de poussi\u00e8re jaune ou&hellip;\n","protected":false},"author":2,"featured_media":1154260,"comment_status":"","ping_status":"","sticky":false,"template":"","format":"standard","meta":{"footnotes":"","_share_on_mastodon":"0"},"categories":[2814],"tags":[1111,11,1921,1777,674,1011,27,1922,5008,884,12,11008,1800,882,25,133,14529],"class_list":["post-1154259","post","type-post","status-publish","format-standard","has-post-thumbnail","category-marseille","tag-actu","tag-actualites","tag-article-video","tag-eu","tag-europe","tag-fr","tag-france","tag-info","tag-le-13h","tag-marseille","tag-news","tag-phenomenes-meteo","tag-pollution","tag-provence-alpes-cote-dazur","tag-republique-francaise","tag-video","tag-video-regions"],"share_on_mastodon":{"url":"https:\/\/pubeurope.com\/@fr\/117174060586206520","error":""},"_links":{"self":[{"href":"https:\/\/www.europesays.com\/fr\/wp-json\/wp\/v2\/posts\/1154259","targetHints":{"allow":["GET"]}}],"collection":[{"href":"https:\/\/www.europesays.com\/fr\/wp-json\/wp\/v2\/posts"}],"about":[{"href":"https:\/\/www.europesays.com\/fr\/wp-json\/wp\/v2\/types\/post"}],"author":[{"embeddable":true,"href":"https:\/\/www.europesays.com\/fr\/wp-json\/wp\/v2\/users\/2"}],"replies":[{"embeddable":true,"href":"https:\/\/www.europesays.com\/fr\/wp-json\/wp\/v2\/comments?post=1154259"}],"version-history":[{"count":0,"href":"https:\/\/www.europesays.com\/fr\/wp-json\/wp\/v2\/posts\/1154259\/revisions"}],"wp:featuredmedia":[{"embeddable":true,"href":"https:\/\/www.europesays.com\/fr\/wp-json\/wp\/v2\/media\/1154260"}],"wp:attachment":[{"href":"https:\/\/www.europesays.com\/fr\/wp-json\/wp\/v2\/media?parent=1154259"}],"wp:term":[{"taxonomy":"category","embeddable":true,"href":"https:\/\/www.europesays.com\/fr\/wp-json\/wp\/v2\/categories?post=1154259"},{"taxonomy":"post_tag","embeddable":true,"href":"https:\/\/www.europesays.com\/fr\/wp-json\/wp\/v2\/tags?post=1154259"}],"curies":[{"name":"wp","href":"https:\/\/api.w.org\/{rel}","templated":true}]}}