{"id":1154357,"date":"2026-08-28T17:28:15","date_gmt":"2026-08-28T17:28:15","guid":{"rendered":"https:\/\/www.europesays.com\/fr\/1154357\/"},"modified":"2026-08-28T17:28:15","modified_gmt":"2026-08-28T17:28:15","slug":"handball-je-le-prends-comme-un-cadeau-pour-le-strasbourg-ath-saint-amand-est-ladversaire-ideal-pour-lancer-la-saison","status":"publish","type":"post","link":"https:\/\/www.europesays.com\/fr\/1154357\/","title":{"rendered":"Handball. \u00ab\u00a0Je le prends comme un cadeau \u00bb :\u00a0pour le Strasbourg ATH, Saint-Amand est l&rsquo;adversaire id\u00e9al pour lancer la saison"},"content":{"rendered":"<p>Yacine Messaoudi, le nouvel entra\u00eeneur du Strasbourg ATH, a d\u00e9j\u00e0 apport\u00e9 son style aux \u201cPiraths\u201d, que ce soit dans le jeu ou dans le discours.<\/p>\n<p>\u00ab\u00a0Je ressens beaucoup d\u2019excitation \u00e0 l\u2019id\u00e9e de d\u00e9marrer la saison, on s\u2019entra\u00eene depuis plus de six semaines, j\u2019ai h\u00e2te de d\u00e9marrer la comp\u00e9tition. C\u2019est ce que j\u2019ai envie de transmettre au groupe, aux joueuses.\u00a0\u00bb<\/p>\n<p>Une reprise abrupte chez un Europ\u00e9en<\/p>\n<p>Dans cette saison particuli\u00e8re, avec une nouvelle formule de comp\u00e9tition, il faudra s\u2019adapter et savoir poser ses jalons t\u00f4t pour r\u00e9ussir cet exercice. Le SATH&#8230;<\/p>\n","protected":false},"excerpt":{"rendered":"Yacine Messaoudi, le nouvel entra\u00eeneur du Strasbourg ATH, a d\u00e9j\u00e0 apport\u00e9 son style aux \u201cPiraths\u201d, que ce soit&hellip;\n","protected":false},"author":2,"featured_media":1154358,"comment_status":"","ping_status":"","sticky":false,"template":"","format":"standard","meta":{"footnotes":"","_share_on_mastodon":"0"},"categories":[2820],"tags":[328,1111,11,2649,2880,1777,674,1701,1011,27,775,1792,12,25,7770,517,640,12904,79022,18463],"class_list":["post-1154357","post","type-post","status-publish","format-standard","has-post-thumbnail","category-strasbourg","tag-a-la-une","tag-actu","tag-actualites","tag-bas-rhin","tag-edition-strasbourg","tag-eu","tag-europe","tag-fil-info-sport","tag-fr","tag-france","tag-grand-est","tag-handball","tag-news","tag-republique-francaise","tag-secteur-de-truchtersheim","tag-sport","tag-strasbourg","tag-strasbourg-ath","tag-strasbourg-campagne","tag-truchtersheim"],"share_on_mastodon":{"url":"https:\/\/pubeurope.com\/@fr\/117174318428069716","error":""},"_links":{"self":[{"href":"https:\/\/www.europesays.com\/fr\/wp-json\/wp\/v2\/posts\/1154357","targetHints":{"allow":["GET"]}}],"collection":[{"href":"https:\/\/www.europesays.com\/fr\/wp-json\/wp\/v2\/posts"}],"about":[{"href":"https:\/\/www.europesays.com\/fr\/wp-json\/wp\/v2\/types\/post"}],"author":[{"embeddable":true,"href":"https:\/\/www.europesays.com\/fr\/wp-json\/wp\/v2\/users\/2"}],"replies":[{"embeddable":true,"href":"https:\/\/www.europesays.com\/fr\/wp-json\/wp\/v2\/comments?post=1154357"}],"version-history":[{"count":0,"href":"https:\/\/www.europesays.com\/fr\/wp-json\/wp\/v2\/posts\/1154357\/revisions"}],"wp:featuredmedia":[{"embeddable":true,"href":"https:\/\/www.europesays.com\/fr\/wp-json\/wp\/v2\/media\/1154358"}],"wp:attachment":[{"href":"https:\/\/www.europesays.com\/fr\/wp-json\/wp\/v2\/media?parent=1154357"}],"wp:term":[{"taxonomy":"category","embeddable":true,"href":"https:\/\/www.europesays.com\/fr\/wp-json\/wp\/v2\/categories?post=1154357"},{"taxonomy":"post_tag","embeddable":true,"href":"https:\/\/www.europesays.com\/fr\/wp-json\/wp\/v2\/tags?post=1154357"}],"curies":[{"name":"wp","href":"https:\/\/api.w.org\/{rel}","templated":true}]}}