{"id":115438,"date":"2025-05-20T22:55:09","date_gmt":"2025-05-20T22:55:09","guid":{"rendered":"https:\/\/www.europesays.com\/fr\/115438\/"},"modified":"2025-05-20T22:55:09","modified_gmt":"2025-05-20T22:55:09","slug":"pas-de-blocage-des-taxis-prevu-ce-mercredi-matin-dans-le-var-mais-le-mouvement-pourrait-reprendre-dans-la-journee","status":"publish","type":"post","link":"https:\/\/www.europesays.com\/fr\/115438\/","title":{"rendered":"Pas de blocage des taxis pr\u00e9vu ce mercredi matin dans le Var mais le mouvement pourrait reprendre dans la journ\u00e9e"},"content":{"rendered":"<p>Ce mardi vers 18 heures, le tunnel de Toulon a retrouv\u00e9 son usage apr\u00e8s une deuxi\u00e8me journ\u00e9e de blocage aux entr\u00e9es est et ouest. Ce mercredi matin, aucun blocage n\u2019est pr\u00e9vu. R\u00e9unis en fin de journ\u00e9e, les syndicats de taxis ont d\u00e9cid\u00e9 d\u2019assouplir leur mode de revendication. \u00ab\u00a0Nous estimons que nous avons suffisamment marqu\u00e9 les esprits \u00ab\u00a0, indiquent-ils.<\/p>\n<p>Toutefois, leur action continue. Ce mercredi matin (9h30), une d\u00e9l\u00e9gation sera re\u00e7ue \u00e0 la Caisse primaire d\u2019assurance maladie du Var (CPAM) pour pr\u00e9senter ses revendications. Celles-ci portent essentiellement sur le projet de changement de tarification faisant passer le transport m\u00e9dical de 26 \u00e0 13 euros. \u00ab\u00a0Les taxis convergeront librement \u00e0 des horaires d\u00e9cal\u00e9s pour ne pas g\u00eaner la circulation \u00a0\u00bb au si\u00e8ge la CPAM, situ\u00e9 dans le quartier de La Rode, \u00e0 Toulon.<\/p>\n<p>\u00ab\u00a0Une d\u00e9cision sur la suite du mouvement sera prise \u00e0 l\u2019issue de cette r\u00e9union \u00ab\u00a0, indiquent les repr\u00e9sentants syndicaux qui ne s\u2019interdisent donc pas de r\u00e9instaurer des barrages filtrants dans la journ\u00e9e.<\/p>\n<p>Par ailleurs, un cort\u00e8ge d\u2019une trentaine de taxis se rendra \u00e0 Paris dans la journ\u00e9e pour maintenir la pression sur le Gouvernement.<\/p>\n","protected":false},"excerpt":{"rendered":"Ce mardi vers 18 heures, le tunnel de Toulon a retrouv\u00e9 son usage apr\u00e8s une deuxi\u00e8me journ\u00e9e de&hellip;\n","protected":false},"author":2,"featured_media":115439,"comment_status":"","ping_status":"","sticky":false,"template":"","format":"standard","meta":{"footnotes":""},"categories":[9619],"tags":[1111,11,1777,674,1011,27,802,12,882,25,801,2310],"class_list":{"0":"post-115438","1":"post","2":"type-post","3":"status-publish","4":"format-standard","5":"has-post-thumbnail","7":"category-toulon","8":"tag-actu","9":"tag-actualites","10":"tag-eu","11":"tag-europe","12":"tag-fr","13":"tag-france","14":"tag-greves-et-mouvements-sociaux","15":"tag-news","16":"tag-provence-alpes-cote-dazur","17":"tag-republique-francaise","18":"tag-social","19":"tag-toulon"},"share_on_mastodon":{"url":"https:\/\/pubeurope.com\/@fr\/114542629595321478","error":""},"_links":{"self":[{"href":"https:\/\/www.europesays.com\/fr\/wp-json\/wp\/v2\/posts\/115438","targetHints":{"allow":["GET"]}}],"collection":[{"href":"https:\/\/www.europesays.com\/fr\/wp-json\/wp\/v2\/posts"}],"about":[{"href":"https:\/\/www.europesays.com\/fr\/wp-json\/wp\/v2\/types\/post"}],"author":[{"embeddable":true,"href":"https:\/\/www.europesays.com\/fr\/wp-json\/wp\/v2\/users\/2"}],"replies":[{"embeddable":true,"href":"https:\/\/www.europesays.com\/fr\/wp-json\/wp\/v2\/comments?post=115438"}],"version-history":[{"count":0,"href":"https:\/\/www.europesays.com\/fr\/wp-json\/wp\/v2\/posts\/115438\/revisions"}],"wp:featuredmedia":[{"embeddable":true,"href":"https:\/\/www.europesays.com\/fr\/wp-json\/wp\/v2\/media\/115439"}],"wp:attachment":[{"href":"https:\/\/www.europesays.com\/fr\/wp-json\/wp\/v2\/media?parent=115438"}],"wp:term":[{"taxonomy":"category","embeddable":true,"href":"https:\/\/www.europesays.com\/fr\/wp-json\/wp\/v2\/categories?post=115438"},{"taxonomy":"post_tag","embeddable":true,"href":"https:\/\/www.europesays.com\/fr\/wp-json\/wp\/v2\/tags?post=115438"}],"curies":[{"name":"wp","href":"https:\/\/api.w.org\/{rel}","templated":true}]}}