{"id":1154409,"date":"2026-08-28T18:00:17","date_gmt":"2026-08-28T18:00:17","guid":{"rendered":"https:\/\/www.europesays.com\/fr\/1154409\/"},"modified":"2026-08-28T18:00:17","modified_gmt":"2026-08-28T18:00:17","slug":"en-direct-presidentielle-2027-francois-hollande-ne-croit-pas-a-la-primaire-qui-suscite-plus-de-divisions-quelle-ne-propose-de-rassemblement","status":"publish","type":"post","link":"https:\/\/www.europesays.com\/fr\/1154409\/","title":{"rendered":"EN DIRECT &#8211; Pr\u00e9sidentielle 2027 : Fran\u00e7ois Hollande ne croit pas \u00e0 la primaire, qui \u00ab\u00a0suscite plus de divisions qu&rsquo;elle ne propose de rassemblement\u00a0\u00bb"},"content":{"rendered":"<p>Le secr\u00e9taire g\u00e9n\u00e9ral du Parti socialiste Pierre Jouvet demande \u00e0 Fran\u00e7ois Hollande de s&rsquo;inscrire dans la d\u00e9marche de la primaire de la gauche socialiste et d\u00e9mocratique \u00ab\u00a0s&rsquo;il a vraiment envie de jouer les premiers r\u00f4les\u00a0\u00bb.<\/p>\n<p>\u00ab\u00a0S&rsquo;il a vraiment envie de jouer les premiers r\u00f4les, ce qui pourrait \u00eatre totalement l\u00e9gitime, je l&rsquo;appelle solennellement ce matin \u00e0 venir participer \u00e0 cette primaire\u00a0\u00bb, a-t-il d\u00e9clar\u00e9 \u00e0 Ici-Dr\u00f4me, rappelant que l&rsquo;ancien pr\u00e9sident \u00e9tait \u00ab\u00a0tout \u00e0 fait l\u00e9gitime\u00a0\u00bb.\u00a0<\/p>\n<p>Il faut que celui qui a \u00e9t\u00e9 \u00ab\u00a0notre pr\u00e9sident de la R\u00e9publique\u00a0\u00bb, vienne \u00ab\u00a0s&rsquo;exprimer dans la primaire, vienne y participer, vienne faire part de ses propositions et \u00e7a ne fera que renforcer aussi ce d\u00e9bat\u00a0\u00bb, a encore insist\u00e9 l&rsquo;eurod\u00e9put\u00e9.<\/p>\n<p>Car, a-t-il expliqu\u00e9, \u00ab\u00a0attendre de l&rsquo;ext\u00e9rieur qu&rsquo;il puisse \u00eatre une forme de recours&#8230; vous savez, je crois que lui-m\u00eame n&rsquo;y croit qu&rsquo;assez peu\u00a0\u00bb.\u00a0<\/p>\n","protected":false},"excerpt":{"rendered":"Le secr\u00e9taire g\u00e9n\u00e9ral du Parti socialiste Pierre Jouvet demande \u00e0 Fran\u00e7ois Hollande de s&rsquo;inscrire dans la d\u00e9marche de&hellip;\n","protected":false},"author":2,"featured_media":1154410,"comment_status":"","ping_status":"","sticky":false,"template":"","format":"standard","meta":{"footnotes":"","_share_on_mastodon":"0"},"categories":[2],"tags":[1111,11,1921,1013,3080,3079,117716,1011,27,1922,64011,4803,12,3541,4289,15923,25,133,4530],"class_list":["post-1154409","post","type-post","status-publish","format-standard","has-post-thumbnail","category-actualites","tag-actu","tag-actualites","tag-article-video","tag-bruno-retailleau","tag-edouard-philippe","tag-election-presidentielle-2027","tag-election-presidentielle-2027-la-course-aux-candidatures-est-lancee","tag-fr","tag-france","tag-info","tag-jean-michel-blanquer","tag-medef","tag-news","tag-parti-socialiste","tag-place-publique","tag-raphael-glucksmann","tag-republique-francaise","tag-video","tag-video-politique"],"share_on_mastodon":{"url":"https:\/\/pubeurope.com\/@fr\/117174444244470592","error":""},"_links":{"self":[{"href":"https:\/\/www.europesays.com\/fr\/wp-json\/wp\/v2\/posts\/1154409","targetHints":{"allow":["GET"]}}],"collection":[{"href":"https:\/\/www.europesays.com\/fr\/wp-json\/wp\/v2\/posts"}],"about":[{"href":"https:\/\/www.europesays.com\/fr\/wp-json\/wp\/v2\/types\/post"}],"author":[{"embeddable":true,"href":"https:\/\/www.europesays.com\/fr\/wp-json\/wp\/v2\/users\/2"}],"replies":[{"embeddable":true,"href":"https:\/\/www.europesays.com\/fr\/wp-json\/wp\/v2\/comments?post=1154409"}],"version-history":[{"count":0,"href":"https:\/\/www.europesays.com\/fr\/wp-json\/wp\/v2\/posts\/1154409\/revisions"}],"wp:featuredmedia":[{"embeddable":true,"href":"https:\/\/www.europesays.com\/fr\/wp-json\/wp\/v2\/media\/1154410"}],"wp:attachment":[{"href":"https:\/\/www.europesays.com\/fr\/wp-json\/wp\/v2\/media?parent=1154409"}],"wp:term":[{"taxonomy":"category","embeddable":true,"href":"https:\/\/www.europesays.com\/fr\/wp-json\/wp\/v2\/categories?post=1154409"},{"taxonomy":"post_tag","embeddable":true,"href":"https:\/\/www.europesays.com\/fr\/wp-json\/wp\/v2\/tags?post=1154409"}],"curies":[{"name":"wp","href":"https:\/\/api.w.org\/{rel}","templated":true}]}}