{"id":1154420,"date":"2026-08-28T18:11:16","date_gmt":"2026-08-28T18:11:16","guid":{"rendered":"https:\/\/www.europesays.com\/fr\/1154420\/"},"modified":"2026-08-28T18:11:16","modified_gmt":"2026-08-28T18:11:16","slug":"vuelta-tour-despagne-tadej-pogacar-nous-ne-somme-pas-la-pour-nous-amuser","status":"publish","type":"post","link":"https:\/\/www.europesays.com\/fr\/1154420\/","title":{"rendered":"Vuelta. Tour d&rsquo;Espagne &#8211; Tadej Pogacar : \u00abNous ne somme pas l\u00e0 pour nous amuser\u00bb"},"content":{"rendered":"<p>Pour la premi\u00e8re fois depuis le d\u00e9part de cette <strong>Vuelta<\/strong>, les baroudeurs ont eu l&rsquo;occasion de s&rsquo;exprimer. En effet, c&rsquo;est l&rsquo;\u00e9chapp\u00e9e matinale qui s&rsquo;est jou\u00e9e la gagne ce vendredi sur la 7e \u00e9tape. Et c&rsquo;est<strong> <a href=\"https:\/\/www.cyclismactu.net\/..\/news-vuelta-route-tour-d-espagne-andreas-leknessund-vraiment-difficile-decrire-avec-des-mots-95746.html\" target=\"_blank\" rel=\"nofollow noopener\">Andreas Leknessund<\/a><\/strong> qui s&rsquo;est impos\u00e9 ! C&rsquo;est m\u00eame un doubl\u00e9 pour la formation <strong><a href=\"https:\/\/www.cyclismactu.net\/..\/\" target=\"_blank\" rel=\"nofollow noopener\">Uno-X Mobility<\/a><\/strong>, puisque <strong><a href=\"https:\/\/www.cyclismactu.net\/..\/news-vuelta-route-tour-d-espagne-tobias-johannessen-des-frissons-de-faire-pour-roi-95748.html\" target=\"_blank\" rel=\"nofollow noopener\">Tobias Johannessen<\/a><\/strong> s&rsquo;est offert la 2e place, juste devant un solide <strong>Wout Van Aert <\/strong>(Visma | Lease a Bike). Dans l&rsquo;ascension finale d&rsquo;Aramon Valdelinares, les favoris se sont aussi attaqu\u00e9s. <strong>Tadej Pogacar<\/strong> (UAE Team Emirates-XRG) a montr\u00e9 que c&rsquo;\u00e9tait lui le patron et conforte son avance au maillot rouge. \u00c0 l&rsquo;arriv\u00e9e de l&rsquo;\u00e9tape, l&rsquo;ogre slov\u00e8ne a racont\u00e9 son final, et expliqu\u00e9 qu&rsquo;il ne comptait pas s&rsquo;arr\u00eater d&rsquo;attaquer de si t\u00f4t !<\/p>\n<p>\u00ab\u00a0Felix Gall s&rsquo;est \u00e9cart\u00e9 et j&rsquo;ai simplement poursuivi sur le m\u00eame rythme\u00a0\u00bb<\/p>\n<p>\u00ab\u00a0Felix Gall s&rsquo;est \u00e9cart\u00e9 et j&rsquo;ai simplement poursuivi sur le m\u00eame rythme que celui qu&rsquo;il imprimait juste avant. Quand j&rsquo;ai vu qu&rsquo;ils ne pouvaient pas suivre dans ma roue, j&rsquo;ai insist\u00e9 jusqu&rsquo;au sommet de la mont\u00e9e et j&rsquo;ai r\u00e9ussi \u00e0 reprendre quelques petites secondes.<br \/>Pourquoi continuer \u00e0 attaquer ? Par amour de ce sport, bien s\u00fbr, mais surtout pour gagner le classement g\u00e9n\u00e9ral. Nous sommes ici pour aller chercher la victoire finale, pas pour nous amuser ou faire de la figuration\u00a0\u00bb, a-t-il d\u00e9clar\u00e9.<\/p>\n<p>Tour d&rsquo;Espagne &#8211; Classement de la 7\u00e8 \u00e9tape Tour d&rsquo;Espagne &#8211; Classement g\u00e9n\u00e9ral provisoire apr\u00e8s la 7\u00e8 \u00e9tapeA lire aussi&#8230;<\/p>\n","protected":false},"excerpt":{"rendered":"Pour la premi\u00e8re fois depuis le d\u00e9part de cette Vuelta, les baroudeurs ont eu l&rsquo;occasion de s&rsquo;exprimer. En&hellip;\n","protected":false},"author":2,"featured_media":1154421,"comment_status":"","ping_status":"","sticky":false,"template":"","format":"standard","meta":{"footnotes":"","_share_on_mastodon":"0"},"categories":[1411],"tags":[1154,207,1011,27,209,60,3318,208],"class_list":["post-1154420","post","type-post","status-publish","format-standard","has-post-thumbnail","category-cyclisme","tag-cycling","tag-cyclisme","tag-fr","tag-france","tag-route","tag-sports","tag-tour-d","tag-velo"],"share_on_mastodon":{"url":"https:\/\/pubeurope.com\/@fr\/117174487389460802","error":""},"_links":{"self":[{"href":"https:\/\/www.europesays.com\/fr\/wp-json\/wp\/v2\/posts\/1154420","targetHints":{"allow":["GET"]}}],"collection":[{"href":"https:\/\/www.europesays.com\/fr\/wp-json\/wp\/v2\/posts"}],"about":[{"href":"https:\/\/www.europesays.com\/fr\/wp-json\/wp\/v2\/types\/post"}],"author":[{"embeddable":true,"href":"https:\/\/www.europesays.com\/fr\/wp-json\/wp\/v2\/users\/2"}],"replies":[{"embeddable":true,"href":"https:\/\/www.europesays.com\/fr\/wp-json\/wp\/v2\/comments?post=1154420"}],"version-history":[{"count":0,"href":"https:\/\/www.europesays.com\/fr\/wp-json\/wp\/v2\/posts\/1154420\/revisions"}],"wp:featuredmedia":[{"embeddable":true,"href":"https:\/\/www.europesays.com\/fr\/wp-json\/wp\/v2\/media\/1154421"}],"wp:attachment":[{"href":"https:\/\/www.europesays.com\/fr\/wp-json\/wp\/v2\/media?parent=1154420"}],"wp:term":[{"taxonomy":"category","embeddable":true,"href":"https:\/\/www.europesays.com\/fr\/wp-json\/wp\/v2\/categories?post=1154420"},{"taxonomy":"post_tag","embeddable":true,"href":"https:\/\/www.europesays.com\/fr\/wp-json\/wp\/v2\/tags?post=1154420"}],"curies":[{"name":"wp","href":"https:\/\/api.w.org\/{rel}","templated":true}]}}