{"id":1154428,"date":"2026-08-28T18:16:25","date_gmt":"2026-08-28T18:16:25","guid":{"rendered":"https:\/\/www.europesays.com\/fr\/1154428\/"},"modified":"2026-08-28T18:16:25","modified_gmt":"2026-08-28T18:16:25","slug":"le-casting-regional-de-the-voice-aura-lieu-en-public-au-normandy-au-havre-et-il-reste-des-places","status":"publish","type":"post","link":"https:\/\/www.europesays.com\/fr\/1154428\/","title":{"rendered":"Le casting r\u00e9gional de The Voice aura lieu en public au Normandy, au Havre, et il reste des places"},"content":{"rendered":"<p>                    Par<br \/>\n        <strong><br \/>\n            <a href=\"https:\/\/actu.fr\/auteur\/delphine-revol\" title=\"Consulter tous les articles de Delphine Revol\" rel=\"nofollow noopener\" target=\"_blank\">Delphine Revol<\/a><br \/>\n                    <\/strong><\/p>\n<p>        Publi\u00e9 le<\/p>\n<p>            28 ao\u00fbt 2026 \u00e0 19h12        <\/p>\n<p>Elle en fait r\u00eaver plus d\u2019un et plus d\u2019une, cette \u00e9mission de t\u00e9l\u00e9vision qui cartonne depuis 15\u00a0ans sur TF1\u2009:<strong> The Voice,<\/strong> sous-titr\u00e9e, la plus belle voix. Ce concept de t\u00e9l\u00e9crochet, \u00e0 l\u2019origine n\u00e9erlandais, permet aux chanteuses et chanteurs de talent de se faire conna\u00eetre. Voire de faire une carri\u00e8re artistique. Et si le vainqueur de la prochaine saison habitait au\u00a0<a href=\"https:\/\/actu.fr\/normandie\/le-havre_76351\" rel=\"nofollow noopener\" target=\"_blank\">Havre<\/a>\u2009?<\/p>\n<p>Une finale r\u00e9gionale de The Voice en public<\/p>\n<p class=\" wall-content\">Pour sa prochaine saison en 2027, la production caste actuellement les futurs candidats, et notamment en r\u00e9gions. Pour la Normandie, la mission a \u00e9t\u00e9 confi\u00e9e \u00e0 la soci\u00e9t\u00e9 <strong>David Hardit Productions<\/strong>, relay\u00e9e par <a href=\"https:\/\/actu.fr\/normandie\/elbeuf_76231\/pres-de-rouen-ces-lyceens-ont-chante-sur-la-scene-du-zenith-en-compagnie-dun-millier-de-choristes_64024583.html\" rel=\"nofollow noopener\" target=\"_blank\">\u00e0 Franck Lecacheur,<\/a> directeur des<strong> Voix de Normandie.<\/strong> La comp\u00e9tition aura donc lieu <strong>dimanche 20\u00a0septembre 2026<\/strong>, \u00e0 16\u2009h, au <strong>th\u00e9\u00e2tre le Normandy<\/strong>, en public.<\/p>\n<p class=\" wall-content\">\u00ab\u2009C\u2019est une salle que j\u2019ai propos\u00e9e \u00e0 la production car elle vient de rouvrir, elle est belle et il faut la faire vivre. Pour le casting, elle est plus adapt\u00e9e que le Carr\u00e9 des Docks\u2009\u00bb, justifie le chef de ch\u0153ur havrais, charg\u00e9 de recueillir les candidatures normandes et d\u2019en s\u00e9lectionner un panel pour le casting du 20\u00a0septembre.<\/p>\n<p class=\" wall-content\">Ainsi, entre f\u00e9vrier et avril\u00a02026, Franck Lecacheur a lanc\u00e9 un appel aux futurs talents r\u00e9gionaux\u2009sur son <a href=\"https:\/\/www.facebook.com\/groups\/2095132217518837\" rel=\"nofollow noopener\" target=\"_blank\">groupe Facebook Les choristes de Normandie<\/a>\u2009: 220 candidats ont envoy\u00e9 une vid\u00e9o d\u2019eux en train de chanter\u2009: \u00ab\u2009Environ 80\u2009% sont des femmes, et la plupart ont entre 18 et 40\u00a0ans\u2009\u00bb, confirme-t-il. Parmi ces pr\u00e9tendants, surrepr\u00e9sent\u00e9s de Seinomarins, Franck Lecacheur a retenu <strong>30 talents s\u00e9lectionn\u00e9s<\/strong> pour le grand oral, qui aura lieu le 20\u00a0septembre prochain, devant l\u2019\u00e9minent directeur de casting de The Voice<strong>, Bruno Berberes<\/strong>. Celui-l\u00e0 m\u00eame \u00e0 qui l\u2019on doit notamment la d\u00e9couverte de <strong>Louane ou de Kendji Girac.<\/strong><\/p>\n<p>30 candidats vont chanter sur sc\u00e8ne<\/p>\n<p class=\" wall-content\">\u00ab\u2009Depuis le 20\u00a0ao\u00fbt dernier, je pr\u00e9sente chaque jour chacun des candidats, \u00e0 travers une vid\u00e9o sur\u00a0<a href=\"https:\/\/www.facebook.com\/groups\/2095132217518837\" rel=\"nofollow noopener\" target=\"_blank\">Facebook\u2009<\/a>\u00bb, raconte Franck Lecacheur.<\/p>\n<p class=\" wall-content\">Pour que le jour J, jour de la s\u00e9lection r\u00e9gionale au Normandy, le public d\u00e9couvre leur talent sur sc\u00e8ne, \u00e0 travers une<strong> prestation au micro de 3 \u00e0 4\u00a0minutes chacun<\/strong>. L\u2019ordre de passage sera tir\u00e9 au sort d\u00e9but septembre, et chaque candidat sera invit\u00e9 \u00e0 se pr\u00e9senter en coulisses d\u00e9j\u00e0 maquill\u00e9 et coiff\u00e9. Si le spectacle d\u00e9bute \u00e0 16\u2009h, les portes seront ouvertes au public d\u00e8s 15\u2009h, le placement \u00e9tant libre.<\/p>\n<blockquote class=\"ac-article-quote wall-content\">\n<p>Nous avons d\u00e9j\u00e0 470 r\u00e9servations, il reste environ 80 places \u00e0 vendre.<\/p>\n<p>    <strong>Franck Lecacheur<\/strong><br \/>\n        organisateur du casting au Normandy    <\/p><\/blockquote>\n<p class=\" wall-content\">\u00ab\u2009Pour beaucoup, ce sera une premi\u00e8re fois devant un public\u2009\u00bb, confirme le responsable r\u00e9gional. Mais pas de fausse promesse toutefois\u2009: l\u2019organisateur de l\u2019\u00e9v\u00e8nement assure que Bruno Berberes prodiguera sans nul doute des conseils aux candidats sur sc\u00e8ne, sans\u00a0garantie d\u2019en choisir un pour l\u2019\u00e9mission t\u00e9l\u00e9vis\u00e9e\u2009: \u00ab\u2009quelqu\u2019un peut \u00eatre rep\u00e9r\u00e9 par nos \u00e9quipes mais de l\u00e0 \u00e0 garantir qu\u2019il participera \u00e0 coup s\u00fbr \u00e0 The Voice, il y a un monde\u2026 le process de s\u00e9lection est long et on a des milliers de candidatures\u2009\u00bb confirme de son c\u00f4t\u00e9\u00a0la soci\u00e9t\u00e9 de production de The Voice.<\/p>\n<p class=\" wall-content\">N\u00e9anmoins, le public dans la salle sera invit\u00e9 \u00e0 voter\u2009: <strong>les huit meilleurs candidats<\/strong> seront s\u00e9lectionn\u00e9s pour une prestation soliste en nocturne au Ch\u00e2teau de Beaumesnil dans l\u2019Eure.<\/p>\n<p>Honneur aux talents locaux<\/p>\n<p class=\" wall-content\">\u00ab\u2009Le but est de mettre en avant tous les talents locaux\u2009: cela permet de se faire conna\u00eetre, m\u00eame pour des prestations priv\u00e9es. En deux mois, j\u2019ai d\u00e9j\u00e0 cumul\u00e9 1,5\u00a0million de vues juste sur la page Facebook\u2009\u00bb assure Franck Lecacheur.<\/p>\n<p class=\" wall-content\">Une sorte de<strong> lot de consolation<\/strong> car \u00e0 ce jour, l\u2019Histoire ne dit pas encore si l\u2019un des 30 candidats invit\u00e9s sur la sc\u00e8ne du Normandy pourra se confronter ou non au grand jury du plateau de TF1 l\u2019ann\u00e9e prochaine\u2026<\/p>\n<p>    <img   decoding=\"async\" loading=\"lazy\" src=\"https:\/\/www.europesays.com\/fr\/wp-content\/uploads\/2026\/08\/the-voice-catsing-le-havre-photo-brureau233-alexandra-sarmiento-philippe-leroux-thomas-braut-itv-lou.jpeg\" alt=\"Le casting de l'\u00e9mission The Voice passera par le th\u00e9\u00e2tre le Normandy au Havre en septembre 2026.\" width=\"960\" height=\"597\"\/><br \/>\n    Le casting de l\u2019\u00e9mission The Voice passera par le th\u00e9\u00e2tre le Normandy au Havre en septembre 2026. (\u00a9 Brureau233 \u2013 ITV)\u00ab\u00a0Quand j&rsquo;ai appris que j&rsquo;\u00e9tais s\u00e9lectionn\u00e9e, j&rsquo;ai pleur\u00e9 \u00bb<\/p>\n<p>Lou-Anne, 23 ans, originaire de Saint-Sauveur-d&rsquo;\u00c9malleville pr\u00e8s du Havre, a candidat\u00e9 pour participer \u00e0 la finale r\u00e9gionale, et a \u00e9t\u00e9 retenue parmi les 30 candidats qui passeront le 20 septembre. \u00ac\u00a0Quand j&rsquo;ai appris la nouvelle, j&rsquo;ai pleur\u00e9 de joie, je n&rsquo;y croyais pas trop \u00bb, explique la jeune femme, pour qui ce casting est un v\u00e9ritable \u00e9v\u00e8nement. <\/p>\n<p>Car m\u00eame si la chanteuse havraise s&rsquo;est d\u00e9j\u00e0 produit sur quelques sc\u00e8nes locales et conventions, la sc\u00e8ne du Normandy c&rsquo;est quelque chose : \u00ab\u00a0Je me projette pas trop dans le c\u00f4t\u00e9 comp\u00e9tition, je suis plus concentr\u00e9e sur le plaisir de chanter avant tout sur une grande sc\u00e8ne \u00bb. <\/p>\n<p>Et la pr\u00e9sence annonc\u00e9e de Bruno Berberes, que la jeune candidate connait bien, n&rsquo;est pas sans l&rsquo;intimider : \u00ab\u00a0Je l&rsquo;avais d\u00e9couvert \u00e0 travers la com\u00e9die musicale Moli\u00e8re, l&rsquo;Op\u00e9ra Urbain \u00bb. <\/p>\n<p>Le talent de Lou-Anne est \u00e0 d\u00e9couvrir sur sa cha\u00eene Youtube : Watch_Loute<\/p>\n<p>R\u00e9servez votre place pour assister au casting le 20\u00a0septembre 2026 au th\u00e9\u00e2tre le Normandy (387 rue Aristide Briand, Le\u00a0Havre). Tarifs\u2009: 25\u00a0euros. R\u00e9servations\u2009: 06\u200910\u200999\u200975\u200967 ou <a href=\"https:\/\/dhmanagement.trium.fr\/fr\/t\/-\/event\/67399\" rel=\"nofollow noopener\" target=\"_blank\">sur le site.<\/a>Suivez l\u2019actualit\u00e9 du\u00a0Havre <a href=\"https:\/\/www.whatsapp.com\/channel\/0029VaFqJYE8aKvLBwVrEe0o\" rel=\"nofollow noopener\" target=\"_blank\">sur notre cha\u00eene WhatsApp<\/a> et sur <a href=\"https:\/\/www.tiktok.com\/@76actu.fr?lang=fr\" rel=\"nofollow noopener\" target=\"_blank\">notre compte TikTok<\/a><\/p>\n<p class=\" wall-content\">Personnalisez votre actualit\u00e9 en ajoutant vos villes et m\u00e9dias en favori avec <a href=\"https:\/\/moncompte.actu.fr\" title=\"D\u00e9couvez Mon Actu\" rel=\"nofollow noopener\" data-trk=\"{&quot;cta&quot;:{&quot;action&quot;:&quot;https:\\\/\\\/moncompte.actu.fr&quot;,&quot;category&quot;:&quot;mon compte&quot;,&quot;from&quot;:&quot;article footer&quot;,&quot;name&quot;:&quot;Mon actu&quot;,&quot;type&quot;:&quot;cta&quot;}}\" target=\"_blank\">Mon Actu<\/a>.<\/p>\n<p>                    <script async src=\"\/\/www.tiktok.com\/embed.js\"><\/script><\/p>\n","protected":false},"excerpt":{"rendered":"Par Delphine Revol Publi\u00e9 le 28 ao\u00fbt 2026 \u00e0 19h12 Elle en fait r\u00eaver plus d\u2019un et plus&hellip;\n","protected":false},"author":2,"featured_media":1154429,"comment_status":"","ping_status":"","sticky":false,"template":"","format":"standard","meta":{"footnotes":"","_share_on_mastodon":"0"},"categories":[1356],"tags":[11668,58,59,1011,27,1652,252,3074,1364],"class_list":["post-1154428","post","type-post","status-publish","format-standard","has-post-thumbnail","category-television","tag-casting","tag-divertissement","tag-entertainment","tag-fr","tag-france","tag-loisirs-culture","tag-television","tag-the-voice","tag-tv"],"share_on_mastodon":{"url":"https:\/\/pubeurope.com\/@fr\/117174508851233822","error":""},"_links":{"self":[{"href":"https:\/\/www.europesays.com\/fr\/wp-json\/wp\/v2\/posts\/1154428","targetHints":{"allow":["GET"]}}],"collection":[{"href":"https:\/\/www.europesays.com\/fr\/wp-json\/wp\/v2\/posts"}],"about":[{"href":"https:\/\/www.europesays.com\/fr\/wp-json\/wp\/v2\/types\/post"}],"author":[{"embeddable":true,"href":"https:\/\/www.europesays.com\/fr\/wp-json\/wp\/v2\/users\/2"}],"replies":[{"embeddable":true,"href":"https:\/\/www.europesays.com\/fr\/wp-json\/wp\/v2\/comments?post=1154428"}],"version-history":[{"count":0,"href":"https:\/\/www.europesays.com\/fr\/wp-json\/wp\/v2\/posts\/1154428\/revisions"}],"wp:featuredmedia":[{"embeddable":true,"href":"https:\/\/www.europesays.com\/fr\/wp-json\/wp\/v2\/media\/1154429"}],"wp:attachment":[{"href":"https:\/\/www.europesays.com\/fr\/wp-json\/wp\/v2\/media?parent=1154428"}],"wp:term":[{"taxonomy":"category","embeddable":true,"href":"https:\/\/www.europesays.com\/fr\/wp-json\/wp\/v2\/categories?post=1154428"},{"taxonomy":"post_tag","embeddable":true,"href":"https:\/\/www.europesays.com\/fr\/wp-json\/wp\/v2\/tags?post=1154428"}],"curies":[{"name":"wp","href":"https:\/\/api.w.org\/{rel}","templated":true}]}}