{"id":1154459,"date":"2026-08-28T18:37:27","date_gmt":"2026-08-28T18:37:27","guid":{"rendered":"https:\/\/www.europesays.com\/fr\/1154459\/"},"modified":"2026-08-28T18:37:27","modified_gmt":"2026-08-28T18:37:27","slug":"rentree-scolaire-dans-lherault-quelles-sont-les-priorites-de-lacademie","status":"publish","type":"post","link":"https:\/\/www.europesays.com\/fr\/1154459\/","title":{"rendered":"Rentr\u00e9e scolaire dans l&rsquo;H\u00e9rault : quelles sont les priorit\u00e9s de l\u2019Acad\u00e9mie\u00a0?"},"content":{"rendered":"<p>                    Par<br \/>\n        <strong><br \/>\n            <a href=\"https:\/\/actu.fr\/auteur\/o-laloum\" title=\"Consulter tous les articles de Oc\u00e9ane LALOUM\" rel=\"nofollow noopener\" target=\"_blank\">Oc\u00e9ane LALOUM<\/a><br \/>\n                    <\/strong><\/p>\n<p>        Publi\u00e9 le<\/p>\n<p>            28 ao\u00fbt 2026 \u00e0 13h48        <\/p>\n<p>Faire r\u00e9ussir les \u00e9l\u00e8ves,<strong> lutter contre les difficult\u00e9s scolaires<\/strong> et <strong>valoriser les talents<\/strong>, c\u2019est l\u2019ambition affich\u00e9e par <strong>Carole Drucker-Godard<\/strong>, Rectrice de l\u2019<strong>Acad\u00e9mie de Montpellier, ce vendredi 28 ao\u00fbt 2026. L<\/strong>\u2019Acad\u00e9mie veut ainsi renforcer les apprentissages fondamentaux, notamment le langage, la grammaire, la syntaxe et le raisonnement scientifique. <strong>Montpellier fait partie des dix acad\u00e9mies retenues pour exp\u00e9rimenter un programme scientifique<\/strong> dans 68 classes avec des enseignants volontaires.<\/p>\n<p class=\" wall-content\">L\u2019objectif est de lutter contre les difficult\u00e9s scolaires, tout en valorisant l\u2019excellence. Des coll\u00e8ges en difficult\u00e9 b\u00e9n\u00e9ficieront \u00e9galement d\u2019un diagnostic et d\u2019une feuille de route sur trois ans. L\u2019Acad\u00e9mie souhaite enfin cr\u00e9er un concours g\u00e9n\u00e9ral des coll\u00e8ges destin\u00e9 aux \u00e9l\u00e8ves de troisi\u00e8me, afin de reconna\u00eetre leurs talents.<\/p>\n<p>    <a href=\"https:\/\/www.google.com\/maps\/embed?pb=!1m18!1m12!1m3!1d5777.342991084479!2d3.8742904764601236!3d43.613381071104044!2m3!1f0!2f0!3f0!3m2!1i1024!2i768!4f13.1!3m3!1m2!1s0x12b6af08f2b26b51%3A0xffb2767630940506!2sRectorat%20de%20l%27Acad%C3%A9mie%20de%20Montpellier!5e0!3m2!1sfr!2sfr!4v1787910195399!5m2!1sfr!2sfr\" title=\"Ouvrie le lien\" rel=\"nofollow noopener\" target=\"_blank\">Cliquez ici pour visualiser le contenu<\/a><\/p>\n<p>Harc\u00e8lement, violences et t\u00e9l\u00e9phones, renforcer la protection<\/p>\n<p class=\" wall-content\">La protection des \u00e9l\u00e8ves constitue un autre volet important. L\u2019Acad\u00e9mie veut poursuivre la <strong>lutte contre le harc\u00e8lement<\/strong> et former 100 % ses personnels. Le questionnaire sur le harc\u00e8lement sera \u00e9largi aux violences sexuelles. Les s\u00e9ances d\u2019\u00e9ducation \u00e0 la vie affective, relationnelle et sexuelle -EVARS- seront maintenues dans le second degr\u00e9.<\/p>\n<p class=\" wall-content\">Cette volont\u00e9 de renforcer la protection concerne \u00e9galement l\u2019usage du t\u00e9l\u00e9phone. L\u2019Acad\u00e9mie souhaite aller vers <strong>une ann\u00e9e scolaire sans l\u2019utilisation des t\u00e9l\u00e9phones<\/strong> dans les \u00e9tablissements. Pour r\u00e9ussir cette transition, la Rectrice insiste sur la n\u00e9cessit\u00e9 d\u2019associer les parents et de renforcer le lien entre les familles et l\u2019\u00e9cole.<\/p>\n<p>Vid\u00e9os : en ce moment sur ActuSant\u00e9 mentale et nouvelles pratiques<\/p>\n<p class=\" wall-content\"><strong>La sant\u00e9 mentale devient par ailleurs un axe majeur.<\/strong> L\u2019aAad\u00e9mie a recrut\u00e9 un r\u00e9f\u00e9rent et souhaite disposer d\u2019un r\u00e9f\u00e9rent dans chaque \u00e9tablissement, avec une formation des personnels au rep\u00e9rage et \u00e0 l\u2019accompagnement des \u00e9l\u00e8ves. Des collaborations avec des p\u00e9dopsychiatres sont pr\u00e9vues, notamment avec le <strong>CHU de Montpellier<\/strong>.\u00a0Enfin, une classe \u00e0 horaires am\u00e9nag\u00e9s autour du cin\u00e9ma et des jeux vid\u00e9o doit ouvrir pour objectif de d\u00e9velopper la cr\u00e9ativit\u00e9 et l\u2019esprit critique des \u00e9l\u00e8ves face au num\u00e9rique.<\/p>\n<p class=\" wall-content\">La rentr\u00e9e scolaire est fix\u00e9e \u00e0 ce mardi 1er septembre, <a href=\"https:\/\/actu.fr\/occitanie\/montpellier_34172\/vandalisme-dans-un-college-a-montpellier-cinq-gardes-a-vue-condamnation-unanime-des-autorites_64716075.html\" rel=\"nofollow noopener\" target=\"_blank\">quelques jours apr\u00e8s une intrusion et des actes de vandalisme au coll\u00e8ge de Fontcarrade<\/a>, fermement condamn\u00e9s par les autorit\u00e9s.<\/p>\n<p class=\" wall-content\">Personnalisez votre actualit\u00e9 en ajoutant vos villes et m\u00e9dias en favori avec <a href=\"https:\/\/moncompte.actu.fr\" title=\"D\u00e9couvez Mon Actu\" rel=\"nofollow noopener\" data-trk=\"{&quot;cta&quot;:{&quot;action&quot;:&quot;https:\\\/\\\/moncompte.actu.fr&quot;,&quot;category&quot;:&quot;mon compte&quot;,&quot;from&quot;:&quot;article footer&quot;,&quot;name&quot;:&quot;Mon actu&quot;,&quot;type&quot;:&quot;cta&quot;}}\" target=\"_blank\">Mon Actu<\/a>.<\/p>\n","protected":false},"excerpt":{"rendered":"Par Oc\u00e9ane LALOUM Publi\u00e9 le 28 ao\u00fbt 2026 \u00e0 13h48 Faire r\u00e9ussir les \u00e9l\u00e8ves, lutter contre les difficult\u00e9s&hellip;\n","protected":false},"author":2,"featured_media":1154460,"comment_status":"","ping_status":"","sticky":false,"template":"","format":"standard","meta":{"footnotes":"","_share_on_mastodon":"0"},"categories":[9599],"tags":[1111,11,1777,674,1011,27,17930,2208,12,2680,10918,25,104],"class_list":["post-1154459","post","type-post","status-publish","format-standard","has-post-thumbnail","category-montpellier","tag-actu","tag-actualites","tag-eu","tag-europe","tag-fr","tag-france","tag-harcelement-scolaire","tag-montpellier","tag-news","tag-occitanie","tag-rentree-scolaire","tag-republique-francaise","tag-societe"],"share_on_mastodon":{"url":"https:\/\/pubeurope.com\/@fr\/117174589309467498","error":""},"_links":{"self":[{"href":"https:\/\/www.europesays.com\/fr\/wp-json\/wp\/v2\/posts\/1154459","targetHints":{"allow":["GET"]}}],"collection":[{"href":"https:\/\/www.europesays.com\/fr\/wp-json\/wp\/v2\/posts"}],"about":[{"href":"https:\/\/www.europesays.com\/fr\/wp-json\/wp\/v2\/types\/post"}],"author":[{"embeddable":true,"href":"https:\/\/www.europesays.com\/fr\/wp-json\/wp\/v2\/users\/2"}],"replies":[{"embeddable":true,"href":"https:\/\/www.europesays.com\/fr\/wp-json\/wp\/v2\/comments?post=1154459"}],"version-history":[{"count":0,"href":"https:\/\/www.europesays.com\/fr\/wp-json\/wp\/v2\/posts\/1154459\/revisions"}],"wp:featuredmedia":[{"embeddable":true,"href":"https:\/\/www.europesays.com\/fr\/wp-json\/wp\/v2\/media\/1154460"}],"wp:attachment":[{"href":"https:\/\/www.europesays.com\/fr\/wp-json\/wp\/v2\/media?parent=1154459"}],"wp:term":[{"taxonomy":"category","embeddable":true,"href":"https:\/\/www.europesays.com\/fr\/wp-json\/wp\/v2\/categories?post=1154459"},{"taxonomy":"post_tag","embeddable":true,"href":"https:\/\/www.europesays.com\/fr\/wp-json\/wp\/v2\/tags?post=1154459"}],"curies":[{"name":"wp","href":"https:\/\/api.w.org\/{rel}","templated":true}]}}