{"id":1154516,"date":"2026-08-28T19:12:20","date_gmt":"2026-08-28T19:12:20","guid":{"rendered":"https:\/\/www.europesays.com\/fr\/1154516\/"},"modified":"2026-08-28T19:12:20","modified_gmt":"2026-08-28T19:12:20","slug":"le-chef-de-la-cia-en-russie-poutine-est-il-mal-informe","status":"publish","type":"post","link":"https:\/\/www.europesays.com\/fr\/1154516\/","title":{"rendered":"Le chef de la CIA en Russie : Poutine est-il mal inform\u00e9 ?"},"content":{"rendered":"<p class=\"jsx-a2e2feb2a010d590 Time\">Publi\u00e9 le 28 ao\u00fbt 2026 \u00e0 19h57<\/p>\n<p class=\"jsx-3150768112 jsx-3884010115 ExpandableText__Text\">Vladimir Poutine est-il r\u00e9ellement inform\u00e9 de la r\u00e9alit\u00e9 de la situation militaire sur le front ukrainien ? Selon les informations r\u00e9colt\u00e9es par le renseignement am\u00e9ricain, des milliers de soldats russes sont tu\u00e9s chaque mois pour des gains territoriaux  d\u00e9risoires. \u00c0 Moscou, le patron de la CIA a rencontr\u00e9 ses homologues du FSB pour exhorter les Russes \u00e0 n\u00e9gocier avec l&rsquo;Ukraine, alors que la guerre s&rsquo;enlise depuis des mois. Vladimir Poutine doit aussi faire face \u00e0 la col\u00e8re des familles de soldats.<\/p>\n<p>Lire plusReplier<\/p>\n","protected":false},"excerpt":{"rendered":"Publi\u00e9 le 28 ao\u00fbt 2026 \u00e0 19h57 Vladimir Poutine est-il r\u00e9ellement inform\u00e9 de la r\u00e9alit\u00e9 de la situation&hellip;\n","protected":false},"author":2,"featured_media":1154517,"comment_status":"","ping_status":"","sticky":false,"template":"","format":"standard","meta":{"footnotes":"","_share_on_mastodon":"0"},"categories":[1591],"tags":[11,5925,1887,2952,12,2543,1885,1886,132,133,1920],"class_list":["post-1154516","post","type-post","status-publish","format-standard","has-post-thumbnail","category-russie","tag-actualites","tag-conflits-et-guerre","tag-federation-de-russie","tag-le-20h","tag-news","tag-relations-internationales","tag-russia","tag-russian-federation","tag-russie","tag-video","tag-video-international"],"share_on_mastodon":{"url":"https:\/\/pubeurope.com\/@fr\/117174727332683108","error":""},"_links":{"self":[{"href":"https:\/\/www.europesays.com\/fr\/wp-json\/wp\/v2\/posts\/1154516","targetHints":{"allow":["GET"]}}],"collection":[{"href":"https:\/\/www.europesays.com\/fr\/wp-json\/wp\/v2\/posts"}],"about":[{"href":"https:\/\/www.europesays.com\/fr\/wp-json\/wp\/v2\/types\/post"}],"author":[{"embeddable":true,"href":"https:\/\/www.europesays.com\/fr\/wp-json\/wp\/v2\/users\/2"}],"replies":[{"embeddable":true,"href":"https:\/\/www.europesays.com\/fr\/wp-json\/wp\/v2\/comments?post=1154516"}],"version-history":[{"count":0,"href":"https:\/\/www.europesays.com\/fr\/wp-json\/wp\/v2\/posts\/1154516\/revisions"}],"wp:featuredmedia":[{"embeddable":true,"href":"https:\/\/www.europesays.com\/fr\/wp-json\/wp\/v2\/media\/1154517"}],"wp:attachment":[{"href":"https:\/\/www.europesays.com\/fr\/wp-json\/wp\/v2\/media?parent=1154516"}],"wp:term":[{"taxonomy":"category","embeddable":true,"href":"https:\/\/www.europesays.com\/fr\/wp-json\/wp\/v2\/categories?post=1154516"},{"taxonomy":"post_tag","embeddable":true,"href":"https:\/\/www.europesays.com\/fr\/wp-json\/wp\/v2\/tags?post=1154516"}],"curies":[{"name":"wp","href":"https:\/\/api.w.org\/{rel}","templated":true}]}}