{"id":115452,"date":"2025-05-20T23:03:21","date_gmt":"2025-05-20T23:03:21","guid":{"rendered":"https:\/\/www.europesays.com\/fr\/115452\/"},"modified":"2025-05-20T23:03:21","modified_gmt":"2025-05-20T23:03:21","slug":"a-rennes-la-marque-a-succes-les-cotons-de-romane-ouvre-exceptionnellement-son-atelier-au-public","status":"publish","type":"post","link":"https:\/\/www.europesays.com\/fr\/115452\/","title":{"rendered":"\u00c0 Rennes, la marque \u00e0 succ\u00e8s Les Cotons de Romane ouvre exceptionnellement son atelier au public"},"content":{"rendered":"<p>            Par<br \/>\n        <strong><br \/>\n            <a href=\"https:\/\/actu.fr\/auteur\/clemence-pays02-actu-fr\" title=\"Consulter tous les articles de Cl\u00e9mence Pays\" rel=\"nofollow noopener\" target=\"_blank\">Cl\u00e9mence Pays<\/a><br \/>\n        <\/strong><\/p>\n<p>        Publi\u00e9 le<\/p>\n<p>            20 mai 2025 \u00e0 18h14        <\/p>\n<p><a href=\"https:\/\/actu.fr\/bretagne\/rennes_35238\/a-rennes-cette-entreprise-specialisee-dans-les-creations-zero-dechet-cartonne_60775484.html\" rel=\"nofollow noopener\" target=\"_blank\">Sur les r\u00e9seaux sociaux, la marque Les cotons de Romane cartonne<\/a>. Un succ\u00e8s \u00e9galement au rendez-vous sur l\u2019<strong>e-shop<\/strong> de cette enseigne dont l\u2019atelier est install\u00e9 \u00e0 <a href=\"https:\/\/actu.fr\/rennes\/\" rel=\"nofollow noopener\" target=\"_blank\">Rennes<\/a>. Sp\u00e9cialis\u00e9e dans la confection de <strong>produits \u00e9co-responsables,<\/strong>\u00a0cotons lavables, bonnets de soin ou encore serviettes hygi\u00e9niques r\u00e9utilisables font le succ\u00e8s de la marque. Et bonne nouvelle pour les amatrices et amateurs de la boutique en ligne \u2013 ou pour celles et ceux qui souhaiteraient la d\u00e9couvrir \u2013 la fondatrice, Romane Gautret, et son \u00e9quipe ont d\u00e9cid\u00e9 d\u2019<strong>ouvrir leurs portes au public.<\/strong><\/p>\n<p class=\" wall-content\">Cette op\u00e9ration avait \u00e9t\u00e9 r\u00e9alis\u00e9e une premi\u00e8re fois en novembre\u00a02024. \u00ab\u2009On avait eu <strong>plus de 800\u00a0personnes<\/strong> sans faire de promo aupr\u00e8s des m\u00e9dias\u2009\u00bb, raconte Romane Gautret.<\/p>\n<p>Deux jours pour faire ses achats sur place<\/p>\n<p class=\" wall-content\"><strong>Vendredi\u00a023 et samedi 24\u00a0mai 2025,<\/strong> l\u2019atelier habituellement ferm\u00e9 au public se transformera en boutique. Les clientes et les clients de la marque pourront s\u2019y rendre pour d\u00e9couvrir la centaine de <strong>cr\u00e9ations d\u00e9di\u00e9es \u00e0 l\u2019hygi\u00e8ne, au bien-\u00eatre et \u00e0 la maison<\/strong> (le tout dans diff\u00e9rents tissus), mais aussi des<strong> produits de revente<\/strong> comme des cosm\u00e9tiques de la marque Avril et Cl\u00e9mence et Vivien.<\/p>\n<p class=\" wall-content\">Des caisses seront install\u00e9es en fin de parcours pour permettre \u00e0 chacun de r\u00e9gler ses achats (uniquement en <strong>carte bancaire)<\/strong>.<\/p>\n<p>Le succ\u00e8s de l\u2019entreprise<\/p>\n<p class=\" wall-content\">Officiellement cr\u00e9\u00e9e en 2018, la marque rencontre le<strong> succ\u00e8s d\u00e8s les premiers mois.<\/strong> Face \u00e0 la multiplication des commandes et \u00e0 l\u2019augmentation de la cadence, Romane Gautret et son compagnon, Yohan Camus, quittent leur emploi respectif pour se consacrer \u00e0 temps plein aux Cotons de Romane.<\/p>\n<p class=\" wall-content\"><a href=\"https:\/\/www.instagram.com\/p\/DGiM8JUC2pr\/embed\" title=\"Ouvrir le lien sur Instagram\" rel=\"nofollow noopener\" target=\"_blank\">Visualiser le contenu sur Instagram<\/a><\/p>\n<p class=\" wall-content\">Petit \u00e0 petit, l\u2019\u00e9quipe s\u2019agrandit et le couple d\u00e9m\u00e9nage son atelier dans des locaux plus spacieux. Mais tr\u00e8s rapidement, le<strong> besoin de pousser les murs<\/strong> se fait ressentir en raison de l\u2019importance du stock n\u00e9cessaire pour assurer les commandes.<\/p>\n<p class=\" wall-content\">En 2024, une nouvelle \u00e9tape importante est atteinte\u2009: Les Cotons de Romane d\u00e9m\u00e9nage dans un<strong> local de 750\u00a0m2<\/strong>et en devient propri\u00e9taire. Un investissement d\u2019envergure accompagn\u00e9 d\u2019un autre achat\u2009: l\u2019acquisition d\u2019une <strong>machine de d\u00e9coupe<\/strong> permettant de couper davantage de tissus plus rapidement.<\/p>\n<p>Une nouvelle marque lanc\u00e9e<\/p>\n<p class=\" wall-content\">En octobre\u00a02024, Romane Gautret s\u2019est lanc\u00e9 un nouveau d\u00e9fi\u2009: lancer une deuxi\u00e8me marque. Cette fois-ci, avec<strong> Casa Castille,<\/strong> la Rennaise se concentre sur le pr\u00eat-\u00e0-porter. Toujours sous le format e-shop, elle propose des <strong>v\u00eatements faits \u00e0 Rennes<\/strong> et imagin\u00e9s par ses soins. Une offre compl\u00e9t\u00e9e par <strong>des articles de revente.<\/strong><\/p>\n<p class=\" wall-content\"><a href=\"https:\/\/www.instagram.com\/p\/DJq7lXgsRu5\/embed\" title=\"Ouvrir le lien sur Instagram\" rel=\"nofollow noopener\" target=\"_blank\">Visualiser le contenu sur Instagram<\/a><\/p>\n<p class=\" wall-content\">L\u00e0 encore, le succ\u00e8s est au rendez-vous et Romane Gautret s\u2019est entour\u00e9e de deux personnes pour l\u2019aider \u00e0 faire grandir cette nouvelle marque.<\/p>\n<p><strong>Infos pratiques\u2009:<\/strong><br \/>Portes ouvertes Les Cotons de Romane, vendredi\u00a023 et samedi 24\u00a0mai 2025, de 10h \u00e0 19h, 4, rue de la Sauvaie \u00e0 Rennes. Paiement uniquement en carte bancaire.<\/p>\n<p class=\" wall-content\">Suivez toute l\u2019actualit\u00e9 de vos villes et m\u00e9dias favoris en vous inscrivant \u00e0 <a href=\"https:\/\/moncompte.actu.fr\" title=\"D\u00e9couvez Mon Actu\" rel=\"nofollow noopener\" data-trk=\"{&quot;cta&quot;:{&quot;action&quot;:&quot;https:\\\/\\\/moncompte.actu.fr&quot;,&quot;category&quot;:&quot;mon compte&quot;,&quot;from&quot;:&quot;article footer&quot;,&quot;name&quot;:&quot;Mon actu&quot;,&quot;type&quot;:&quot;cta&quot;}}\" target=\"_blank\">Mon Actu<\/a>.<\/p>\n<p>                    <script async src=\"\/\/www.instagram.com\/embed.js\"><\/script><\/p>\n","protected":false},"excerpt":{"rendered":"Par Cl\u00e9mence Pays Publi\u00e9 le 20 mai 2025 \u00e0 18h14 Sur les r\u00e9seaux sociaux, la marque Les cotons&hellip;\n","protected":false},"author":2,"featured_media":115453,"comment_status":"","ping_status":"","sticky":false,"template":"","format":"standard","meta":{"footnotes":""},"categories":[2821],"tags":[1111,11,829,215,33,1777,674,1011,27,12,584,25],"class_list":{"0":"post-115452","1":"post","2":"type-post","3":"status-publish","4":"format-standard","5":"has-post-thumbnail","7":"category-rennes","8":"tag-actu","9":"tag-actualites","10":"tag-bretagne","11":"tag-commerce","12":"tag-economie","13":"tag-eu","14":"tag-europe","15":"tag-fr","16":"tag-france","17":"tag-news","18":"tag-rennes","19":"tag-republique-francaise"},"share_on_mastodon":{"url":"https:\/\/pubeurope.com\/@fr\/114542661000074519","error":""},"_links":{"self":[{"href":"https:\/\/www.europesays.com\/fr\/wp-json\/wp\/v2\/posts\/115452","targetHints":{"allow":["GET"]}}],"collection":[{"href":"https:\/\/www.europesays.com\/fr\/wp-json\/wp\/v2\/posts"}],"about":[{"href":"https:\/\/www.europesays.com\/fr\/wp-json\/wp\/v2\/types\/post"}],"author":[{"embeddable":true,"href":"https:\/\/www.europesays.com\/fr\/wp-json\/wp\/v2\/users\/2"}],"replies":[{"embeddable":true,"href":"https:\/\/www.europesays.com\/fr\/wp-json\/wp\/v2\/comments?post=115452"}],"version-history":[{"count":0,"href":"https:\/\/www.europesays.com\/fr\/wp-json\/wp\/v2\/posts\/115452\/revisions"}],"wp:featuredmedia":[{"embeddable":true,"href":"https:\/\/www.europesays.com\/fr\/wp-json\/wp\/v2\/media\/115453"}],"wp:attachment":[{"href":"https:\/\/www.europesays.com\/fr\/wp-json\/wp\/v2\/media?parent=115452"}],"wp:term":[{"taxonomy":"category","embeddable":true,"href":"https:\/\/www.europesays.com\/fr\/wp-json\/wp\/v2\/categories?post=115452"},{"taxonomy":"post_tag","embeddable":true,"href":"https:\/\/www.europesays.com\/fr\/wp-json\/wp\/v2\/tags?post=115452"}],"curies":[{"name":"wp","href":"https:\/\/api.w.org\/{rel}","templated":true}]}}