{"id":115456,"date":"2025-05-20T23:06:12","date_gmt":"2025-05-20T23:06:12","guid":{"rendered":"https:\/\/www.europesays.com\/fr\/115456\/"},"modified":"2025-05-20T23:06:12","modified_gmt":"2025-05-20T23:06:12","slug":"previsions-du-mercredi-21-mai-2025","status":"publish","type":"post","link":"https:\/\/www.europesays.com\/fr\/115456\/","title":{"rendered":"pr\u00e9visions du mercredi 21 mai 2025"},"content":{"rendered":"<p>Il y a un risque d&rsquo;averses \u00e0 Strasbourg aujourd&rsquo;hui. Les valeurs afficheront entre 11 et 19\u00b0C. Un vent de nord-ouest rafra\u00eechira sensiblement l&rsquo;atmosph\u00e8re. Il fera 14\u00b0C en moyenne le matin. Les temp\u00e9ratures seront comprises entre 16 et 19\u00b0C pendant l&rsquo;apr\u00e8s-midi. La soir\u00e9e se d\u00e9roulera sous un ciel mitig\u00e9, marqu\u00e9e par de petites averses. Le passage de mercredi \u00e0 jeudi se fera sous un ciel limpide.<\/p>\n<p>Le soleil appara\u00eet l\u00e9g\u00e8rement demain. Ces \u00e9claircies devraient r\u00e9jouir les Strasbourgeois. Les temp\u00e9ratures vont descendre de quelques degr\u00e9s. Il va faire environ 14\u00b0C. Une modeste brise de nord-ouest sera ressentie par les habitants. Le matin, le mercure affichera 14\u00b0C en moyenne. Demain apr\u00e8s-midi, c&rsquo;est une hausse de quelques degr\u00e9s que vont conna\u00eetre les temp\u00e9ratures. Les maximales atteindront les 19\u00b0C et les minimales seront de 17\u00b0C. Dans la soir\u00e9e, les temp\u00e9ratures seront de 15\u00b0C.<\/p>\n<p>Les jours qui suivent s&rsquo;annoncent identiques. Le temps sera ensoleill\u00e9 avec des temp\u00e9ratures avoisinant 11\u00b0C.<\/p>\n<p><\/p>\n","protected":false},"excerpt":{"rendered":"Il y a un risque d&rsquo;averses \u00e0 Strasbourg aujourd&rsquo;hui. Les valeurs afficheront entre 11 et 19\u00b0C. Un vent&hellip;\n","protected":false},"author":2,"featured_media":115457,"comment_status":"","ping_status":"","sticky":false,"template":"","format":"standard","meta":{"footnotes":""},"categories":[2820],"tags":[1111,11,1777,674,1011,27,775,12,2119,25,640],"class_list":{"0":"post-115456","1":"post","2":"type-post","3":"status-publish","4":"format-standard","5":"has-post-thumbnail","7":"category-strasbourg","8":"tag-actu","9":"tag-actualites","10":"tag-eu","11":"tag-europe","12":"tag-fr","13":"tag-france","14":"tag-grand-est","15":"tag-news","16":"tag-previsions-meteo","17":"tag-republique-francaise","18":"tag-strasbourg"},"share_on_mastodon":{"url":"","error":""},"_links":{"self":[{"href":"https:\/\/www.europesays.com\/fr\/wp-json\/wp\/v2\/posts\/115456","targetHints":{"allow":["GET"]}}],"collection":[{"href":"https:\/\/www.europesays.com\/fr\/wp-json\/wp\/v2\/posts"}],"about":[{"href":"https:\/\/www.europesays.com\/fr\/wp-json\/wp\/v2\/types\/post"}],"author":[{"embeddable":true,"href":"https:\/\/www.europesays.com\/fr\/wp-json\/wp\/v2\/users\/2"}],"replies":[{"embeddable":true,"href":"https:\/\/www.europesays.com\/fr\/wp-json\/wp\/v2\/comments?post=115456"}],"version-history":[{"count":0,"href":"https:\/\/www.europesays.com\/fr\/wp-json\/wp\/v2\/posts\/115456\/revisions"}],"wp:featuredmedia":[{"embeddable":true,"href":"https:\/\/www.europesays.com\/fr\/wp-json\/wp\/v2\/media\/115457"}],"wp:attachment":[{"href":"https:\/\/www.europesays.com\/fr\/wp-json\/wp\/v2\/media?parent=115456"}],"wp:term":[{"taxonomy":"category","embeddable":true,"href":"https:\/\/www.europesays.com\/fr\/wp-json\/wp\/v2\/categories?post=115456"},{"taxonomy":"post_tag","embeddable":true,"href":"https:\/\/www.europesays.com\/fr\/wp-json\/wp\/v2\/tags?post=115456"}],"curies":[{"name":"wp","href":"https:\/\/api.w.org\/{rel}","templated":true}]}}