{"id":1154595,"date":"2026-08-28T20:13:20","date_gmt":"2026-08-28T20:13:20","guid":{"rendered":"https:\/\/www.europesays.com\/fr\/1154595\/"},"modified":"2026-08-28T20:13:20","modified_gmt":"2026-08-28T20:13:20","slug":"ligue-europa-tirage-complique-pour-lom-et-lyon-rennes-sen-sort-mieux-2","status":"publish","type":"post","link":"https:\/\/www.europesays.com\/fr\/1154595\/","title":{"rendered":"Ligue Europa: tirage compliqu\u00e9 pour l&rsquo;OM et Lyon, Rennes s&rsquo;en sort mieux"},"content":{"rendered":"<p>Si l&rsquo;OM et l&rsquo;OL, plac\u00e9s dans le chapeau 1, ont \u00e9vit\u00e9 la Juventus Turin et l&rsquo;AC Milan, les deux \u00e9pouvantails italiens du plateau, ils n&rsquo;ont pas \u00e9t\u00e9 g\u00e2t\u00e9s et devront lutter pour atteindre les 8e de finale. <\/p>\n<p>Les Marseillais, finalistes de la comp\u00e9tition en 1999, 2004 et 2018, devront ainsi avoir les nerfs solides pour r\u00e9sister \u00e0 des d\u00e9placements cors\u00e9s, notamment sur les pelouses du Bayer Leverkusen, du Celtic Glasgow et de Besiktas. Ils auront en revanche l&rsquo;avantage de recevoir au V\u00e9lodrome les Grecs de l&rsquo;Olympiacos, les Belges d&rsquo;Anderlecht, les Espagnols du Celta Vigo et les Bulgares du Levski Sofia.<\/p>\n<p>Le tout avec un effectif beaucoup moins fourni que l&rsquo;an pass\u00e9, puisque les Phoc\u00e9ens n&rsquo;ont toujours pas recrut\u00e9 durant le mercato estival et que l&rsquo;op\u00e9ration d\u00e9graissage n&rsquo;est peut-\u00eatre pas termin\u00e9e.<\/p>\n<p>\u00ab\u00a0On a un objectif de masse salariale. Cet objectif a \u00e9t\u00e9 soumis et valid\u00e9 par la DNCG. Tant que vous n&rsquo;\u00eates pas arriv\u00e9s proche de cet objectif, vous ne pouvez pas recruter\u00a0\u00bb, a admis le pr\u00e9sident de l&rsquo;OM St\u00e9phane Richard, qui a jug\u00e9 le tirage \u00ab\u00a0relev\u00e9\u00a0\u00bb.   <\/p>\n<p>L&rsquo;Olympique lyonnais, premier de la phase de ligue l&rsquo;an pass\u00e9, peut aussi s&rsquo;attendre \u00e0 un parcours consistant apr\u00e8s avoir manqu\u00e9 le coche de la Ligue des champions en barrages face \u00e0 Fenerbah\u00e7e, mercredi. <\/p>\n<p>Les Lyonnais se rendront chez les Espagnols de la Real Sociedad, les Belges d&rsquo;Anderlecht, les Allemands d&rsquo;Hoffenheim et les Polonais de Jagiellonia, tandis qu&rsquo;ils accueilleront un autre club belge, l&rsquo;Union Saint-Gilloise, les Norv\u00e9giens de Lillestrom et les Allemands du Bayer Leverkusen.<\/p>\n<p>&#8211; L&rsquo;OL retrouve Pierre Sage &#8211;<\/p>\n<p>L&rsquo;OL affrontera \u00e9galement \u00e0 domicile Crystal Palace et retrouvera ainsi son ancien entra\u00eeneur Pierre Sage, qui a pris les commandes de l&rsquo;\u00e9quipe anglaise apr\u00e8s son d\u00e9part de Lens \u00e0 l&rsquo;intersaison.<\/p>\n<p><img alt=\"Le d\u00e9fenseur Ruben Kluivert et ses co\u00e9quipiers lyonnais, battus \u00e0 domicile par Fenerbah\u00e7e, le 28 ao\u00fbt 2026 ont \u00e9t\u00e9 revers\u00e9s en Ligue Europe\" loading=\"lazy\" decoding=\"async\" data-nimg=\"fill\" class=\" TwicCore_img__i9TC1 undefined  undefined\" style=\"position:absolute;height:100%;width:100%;left:0;top:0;right:0;bottom:0;color:transparent;background-size:cover;background-position:50% 50%;background-repeat:no-repeat;background-image:url(&quot;data:image\/svg+xml;charset=utf-8,%3Csvg xmlns='http:\/\/www.w3.org\/2000\/svg' %3E%3Cfilter id='b' color-interpolation-filters='sRGB'%3E%3CfeGaussianBlur stdDeviation='20'\/%3E%3CfeColorMatrix values='1 0 0 0 0 0 1 0 0 0 0 0 1 0 0 0 0 0 100 -1' result='s'\/%3E%3CfeFlood x='0' y='0' width='100%25' height='100%25'\/%3E%3CfeComposite operator='out' in='s'\/%3E%3CfeComposite in2='SourceGraphic'\/%3E%3CfeGaussianBlur stdDeviation='20'\/%3E%3C\/filter%3E%3Cimage width='100%25' height='100%25' x='0' y='0' preserveAspectRatio='none' style='filter: url(%23b);' href='data:image\/webp;base64,UklGRjYDAABXRUJQVlA4ICoDAABwOwCdASpYAjMBPkkkkEYipC2hIHHIYbAJCWlu4XY+BNqD18Y8NfsAGklspy5cuXLly5cuXLly5cuXLly5cuXLly5cuXLly5cuXLly5cuXLly5cuXLly5cuXLly5cuXLly5cuXLly5cuXLly5cuXLly5cOmSMpCYAqxrZTly5cuXLlb+kGzWSu8K3E1y5cuXLly5cuXLly586rC9hJ59veBEwBVjWynLly5cuXLug2VFzeerXpFBoE1DzVqRnK9boVWdU5uGOkJgCrGtlOXLl3LvfxUZpxwRcmsj79wb4EbKlE\/r22O42hBnpQFwx0hMAVY1spy4YzRxqGxu6c2HW2qsf0YBKFRSEwBVjWynLly5cuaOzYEbNk92seqt0qoLUhMAVY1spy5crUBhXE756j\/F5H4PuLhYztBdg85f1XvYrGtlOXLly5cuXLly8BqjFLIyVJAdajjWODMD9LlVAXDHSEwBVjWynLly9tbE8pMCyjcR7xcMdITAFWNbKcuXLly+D+fa3VF4N6KxrZTly5cuXLly5cuXLly5cuXLly5cuXLly5cuXLly5cuXLly5cuXLly5cuXLly5cuXLly5cuXLly5cuXLly5cuXLly5cuXLly5cuXLly5cuXLly5cuXLhAAAP7\/oF7\/uk\/U\/0X960XRsIAEB2AAAAAAN70kr1HHyAOX3hkoohV27A67FGK7ZDJxBrJxh4Ojbr\/WDeEfz\/7o3pHj59TQ8XGsQUhr3sN7hFK2Jryx8ktgST6T5ReQQ3\/8iFy18d24oI\/ehYDZRlXUy0Kupe8Eo1oGLy7EtnzszCA7wOSYi2TuBOTEajrI03t4X5RtPEfwApDODep6IxUiWEqwc10ClsN9PiXJYP\/ftxQ4kB\/fvVojv0hPD+UslrCvnBMHKjiIKuNWc2UVssi9Sc7OFkej4bXkVzuyn3wK6aai9cjlMoDj0aFvX1cABgc2Kb52QF9UStQKG7NBnYzqQyNQam2c8hYLfhjPkZw8Wtbagqpsowi5hfki1bc1bmdFsUiBCz012jpiep8diCSRABf4vizRKv35xIIAoAAAAAAAAAAAAAA='\/%3E%3C\/svg%3E&quot;)\"   src=\"https:\/\/www.europesays.com\/fr\/wp-content\/uploads\/2026\/08\/1787948000_145_f6c6b3a55c1a235cb21831eed60efef73b551515.jpg\"\/>Le d\u00e9fenseur Ruben Kluivert et ses co\u00e9quipiers lyonnais, battus \u00e0 domicile par Fenerbah\u00e7e, le 28 ao\u00fbt 2026 ont \u00e9t\u00e9 revers\u00e9s en Ligue Europe PHOTO AFP \/ OLIVIER CHASSIGNOLE<\/p>\n<p>\u00ab\u00a0Ce sera un match particulier\u00a0\u00bb, a reconnu le directeur g\u00e9n\u00e9ral Michael Gerlinger. <\/p>\n<p>\u00ab\u00a0Sur le plan sportif, c&rsquo;est faisable. On aurait pu disputer une autre comp\u00e9tition mais on va jouer avec le m\u00eame \u00e9lan et la m\u00eame envie. On va essayer d&rsquo;acc\u00e9der aux matches \u00e0 \u00e9limination directe\u00a0\u00bb, a ajout\u00e9 le dirigeant rhodanien.<\/p>\n<p>Pour son retour \u00e0 l&rsquo;\u00e9chelon europ\u00e9en apr\u00e8s deux ans d&rsquo;absence, le Stade Rennais peut au contraire respirer. Les Bretons se frotteront \u00e0 la Juventus Turin en Italie, mais hormis la \u00ab\u00a0Vieille Dame\u00a0\u00bb, ils s&rsquo;en sortent plut\u00f4t bien puisqu&rsquo;ils joueront \u00e0 domicile contre l&rsquo;Olympiacos, le Dinamo Zagreb, l&rsquo;Omonia Nicosie et l&rsquo;OFI Cr\u00e8te et \u00e0 l&rsquo;ext\u00e9rieur face au Sparta Prague, \u00e0 Sturm Graz et au NEC Nim\u00e8gue.<\/p>\n<p>\u00ab\u00a0C&rsquo;est un plaisir de revenir sur la sc\u00e8ne europ\u00e9enne. Le tirage aurait pu \u00eatre pire. L&rsquo;ambition sera de bien figurer, l&rsquo;objectif sera de sortir de la phase de ligue et apr\u00e8s on verra notre tirage\u00a0\u00bb, a r\u00e9agi le pr\u00e9sident ex\u00e9cutif Arnaud Pouille.<\/p>\n<p>La premi\u00e8re journ\u00e9e de la Ligue Europa se d\u00e9roulera les 16 et 17 septembre et la finale aura lieu \u00e0 Francfort le 26 mai 2027.<\/p>\n<p>En Ligue Conference, Monaco aura Brighton et Fribourg comme principaux adversaires en phase de ligue \u00e0 partir du 15 octobre. La finale est pr\u00e9vue \u00e0 Istanbul, le 2 juin 2027.   <\/p>\n","protected":false},"excerpt":{"rendered":"Si l&rsquo;OM et l&rsquo;OL, plac\u00e9s dans le chapeau 1, ont \u00e9vit\u00e9 la Juventus Turin et l&rsquo;AC Milan, les&hellip;\n","protected":false},"author":2,"featured_media":1154354,"comment_status":"","ping_status":"","sticky":false,"template":"","format":"standard","meta":{"footnotes":"","_share_on_mastodon":"0"},"categories":[2821],"tags":[5734,1111,11,829,10799,1777,8938,674,1011,27,329,4056,3022,2428,12,471,584,25,31079],"class_list":["post-1154595","post","type-post","status-publish","format-standard","has-post-thumbnail","category-rennes","tag-5734","tag-actu","tag-actualites","tag-bretagne","tag-complique","tag-eu","tag-europa","tag-europe","tag-fr","tag-france","tag-france-monde","tag-lom","tag-ligue","tag-lyon","tag-news","tag-pour","tag-rennes","tag-republique-francaise","tag-tirage"],"share_on_mastodon":{"url":"https:\/\/pubeurope.com\/@fr\/117174968842211739","error":""},"_links":{"self":[{"href":"https:\/\/www.europesays.com\/fr\/wp-json\/wp\/v2\/posts\/1154595","targetHints":{"allow":["GET"]}}],"collection":[{"href":"https:\/\/www.europesays.com\/fr\/wp-json\/wp\/v2\/posts"}],"about":[{"href":"https:\/\/www.europesays.com\/fr\/wp-json\/wp\/v2\/types\/post"}],"author":[{"embeddable":true,"href":"https:\/\/www.europesays.com\/fr\/wp-json\/wp\/v2\/users\/2"}],"replies":[{"embeddable":true,"href":"https:\/\/www.europesays.com\/fr\/wp-json\/wp\/v2\/comments?post=1154595"}],"version-history":[{"count":0,"href":"https:\/\/www.europesays.com\/fr\/wp-json\/wp\/v2\/posts\/1154595\/revisions"}],"wp:featuredmedia":[{"embeddable":true,"href":"https:\/\/www.europesays.com\/fr\/wp-json\/wp\/v2\/media\/1154354"}],"wp:attachment":[{"href":"https:\/\/www.europesays.com\/fr\/wp-json\/wp\/v2\/media?parent=1154595"}],"wp:term":[{"taxonomy":"category","embeddable":true,"href":"https:\/\/www.europesays.com\/fr\/wp-json\/wp\/v2\/categories?post=1154595"},{"taxonomy":"post_tag","embeddable":true,"href":"https:\/\/www.europesays.com\/fr\/wp-json\/wp\/v2\/tags?post=1154595"}],"curies":[{"name":"wp","href":"https:\/\/api.w.org\/{rel}","templated":true}]}}