{"id":115460,"date":"2025-05-20T23:08:11","date_gmt":"2025-05-20T23:08:11","guid":{"rendered":"https:\/\/www.europesays.com\/fr\/115460\/"},"modified":"2025-05-20T23:08:11","modified_gmt":"2025-05-20T23:08:11","slug":"nice-les-transports-en-commun-gratuits-pour-certains-usagers-ce-que-lon-sait","status":"publish","type":"post","link":"https:\/\/www.europesays.com\/fr\/115460\/","title":{"rendered":"Nice. Les transports en commun gratuits pour certains usagers, ce que l&rsquo;on sait"},"content":{"rendered":"<p>            Par<br \/>\n        <strong><br \/>\n            <a href=\"https:\/\/actu.fr\/auteur\/ugo-maillard\" title=\"Consulter tous les articles de Ugo Maillard\" rel=\"nofollow noopener\" target=\"_blank\">Ugo Maillard<\/a><br \/>\n        <\/strong><\/p>\n<p>        Publi\u00e9 le<\/p>\n<p>            20 mai 2025 \u00e0 17h00        <\/p>\n<p>C\u2019est d\u00e9sormais officiel. Les tramways et bus de la r\u00e9gie <a href=\"https:\/\/actu.fr\/tag\/lignes-dazur\" rel=\"nofollow noopener\" target=\"_blank\">Lignes d\u2019Azur<\/a> qui op\u00e8re sur <a href=\"https:\/\/actu.fr\/nice\/\" rel=\"nofollow noopener\" target=\"_blank\">Nice<\/a> et son agglom\u00e9ration seront <strong>gratuits pour les enfants<\/strong> \u00e2g\u00e9s de moins de 11 ans. \u00c0 l\u2019occasion du conseil m\u00e9tropolitain de Nice C\u00f4te d\u2019Azur du vendredi 16 mai 2025, les \u00e9lus ni\u00e7ois ont valid\u00e9 la mise en place de cette gratuit\u00e9, <a href=\"https:\/\/actu.fr\/provence-alpes-cote-d-azur\/nice_06088\/nice-lignes-d-azur-les-transports-deviennent-gratuits-pour-ces-usagers-voici-qui-est-concerne_62355921.html#:~:text=D%C3%A8s%20le%201er%20juillet%202025,Une%20annonce%20de%20Christian%20Estrosi.&amp;text=Alors%20que%20les%20tarifs%20ont,une%20nouvelle%20mesure%20est%20annonc%C3%A9e.\" rel=\"nofollow noopener\" target=\"_blank\">annonc\u00e9e en mars par le maire<\/a>, Christian Estrosi.<\/p>\n<p class=\" wall-content\">Voici tout ce que l\u2019on sait sur les modalit\u00e9s.<\/p>\n<p>D\u00e8s juillet\u00a02025<\/p>\n<p class=\" wall-content\">Sur l\u2019int\u00e9gralit\u00e9 du r\u00e9seau Lignes d\u2019Azur de la m\u00e9tropole de Nice, les enfants de moins de 11\u00a0ans n\u2019auront aucun centime \u00e0 d\u00e9penser pour se d\u00e9placer.<\/p>\n<p class=\" wall-content\">Cette mesure entrera <strong>en vigueur le 1er\u00a0juillet 2025<\/strong>.<\/p>\n<blockquote class=\"ac-article-quote wall-content\">\n<p>D\u00e9j\u00e0 engag\u00e9e dans une politique de mobilit\u00e9 inclusive,\u00a0la M\u00e9tropole Nice C\u00f4te d\u2019Azur offre actuellement la gratuit\u00e9 des transports \u00e0 plusieurs publics : seniors non imposables,\u00a0aveugles civils, personnes invalides non imposables et leur accompagnateur, mutil\u00e9s de guerre, anciens combattants, ainsi qu\u2019aux membres des services de police et de pompiers.\u00a0Cette mesure s\u2019\u00e9tend d\u00e9sormais aux plus jeunes, avec un objectif clair : soutenir le pouvoir d\u2019achat des familles et encourager l\u2019utilisation des transports en commun d\u00e8s le plus jeune \u00e2ge.<\/p>\n<p>    <strong>Christian Estrosi<\/strong><br \/>\n        Pr\u00e9sident de la M\u00e9tropole Nice C\u00f4te d&rsquo;Azur    <\/p><\/blockquote>\n<p>Gratuit\u2026 ou presque<\/p>\n<p class=\" wall-content\">Pour b\u00e9n\u00e9ficier de la gratuit\u00e9, une carte devra tout de m\u00eame command\u00e9e en ligne ou en boutique. Une <strong>d\u00e9marche qui co\u00fbtera 15\u00a0euros<\/strong>, ce qui \u00e9quivaut aux frais de dossier pour tous les abonnements Lignes d\u2019Azur.<\/p>\n<p class=\" wall-content\">Chaque enfant devra donc \u00eatre muni d\u2019une carte Lignes d\u2019Azur de libre circulation qui\u00a0sera indispensable pour acc\u00e9der et sortir des lignes 2 et 3 du tramway (portiques), \u00ab\u2009et permettra \u00e9galement de quantifier pr\u00e9cis\u00e9ment la fr\u00e9quentation du r\u00e9seau\u2009\u00bb, indiquent les services de la M\u00e9tropole.<\/p>\n<p class=\" wall-content\">Les groupes scolaires de la M\u00e9tropole b\u00e9n\u00e9ficieront d\u2019une carte sp\u00e9ciale, charg\u00e9e de voyages gratuits pour les \u00e9l\u00e8ves.<\/p>\n<p class=\" wall-content\">Suivez toute l\u2019actualit\u00e9 de vos villes et m\u00e9dias favoris en vous inscrivant \u00e0 <a href=\"https:\/\/moncompte.actu.fr\" title=\"D\u00e9couvez Mon Actu\" rel=\"nofollow noopener\" data-trk=\"{&quot;cta&quot;:{&quot;action&quot;:&quot;https:\\\/\\\/moncompte.actu.fr&quot;,&quot;category&quot;:&quot;mon compte&quot;,&quot;from&quot;:&quot;article footer&quot;,&quot;name&quot;:&quot;Mon actu&quot;,&quot;type&quot;:&quot;cta&quot;}}\" target=\"_blank\">Mon Actu<\/a>.<\/p>\n","protected":false},"excerpt":{"rendered":"Par Ugo Maillard Publi\u00e9 le 20 mai 2025 \u00e0 17h00 C\u2019est d\u00e9sormais officiel. Les tramways et bus de&hellip;\n","protected":false},"author":2,"featured_media":115461,"comment_status":"","ping_status":"","sticky":false,"template":"","format":"standard","meta":{"footnotes":""},"categories":[2819],"tags":[1111,11,1777,674,1011,27,14554,12,2401,882,25,104,2803],"class_list":{"0":"post-115460","1":"post","2":"type-post","3":"status-publish","4":"format-standard","5":"has-post-thumbnail","7":"category-nice","8":"tag-actu","9":"tag-actualites","10":"tag-eu","11":"tag-europe","12":"tag-fr","13":"tag-france","14":"tag-lignes-dazur","15":"tag-news","16":"tag-nice","17":"tag-provence-alpes-cote-dazur","18":"tag-republique-francaise","19":"tag-societe","20":"tag-transport"},"share_on_mastodon":{"url":"https:\/\/pubeurope.com\/@fr\/114542680755980181","error":""},"_links":{"self":[{"href":"https:\/\/www.europesays.com\/fr\/wp-json\/wp\/v2\/posts\/115460","targetHints":{"allow":["GET"]}}],"collection":[{"href":"https:\/\/www.europesays.com\/fr\/wp-json\/wp\/v2\/posts"}],"about":[{"href":"https:\/\/www.europesays.com\/fr\/wp-json\/wp\/v2\/types\/post"}],"author":[{"embeddable":true,"href":"https:\/\/www.europesays.com\/fr\/wp-json\/wp\/v2\/users\/2"}],"replies":[{"embeddable":true,"href":"https:\/\/www.europesays.com\/fr\/wp-json\/wp\/v2\/comments?post=115460"}],"version-history":[{"count":0,"href":"https:\/\/www.europesays.com\/fr\/wp-json\/wp\/v2\/posts\/115460\/revisions"}],"wp:featuredmedia":[{"embeddable":true,"href":"https:\/\/www.europesays.com\/fr\/wp-json\/wp\/v2\/media\/115461"}],"wp:attachment":[{"href":"https:\/\/www.europesays.com\/fr\/wp-json\/wp\/v2\/media?parent=115460"}],"wp:term":[{"taxonomy":"category","embeddable":true,"href":"https:\/\/www.europesays.com\/fr\/wp-json\/wp\/v2\/categories?post=115460"},{"taxonomy":"post_tag","embeddable":true,"href":"https:\/\/www.europesays.com\/fr\/wp-json\/wp\/v2\/tags?post=115460"}],"curies":[{"name":"wp","href":"https:\/\/api.w.org\/{rel}","templated":true}]}}