{"id":1154638,"date":"2026-08-28T20:43:26","date_gmt":"2026-08-28T20:43:26","guid":{"rendered":"https:\/\/www.europesays.com\/fr\/1154638\/"},"modified":"2026-08-28T20:43:26","modified_gmt":"2026-08-28T20:43:26","slug":"crue-le-bilan-ne-cesse-de-salourdir-au-nepal-et-en-chine-en-ukraine-les-habitants-de-kherson-appeles-a-evacuer-le-parlement-danois-a-vote-lindemnisation-des-femmes-inuites-sterilisees-de-force","status":"publish","type":"post","link":"https:\/\/www.europesays.com\/fr\/1154638\/","title":{"rendered":"Crue: le bilan ne cesse de s&rsquo;alourdir au N\u00e9pal et en Chine \/ En Ukraine, les habitants de Kherson appel\u00e9s \u00e0 \u00e9vacuer \/ Le Parlement danois a vot\u00e9 l&rsquo;indemnisation des femmes inuites st\u00e9rilis\u00e9es de force&#8230; &#8211; Journal en fran\u00e7ais facile &#8211; Fran\u00e7ais Facile"},"content":{"rendered":"<p>\n                        Merci  d&rsquo;\u00e9couter  RFI.  Il  est  18  heures \u00e0  Paris,  16  heures en  temps  universel.                      <\/p>\n<p>\n                        Le  Journal en  fran\u00e7ais  facile.                      <\/p>\n<p>\n                        Charlotte  Derouin.                      <\/p>\n<p>\n                        Bonsoir  \u00e0  toutes  et  \u00e0  tous.                      <\/p>\n<p>\n                        Le  bilan  ne  cesse  de  s&rsquo;alourdir  au  N\u00e9pal  et  en  Chine,  apr\u00e8s  la  crue  d\u00e9vastatrice  qui  a  eu  lieu  mercredi.  Pr\u00e8s  de  600  personnes  sont  mortes  et  les  secours  craignent  une  nouvelle  inondation.                      <\/p>\n<p>\n                        En  Ukraine,  les  habitants  de  Kherson  sont  appel\u00e9s  \u00e0  \u00e9vacuer  face  au  danger  des  frappes  russes.  Des  frappes  qui  s&rsquo;intensifient,  notamment  sur  les  infrastructures,  ce  qui  risque  de  cr\u00e9er  des  pannes  d&rsquo;\u00e9lectricit\u00e9.                      <\/p>\n<p>\n                        C&rsquo;est  une  d\u00e9cision  historique.  Au  Danemark,  le  Parlement  a  vot\u00e9  l&rsquo;indemnisation  de  femmes  groenlandaises, des  femmes  inuites, victimes  d&rsquo;une  vaste  campagne  de  st\u00e9rilisation forc\u00e9e. Une campagne  qui  avait  pour  but  de  les  emp\u00eacher  d&rsquo;avoir  des  enfants.                      <\/p>\n<p>\n                        Des  milliers  de  sauveteurs  sont  mobilis\u00e9s  au  N\u00e9pal  et  au  Tibet  chinois,  apr\u00e8s  la  crue  meurtri\u00e8re  qui  a  eu  lieu  mercredi.  Un  torrent  de  boue  a  d\u00e9val\u00e9  la  montagne,  d\u00e9truisant  tout  sur  son  passage.  La  catastrophe  a  fait  presque  600  morts,  dont  cinq  c\u00f4t\u00e9 chinois. 2 500 personnes  sont  toujours  port\u00e9es disparues. Les  recherches  se  poursuivent,  mais  les  secouristes  craignent  de  nouvelles  inondations  li\u00e9es  au d\u00e9bordement d&rsquo;un  lac, qui  s&rsquo;est  form\u00e9  avec  des  d\u00e9bris.  Les  explications  de  notre  correspondante  en  Chine,  Clea  Broadhurst.                      <\/p>\n<p>\n                        Un  lac  form\u00e9  par  un  amas  de  roches,  de  glace  et  de  boue  a  commenc\u00e9  \u00e0  d\u00e9border  c\u00f4t\u00e9  tib\u00e9tain.  Il  contient  plus  de  2  millions  et  demi  de  m\u00e8tres  cubes  d&rsquo;eau  et  menace  les  villages  en  contrebas.  Apr\u00e8s  deux  jours  d&rsquo;efforts,  seuls  21  pompiers  et  un  chien  de  recherche  ont  atteint  le  c\u0153ur  de  la  zone  sinistr\u00e9e.  Pr\u00e8s  de  1 400  secouristes  sont  mobilis\u00e9s,  mais  l&rsquo;altitude,  les  routes  et  les  communications  coup\u00e9es  compliquent  leur  progression.  Drones  et  d\u00e9tecteurs  de  vie  ont  \u00e9t\u00e9  d\u00e9ploy\u00e9s. Au N\u00e9pal,  plus  de  100  ouvriers  sont  bloqu\u00e9s  dans  un  tunnel  hydro\u00e9lectrique.  Deux  h\u00e9licopt\u00e8res  tentent  de  les  \u00e9vacuer,  mais  les  entr\u00e9es  restent  difficiles  \u00e0  localiser.  350  ouvriers  et  habitants  ont  \u00e9t\u00e9  secourus.  C\u00f4t\u00e9  chinois,  plus  d&rsquo;un  millier  de  personnes  ont  \u00e9t\u00e9  mises  \u00e0  l&rsquo;abri,  mais  le  bilan  r\u00e9el  demeure  incertain.  P\u00e9kin  ne  fait  \u00e9tat  que  de  cinq  morts  et  fournit  tr\u00e8s  peu  d&rsquo;informations  sur  les  zones  touch\u00e9es.  Xi Jinping  a  ordonn\u00e9  de  retrouver  tous  les  disparus  et  a  propos\u00e9  son  aide  au  N\u00e9pal.  Et, enfin, l&rsquo;ONU  a  d\u00e9bloqu\u00e9  2  millions de dollars  et  l&rsquo;OMS  envoie  du  mat\u00e9riel  m\u00e9dical  pour  10 000 personnes.  Clea  Broadhurst, P\u00e9kin, RFI.                      <\/p>\n<p>\n                        Les  inondations  et  les  glissements  de  terrain  sont  fr\u00e9quents  pendant  la  mousson \u2013 pendant  la  saison  des  pluies \u2013 au  N\u00e9pal,  au  Tibet  et  dans  toute  l&rsquo;Asie  du  Sud.  Mais, selon  les  scientifiques,  le  changement  climatique  accro\u00eet l&rsquo;intensit\u00e9  et  la  fr\u00e9quence  de  ces  catastrophes  naturelles.                      <\/p>\n<p>\n                        L&rsquo;Indon\u00e9sie dit  intensifier  ses  efforts  pour  lutter  contre  les  incendies.  Les  fum\u00e9es  qu&rsquo;ils provoquent ont  un  impact  sur  le  quotidien  de  plus  de  5  millions  de  personnes.  Cet  \u00e9t\u00e9,  en  juillet  et  en  ao\u00fbt,  environ  13 500  personnes  ont  \u00e9t\u00e9  soign\u00e9es  pour  des  infections  respiratoires, selon le  minist\u00e8re  indon\u00e9sien  de  la  Sant\u00e9,  qui  a  distribu\u00e9  plus  de  5  millions  de  masques  \u00e0  travers  le  pays, et  plusieurs  \u00e9coles  ont  d\u00fb  fermer.                      <\/p>\n<p>\n                        Le  Journal en  fran\u00e7ais  facile.                      <\/p>\n<p>\n                        En  Ukraine,  la  situation  humanitaire  devient  de  plus  en  plus  difficile  dans  la  ville  de  Kherson.  Devant  l&rsquo;intensit\u00e9  des  frappes  russes  sur  les  infrastructures  de  la  ville,  le  gouverneur  de  la  r\u00e9gion  a  appel\u00e9  la  population  \u00e0  \u00e9vacuer \u2013 \u00e0  quitter  cette  ville \u2013, car  les  autorit\u00e9s  redoutent  des  pannes  d&rsquo;\u00e9lectricit\u00e9  et  de  chauffage  avant  l&rsquo;hiver.  Les  pr\u00e9cisions  de  notre  correspondante, Emmanuelle  Chaze.                     <\/p>\n<p>\n                        \u00c0 Kherson, la situation  \u00e9tait  d\u00e9j\u00e0  difficilement  tenable  pour  les  milliers  d&rsquo;habitants  encore  sur  place.  Ils  survivent  sous  des  filets  antidrones, mais  se  savent, aussi, pourchass\u00e9s  et  cibl\u00e9s  par  les  pilotes  de  drones  russes, dans  ce  qu&rsquo;on  appelle  un  v\u00e9ritable  safari humain. Cette  situation, elle a  empir\u00e9, ces  derniers  jours,  avec  des  frappes  russes  renouvel\u00e9es  sur  une  centrale  thermique de  chauffage  et  de  production  d&rsquo;\u00e9lectricit\u00e9  de  la  ville.  Oleksandr  Prokudin, le  [gouverneur] de  l&rsquo;administration  militaire  r\u00e9gionale,  parle  de  d\u00e9g\u00e2ts  tr\u00e8s  importants. Et il  avertit  qu&rsquo;ils pourraient affecter  les  infrastructures  essentielles  de  Kherson  dans  les  prochains  mois.  Il  appelle, donc, les  habitants,  notamment  les  familles  et  les  personnes  \u00e2g\u00e9es,  \u00e0  quitter  la  ville,  s&rsquo;ils  en  ont  la  possibilit\u00e9,  \u00e0  rejoindre  leurs  proches  dans  des  r\u00e9gions  moins  expos\u00e9es.  Cette  d\u00e9claration  intervient  alors  que  la  situation  s\u00e9curitaire  sur  l&rsquo;ensemble  de  la  r\u00e9gion  continue  de  se  d\u00e9grader. Selon les  autorit\u00e9s, depuis d\u00e9but  juillet,  la  Russie  a  lanc\u00e9  plus  de  170  bombes  a\u00e9riennes  guid\u00e9es,  ainsi  que  plus  de  1 700 drones  kamikazes  contre  la  population  et  les  infrastructures  civiles.  Emmanuelle  Chaze, Kyiv, RFI.                      <\/p>\n<p>\n                        Au  Proche-Orient,  l&rsquo;arm\u00e9e  isra\u00e9lienne  a  dit  avoir  conduit  une  \u00ab frappe cibl\u00e9e \u00bb dans  la  r\u00e9gion  de  J\u00e9nine,  dans  le  nord  de  la  Cisjordanie  occup\u00e9e.  Elle  indique  avoir  vis\u00e9  plusieurs  terroristes.  L&rsquo;arm\u00e9e isra\u00e9lienne  a, aussi, men\u00e9  plusieurs  frappes  dans  l&rsquo;autre  territoire  palestinien,  dans  la  bande  de  Gaza,  o\u00f9  cinq  personnes  sont  mortes,  selon  la  D\u00e9fense civile  gazaouie.                     <\/p>\n<p>\n                        Les  Islandais  souhaitent-ils faire  partie  de  l&rsquo;Union  europ\u00e9enne ? Les  \u00e9lecteurs  sont  appel\u00e9s  \u00e0  se  prononcer  demain, samedi, par  r\u00e9f\u00e9rendum.  Ils  doivent  dire  s&rsquo;ils  sont  d&rsquo;accord  pour  commencer  les  n\u00e9gociations  d&rsquo;adh\u00e9sion  \u00e0  l&rsquo;Union  ou  s&rsquo;ils  veulent, au  contraire, rester  ind\u00e9pendants.  Le  scrutin  s&rsquo;annonce  serr\u00e9.  Les  sondages  montrent  que  les  \u00e9lecteurs  sont  divis\u00e9s  entre  ceux  qui  veulent  se  rapprocher  de  l&rsquo;Europe  et  ceux  qui  n&rsquo;y  voient  que  des  contraintes.  Ce  r\u00e9f\u00e9rendum  intervient  dans  un  contexte  de  menaces  du  pr\u00e9sident  am\u00e9ricain, Donald  Trump,  qui  a  dit, il  y  a  quelques  mois, vouloir  s&#8217;emparer  du  Groenland,  qui  est  voisin  de  l&rsquo;Islande,  alors  que  ce  territoire  est  danois.  Les  Islandais  s&rsquo;interrogent, donc, sur  leur  capacit\u00e9  \u00e0  se  d\u00e9fendre,  car  le  pays  ne  poss\u00e8de  pas  d&rsquo;arm\u00e9e.                      <\/p>\n<p>\n                        C&rsquo;est  l&rsquo;un  des  \u00e9pisodes  les  plus  sombres  de  l&rsquo;histoire  du  Danemark. Des ann\u00e9es  1960  aux  ann\u00e9es  1990, plus de  4 000 femmes  et  jeunes  filles  groenlandaises ont  \u00e9t\u00e9  st\u00e9rilis\u00e9es.  On  a  pos\u00e9  \u00e0  ces  femmes  inuites un  st\u00e9rilet  pour  les  emp\u00eacher  d&rsquo;avoir  des  enfants, sans  qu&rsquo;elles  soient  d&rsquo;accord,  et  parfois, m\u00eame, sans  les  en  informer.  Ce  scandale  a  marqu\u00e9  plusieurs  g\u00e9n\u00e9rations  de  Groenlandaises et  le  Parlement danois  vient  juste  de  voter  une  indemnisation,  c&rsquo;est-\u00e0-dire une  compensation  financi\u00e8re  de  40  000 euros pour  les  victimes.  Parmi  elles,  Elisa  Christiansen.  Elle  se  bat, depuis  des  ann\u00e9es, pour  obtenir  r\u00e9paration.  Pour  elle,  c&rsquo;est  donc  un  soulagement.  Notre  correspondante,  Ottilia Ferey, a  pu  la  joindre.                      <\/p>\n<p>\n                        Sant\u00e9 ! C&rsquo;est avec  un  verre  de  champagne  \u00e0  la  main  [qu&rsquo;Elisa] Tove Christiansen,  cette Dano-Groenlandaise de  65  ans,  trinque  par  [visioconf\u00e9rence] \u00e0  cette  victoire  tant  attendue.  Elle  \u00e9tait  pr\u00e9sente, ce  jeudi, au  Parlement  danois  pour  suivre  le  vote  en  direct.                      <\/p>\n<p>\n                        \u00ab Il y  a eu une  centaine  pour  et  dix  contre, environ.  On  \u00e9tait  toutes  si  heureuses et  soulag\u00e9es, nous, les  femmes  venues  assister  au  vote.  C&rsquo;\u00e9tait  un  moment  tr\u00e8s  fort  pour  nous.  Comme  quoi,  \u00e7a  vaut  la  peine  de  se  battre. \u00bb                     <\/p>\n<p>\n                        Elle  s&rsquo;est, ensuite, entretenue en  priv\u00e9  avec  la  ministre  danoise  de  la  Sant\u00e9.                      <\/p>\n<p>\n                        \u00ab Elle m&rsquo;a  pos\u00e9  des  questions  sur  ma  vie.  Alors, j&rsquo;ai  racont\u00e9  un  peu  mon  histoire.  Elle  s&rsquo;est  mise  \u00e0  pleurer.  Elle  \u00e9tait  tr\u00e8s  \u00e9mue.  J&rsquo;esp\u00e8re  que  \u00e7a  n&rsquo;arrivera  plus  jamais  \u00e0  aucune  fille, nulle  part  dans  le  monde. \u00bb                     <\/p>\n<p>\n                        Elisa  n&rsquo;avait  que  13 ans  lorsqu&rsquo;on  lui  a  pos\u00e9, sans  son  consentement,  un  st\u00e9rilet  pour  adulte.  Cet  acte  a  entra\u00een\u00e9  tant  de  complications  que  son  ut\u00e9rus  a  d\u00fb  lui  \u00eatre  retir\u00e9.                      <\/p>\n<p>\n                        \u00ab \u00c7a ne  me  rendra  pas  mon  ut\u00e9rus. \u00c7a ne  me  rendra  pas  les  enfants  que  je  n&rsquo;ai  jamais  eus. Et  \u00e7a  n&rsquo;effacera  pas  toutes  les  maladies  et  douleurs  avec  lesquelles  je  vis, depuis  toutes  ces  ann\u00e9es.  Mais  \u00e7a  me  montre  que  les  hommes  et  les  femmes  politiques  nous  ont  entendues. \u00bb                     <\/p>\n<p>\n                        Elle  explique  que  203  femmes  vont  \u00eatre  indemnis\u00e9es. Mais elle  esp\u00e8re  que  plus  de  victimes  oseront  se  manifester  et  demander  cette  r\u00e9paration  financi\u00e8re, qui  leur  est  due.  Ottilia Ferrey, Stockholm, RFI.                      <\/p>\n<p>\n                        Le  roi  de  Norv\u00e8ge  est  d\u00e9c\u00e9d\u00e9.  Harald  V  est  mort, \u00e0  l&rsquo;\u00e2ge  de  89  ans.  Il  \u00e9tait  rest\u00e9, jusqu&rsquo;au  bout, une  figure  de  stabilit\u00e9  pour  les  Norv\u00e9giens.  Il  \u00e9tait  le  doyen \u2013 le  plus  \u00e2g\u00e9 \u2013 des  souverains  en  Europe.  Les  hommages, depuis  l&rsquo;annonce  de  son  d\u00e9c\u00e8s, se  multiplient. Au Royaume-Uni, le roi, Charles  III, salue  \u00ab son d\u00e9vouement  sans  faille \u00bb. En  Belgique,  le  roi  Philippe  et  la  reine  Mathilde  \u00e9voquent  \u00ab son humour,  son  humanit\u00e9  et  son  naturel \u00bb. Son  fils, Haakon, va  lui  succ\u00e9der.                      <\/p>\n<p>\n                        En  France,  la  chanteuse  C\u00e9line  Dion  est  arriv\u00e9e  \u00e0  Paris, deux  semaines  avant  la  s\u00e9rie  de  concerts  qu&rsquo;elle  doit  donner.  Elle  doit  donner  16 concerts  au  total, qui  interviennent  apr\u00e8s  plus  de  six  ann\u00e9es  d&rsquo;absence.  Malade,  elle  ne  pouvait  plus  monter  sur  sc\u00e8ne.  Elle  a  repris  le  micro  en  juillet  2024,  \u00e0  l&rsquo;occasion  de  la  c\u00e9r\u00e9monie  d&rsquo;ouverture  des  Jeux  olympiques  de  Paris,  pour  interpr\u00e9ter  L&rsquo;hymne \u00e0  l&rsquo;amour, d&rsquo;\u00c9dith Piaf.                      <\/p>\n","protected":false},"excerpt":{"rendered":"Merci d&rsquo;\u00e9couter RFI. Il est 18 heures \u00e0 Paris, 16 heures en temps universel. Le Journal en fran\u00e7ais&hellip;\n","protected":false},"author":2,"featured_media":1154639,"comment_status":"","ping_status":"","sticky":false,"template":"","format":"standard","meta":{"footnotes":"","_share_on_mastodon":"0"},"categories":[1590],"tags":[47,11,10343,33409,436,1777,674,3535,10342,873,12,220],"class_list":["post-1154638","post","type-post","status-publish","format-standard","has-post-thumbnail","category-ukraine","tag-actualite","tag-actualites","tag-all","tag-catastrophes-naturelles","tag-environnement","tag-eu","tag-europe","tag-geopolitique","tag-journal-en-francais-facile","tag-musique","tag-news","tag-ukraine"],"share_on_mastodon":{"url":"https:\/\/pubeurope.com\/@fr\/117175085174596950","error":""},"_links":{"self":[{"href":"https:\/\/www.europesays.com\/fr\/wp-json\/wp\/v2\/posts\/1154638","targetHints":{"allow":["GET"]}}],"collection":[{"href":"https:\/\/www.europesays.com\/fr\/wp-json\/wp\/v2\/posts"}],"about":[{"href":"https:\/\/www.europesays.com\/fr\/wp-json\/wp\/v2\/types\/post"}],"author":[{"embeddable":true,"href":"https:\/\/www.europesays.com\/fr\/wp-json\/wp\/v2\/users\/2"}],"replies":[{"embeddable":true,"href":"https:\/\/www.europesays.com\/fr\/wp-json\/wp\/v2\/comments?post=1154638"}],"version-history":[{"count":0,"href":"https:\/\/www.europesays.com\/fr\/wp-json\/wp\/v2\/posts\/1154638\/revisions"}],"wp:featuredmedia":[{"embeddable":true,"href":"https:\/\/www.europesays.com\/fr\/wp-json\/wp\/v2\/media\/1154639"}],"wp:attachment":[{"href":"https:\/\/www.europesays.com\/fr\/wp-json\/wp\/v2\/media?parent=1154638"}],"wp:term":[{"taxonomy":"category","embeddable":true,"href":"https:\/\/www.europesays.com\/fr\/wp-json\/wp\/v2\/categories?post=1154638"},{"taxonomy":"post_tag","embeddable":true,"href":"https:\/\/www.europesays.com\/fr\/wp-json\/wp\/v2\/tags?post=1154638"}],"curies":[{"name":"wp","href":"https:\/\/api.w.org\/{rel}","templated":true}]}}