{"id":1154660,"date":"2026-08-28T20:55:34","date_gmt":"2026-08-28T20:55:34","guid":{"rendered":"https:\/\/www.europesays.com\/fr\/1154660\/"},"modified":"2026-08-28T20:55:34","modified_gmt":"2026-08-28T20:55:34","slug":"us-open-que-peut-on-attendre-dalcaraz-et-djokovic","status":"publish","type":"post","link":"https:\/\/www.europesays.com\/fr\/1154660\/","title":{"rendered":"US Open : que peut-on attendre d&rsquo;Alcaraz et Djokovic ?"},"content":{"rendered":"<p class=\"ap-StoryElement ap-StoryElement--mb ap-StoryText\">Le premier paradoxe se nomme Novak Djokovic. L&rsquo;ancien roi du circuit demeure une r\u00e9f\u00e9rence. Vingt-quatre titres du Grand Chelem et quatre sacres \u00e0 Flushing Meadows : Nole poss\u00e8de, sur papier, toutes les armes pour viser un 25e Majeur. Sa saison plaide d&rsquo;ailleurs pour lui. Finaliste \u00e0 l&rsquo;Australian Open, o\u00f9 il avait \u00e9limin\u00e9 Sinner, et dernier carr\u00e9 \u00e0 Wimbledon. Le Djoker a encore prouv\u00e9 qu&rsquo;il pouvait tenir la distance dans les plus grands tournois. \u00c0 Melbourne, il assurait avoir \u00ab\u00a0toujours eu la confiance et la vision pour gagner un Grand Chelem\u00a0\u00bb.<\/p>\n<p><a href=\"https:\/\/www.lalibre.be\/sports\/tennis\/2026\/08\/27\/david-goffin-pret-a-faire-ses-adieux-au-public-belge-voici-ou-le-liegeois-jouera-le-dernier-tournoi-de-sa-carriere-U6RLWL2U3BE5HIB5N4C7GYQKK4\/\" target=\"_self\" class=\"ap-StoryInterstitialLink ap-StoryElement ap-StoryElement--mb\" rel=\"nofollow noopener\">David Goffin pr\u00eat \u00e0 faire ses adieux au public belge : voici o\u00f9 le Li\u00e9geois jouera le dernier tournoi de sa carri\u00e8re<\/a>Chaleur et humidit\u00e9, les ennemis du GOAT<\/p>\n<p class=\"ap-StoryElement ap-StoryElement--mb ap-StoryText\">Mais cette certitude a une faille : le physique. \u00c0 Cincinnati, Djokovic a \u00e9t\u00e9 fortement g\u00ean\u00e9 par la chaleur et l&rsquo;humidit\u00e9 lors de sa d\u00e9faite contre Thiago Agustin Tirante. \u00ab\u00a0C&rsquo;est simplement un probl\u00e8me de sant\u00e9 que j&rsquo;ai. Cela me g\u00eane depuis quelques ann\u00e9es\u00a0\u00bb, a-t-il reconnu. \u00c0 New York, la question sera donc autant de savoir s&rsquo;il peut battre les meilleurs que s&rsquo;il peut encha\u00eener sept matchs au meilleur des cinq sets. Son exp\u00e9rience est intacte. Son endurance est devenue le v\u00e9ritable facteur X.<\/p>\n<p><img decoding=\"async\" src=\"https:\/\/www.europesays.com\/fr\/wp-content\/uploads\/2026\/08\/1787950534_332_hqdefault.webp\" alt=\"Jannik Sinner vs. Carlos Alcaraz Extended Highlights | 2025 US Open Final - YouTube thumbnail\" class=\"lty-thumbnail\" loading=\"lazy\"\/>Watch<\/p>\n<p class=\"ap-StoryElement ap-StoryElement--mb ap-StoryText\">Face \u00e0 lui, Carlos Alcaraz pr\u00e9sente le paradoxe inverse. Le tenant du titre est un favori naturel. Il a remport\u00e9 l&rsquo;Australian Open en janvier, compl\u00e9t\u00e9 le Grand Chelem en carri\u00e8re \u00e0 seulement 23 ans et affiche un bilan de 24 victoires pour trois d\u00e9faites \u00e0 New York. Mais depuis une blessure au poignet droit contract\u00e9e \u00e0 Barcelone en avril, l&rsquo;Espagnol n&rsquo;a plus disput\u00e9 de rencontre officielle en simple. Il a notamment manqu\u00e9 Roland-Garros et Wimbledon, avant de choisir de reprendre directement \u00e0 Flushing Meadows sans passer par Montr\u00e9al et Cincinnati.<\/p>\n<p>Alcaraz : quelles sensations ?<\/p>\n<p class=\"ap-StoryElement ap-StoryElement--mb ap-StoryText\">\u00ab\u00a0Estoy de vuelta. Here we go\u00a0\u00bb, avait-il lanc\u00e9 en annon\u00e7ant son retour sur les r\u00e9seaux. Mais quel Alcaraz va-t-on retrouver ? Celui qui avait remport\u00e9 l&rsquo;US Open 2025 ou un champion encore en qu\u00eate de sensations ? C&rsquo;est pr\u00e9cis\u00e9ment ce qui transforme ce grand talent en \u00e9nigme du tournoi. L&rsquo;Espagnol a retrouv\u00e9 l&rsquo;entra\u00eenement, \u00e0 son rythme, sans aucune pr\u00e9cipitation, de peur de conna\u00eetre une rechute, mais rien ne remplace la v\u00e9rit\u00e9 d&rsquo;un match apr\u00e8s plus de quatre mois d&rsquo;absence.<\/p>\n<blockquote class=\"ap-StoryQuote ap-StoryQuote--pullquote\"><p>guillement<\/p>\n<p class=\"ap-StoryQuote-text\">Ben Shelton a tout pour s&rsquo;imposer.\u00a0\u00bb<\/p>\n<\/blockquote>\n<p class=\"ap-StoryElement ap-StoryElement--mb ap-StoryText\">Si ces interrogations prennent autant de place, c&rsquo;est aussi parce que le troisi\u00e8me tout puissant ne sera pas l\u00e0. Jannik Sinner, num\u00e9ro 1 mondial et vainqueur de Wimbledon, a d\u00e9clar\u00e9 forfait en raison d&rsquo;une blessure au genou droit. Qui pourra en profiter si ce n&rsquo;est pas nos deux facteurs X, Djokovic et Alcaraz ?<\/p>\n<p>Une meute d&rsquo;outsiders<\/p>\n<p class=\"ap-StoryElement ap-StoryElement--mb ap-StoryText\">Le premier s&rsquo;appelle Alexander Zverev. L&rsquo;Allemand, t\u00eate de s\u00e9rie num\u00e9ro 1, arrive avec un argument de poids et un d\u00e9clic psychologique : il a remport\u00e9 Roland-Garros en juin, son premier titre du Grand Chelem. Mais son \u00e9t\u00e9 am\u00e9ricain a \u00e9t\u00e9 moins convaincant : premier tour \u00e0 Montr\u00e9al et troisi\u00e8me \u00e0 Cincinnati. L&rsquo;absence de Sinner lui offre une occasion, pas une garantie.<\/p>\n<p class=\"ap-StoryElement ap-StoryElement--mb ap-StoryText\">Derri\u00e8re, la meute est dense. Ben Shelton, meilleur Am\u00e9ricain au classement, a retrouv\u00e9 de la confiance en d\u00e9fendant son titre \u00e0 Toronto sans perdre un set. Demi-finaliste \u00e0 New York en 2023, il dispose du service pour faire basculer un tableau. Andy Roddick, dernier vainqueur US \u00e0 New York, voit en lui un candidat s\u00e9rieux : \u00ab\u00a0Il a tout pour s&rsquo;imposer.\u00a0\u00bb<\/p>\n<p class=\"ap-StoryElement ap-StoryElement--mb ap-StoryText\">Taylor Fritz, finaliste en 2024, r\u00eave lui aussi de profiter du soutien du public am\u00e9ricain. Arthur Fils arrive lanc\u00e9 apr\u00e8s son premier sacre en Masters 1 000 \u00e0 Cincinnati. Rafael Jodar compl\u00e8te la liste des menaces : \u00e0 19 ans, l&rsquo;Espagnol s&rsquo;est install\u00e9 parmi les r\u00e9v\u00e9lations de la saison.<\/p>\n<p class=\"ap-StoryElement ap-StoryElement--mb ap-StoryText\">Voil\u00e0 peut-\u00eatre la particularit\u00e9 de cet US Open. Djokovic poss\u00e8de les certitudes du palmar\u00e8s, mais doit n\u00e9gocier avec le temps. Alcaraz poss\u00e8de celles du talent, mais manque de comp\u00e9tition. Zverev a enfin franchi l&rsquo;obstacle du premier Majeur, mais doit confirmer. Et derri\u00e8re, Shelton, Fritz, Fils, Jodar ou d&rsquo;autres planqu\u00e9s dans l&rsquo;ombre savent qu&rsquo;une fen\u00eatre s&rsquo;est ouverte.<\/p>\n<p><a href=\"https:\/\/www.lalibre.be\/sports\/tennis\/2026\/08\/22\/serena-williams-et-carlos-alcaraz-reunis-a-lus-open-pour-un-double-mixte-exceptionnel-Q6IIFX5JPJBAHDIC7ZYM7GRZ4A\/\" target=\"_self\" class=\"ap-StoryInterstitialLink ap-StoryElement ap-StoryElement--mb\" rel=\"nofollow noopener\">Serena Williams et Carlos Alcaraz r\u00e9unis \u00e0 l&rsquo;US Open pour un double mixte exceptionnel<\/a><\/p>\n","protected":false},"excerpt":{"rendered":"Le premier paradoxe se nomme Novak Djokovic. L&rsquo;ancien roi du circuit demeure une r\u00e9f\u00e9rence. Vingt-quatre titres du Grand&hellip;\n","protected":false},"author":2,"featured_media":1154661,"comment_status":"","ping_status":"","sticky":false,"template":"","format":"standard","meta":{"footnotes":"","_share_on_mastodon":"0"},"categories":[1415],"tags":[1011,27,1227,60,1467],"class_list":["post-1154660","post","type-post","status-publish","format-standard","has-post-thumbnail","category-tennis","tag-fr","tag-france","tag-horizontal","tag-sports","tag-tennis"],"share_on_mastodon":{"url":"https:\/\/pubeurope.com\/@fr\/117175133867868525","error":""},"_links":{"self":[{"href":"https:\/\/www.europesays.com\/fr\/wp-json\/wp\/v2\/posts\/1154660","targetHints":{"allow":["GET"]}}],"collection":[{"href":"https:\/\/www.europesays.com\/fr\/wp-json\/wp\/v2\/posts"}],"about":[{"href":"https:\/\/www.europesays.com\/fr\/wp-json\/wp\/v2\/types\/post"}],"author":[{"embeddable":true,"href":"https:\/\/www.europesays.com\/fr\/wp-json\/wp\/v2\/users\/2"}],"replies":[{"embeddable":true,"href":"https:\/\/www.europesays.com\/fr\/wp-json\/wp\/v2\/comments?post=1154660"}],"version-history":[{"count":0,"href":"https:\/\/www.europesays.com\/fr\/wp-json\/wp\/v2\/posts\/1154660\/revisions"}],"wp:featuredmedia":[{"embeddable":true,"href":"https:\/\/www.europesays.com\/fr\/wp-json\/wp\/v2\/media\/1154661"}],"wp:attachment":[{"href":"https:\/\/www.europesays.com\/fr\/wp-json\/wp\/v2\/media?parent=1154660"}],"wp:term":[{"taxonomy":"category","embeddable":true,"href":"https:\/\/www.europesays.com\/fr\/wp-json\/wp\/v2\/categories?post=1154660"},{"taxonomy":"post_tag","embeddable":true,"href":"https:\/\/www.europesays.com\/fr\/wp-json\/wp\/v2\/tags?post=1154660"}],"curies":[{"name":"wp","href":"https:\/\/api.w.org\/{rel}","templated":true}]}}