{"id":115468,"date":"2025-05-20T23:12:09","date_gmt":"2025-05-20T23:12:09","guid":{"rendered":"https:\/\/www.europesays.com\/fr\/115468\/"},"modified":"2025-05-20T23:12:09","modified_gmt":"2025-05-20T23:12:09","slug":"previsions-du-mercredi-21-mai-2025-3","status":"publish","type":"post","link":"https:\/\/www.europesays.com\/fr\/115468\/","title":{"rendered":"pr\u00e9visions du mercredi 21 mai 2025"},"content":{"rendered":"<p>Les nuages seront visibles aujourd&rsquo;hui \u00e0 Bordeaux. Des pluies \u00e9parses sont pr\u00e9vues. Les valeurs s&rsquo;\u00e9chelonneront entre 13\u00b0C et 21\u00b0C. Un vent d&rsquo;ouest soufflera l\u00e9g\u00e8rement, avec 12 km\/h. L&rsquo;apr\u00e8s-midi, toujours des nuages dans le ciel qui emp\u00eachent le soleil de faire son apparition. Les temp\u00e9ratures seront de 18\u00b0C au minimum et de 21\u00b0C au maximum. Des \u00e9claircies sont attendues : on passera une soir\u00e9e agr\u00e9able. Un ciel pluvieux est \u00e0 pr\u00e9voir dans la nuit reliant mercredi et jeudi.<\/p>\n<p>Encore de la grisaille demain. Les nuages vont stationner sur Bordeaux. Il va pleuvoir. Une chute des temp\u00e9ratures est attendue. Les valeurs seront comprises entre 11 et 17\u00b0C. Un l\u00e9ger vent de nord-ouest sera ressenti par les habitants. La m\u00e9t\u00e9o va peu \u00e0 peu se voiler durant la matin\u00e9e du fait de la venue de nuages. Demain apr\u00e8s-midi, des nuages ne voudront pas faire place au soleil. En revanche, les temp\u00e9ratures vont enregistrer une augmentation de quelques degr\u00e9s. Les valeurs afficheront entre 13 et 17\u00b0C. La soir\u00e9e va rester voil\u00e9e \u00e0 cause de nuages qui perdurent dans le ciel. Intemp\u00e9ries : on pr\u00e9voit des pluies \u00e9parses.<\/p>\n<p>La m\u00e9t\u00e9o des journ\u00e9es suivantes va s&rsquo;am\u00e9liorer. Un ciel ensoleill\u00e9, pour des temp\u00e9ratures de 15\u00b0C environ, est pr\u00e9vu.<\/p>\n<p><\/p>\n","protected":false},"excerpt":{"rendered":"Les nuages seront visibles aujourd&rsquo;hui \u00e0 Bordeaux. Des pluies \u00e9parses sont pr\u00e9vues. Les valeurs s&rsquo;\u00e9chelonneront entre 13\u00b0C et&hellip;\n","protected":false},"author":2,"featured_media":115469,"comment_status":"","ping_status":"","sticky":false,"template":"","format":"standard","meta":{"footnotes":""},"categories":[2817],"tags":[1111,11,3177,1997,1777,674,1011,27,2905,12,2219,2119,25],"class_list":{"0":"post-115468","1":"post","2":"type-post","3":"status-publish","4":"format-standard","5":"has-post-thumbnail","7":"category-bordeaux","8":"tag-actu","9":"tag-actualites","10":"tag-aquitaine","11":"tag-bordeaux","12":"tag-eu","13":"tag-europe","14":"tag-fr","15":"tag-france","16":"tag-gironde","17":"tag-news","18":"tag-nouvelle-aquitaine","19":"tag-previsions-meteo","20":"tag-republique-francaise"},"share_on_mastodon":{"url":"https:\/\/pubeurope.com\/@fr\/114542696383969511","error":""},"_links":{"self":[{"href":"https:\/\/www.europesays.com\/fr\/wp-json\/wp\/v2\/posts\/115468","targetHints":{"allow":["GET"]}}],"collection":[{"href":"https:\/\/www.europesays.com\/fr\/wp-json\/wp\/v2\/posts"}],"about":[{"href":"https:\/\/www.europesays.com\/fr\/wp-json\/wp\/v2\/types\/post"}],"author":[{"embeddable":true,"href":"https:\/\/www.europesays.com\/fr\/wp-json\/wp\/v2\/users\/2"}],"replies":[{"embeddable":true,"href":"https:\/\/www.europesays.com\/fr\/wp-json\/wp\/v2\/comments?post=115468"}],"version-history":[{"count":0,"href":"https:\/\/www.europesays.com\/fr\/wp-json\/wp\/v2\/posts\/115468\/revisions"}],"wp:featuredmedia":[{"embeddable":true,"href":"https:\/\/www.europesays.com\/fr\/wp-json\/wp\/v2\/media\/115469"}],"wp:attachment":[{"href":"https:\/\/www.europesays.com\/fr\/wp-json\/wp\/v2\/media?parent=115468"}],"wp:term":[{"taxonomy":"category","embeddable":true,"href":"https:\/\/www.europesays.com\/fr\/wp-json\/wp\/v2\/categories?post=115468"},{"taxonomy":"post_tag","embeddable":true,"href":"https:\/\/www.europesays.com\/fr\/wp-json\/wp\/v2\/tags?post=115468"}],"curies":[{"name":"wp","href":"https:\/\/api.w.org\/{rel}","templated":true}]}}