{"id":1154701,"date":"2026-08-28T21:23:25","date_gmt":"2026-08-28T21:23:25","guid":{"rendered":"https:\/\/www.europesays.com\/fr\/1154701\/"},"modified":"2026-08-28T21:23:25","modified_gmt":"2026-08-28T21:23:25","slug":"basket-les-prom","status":"publish","type":"post","link":"https:\/\/www.europesays.com\/fr\/1154701\/","title":{"rendered":"Basket : les prom"},"content":{"rendered":"<p>Dans la Halle Parsemain, ce fut une op\u00e9ration \u00ab\u00a0portes ouvertes\u00a0\u00bb ce vendredi pour <a href=\"https:\/\/www.laprovence.com\/article\/sports\/2196739991577414\/fos-provence-basket-un-tournoi-releve-qui-tombe-a-point-nomme\" target=\"_self\" rel=\"nofollow noopener\">le d\u00e9but du BYers Tournament.<\/a> Au niveau de la billetterie d\u00e9j\u00e0 avec la gratuit\u00e9 pour les amateurs du ballon orange, mais \u00e9galement au sens propre et avec toutes les ouvertures possibles de l&rsquo;enceinte foss\u00e9enne grandes ouvertes histoire de laisser passer l&rsquo;air dans la Fournaise.<\/p>\n<p>Des coups de chauds, c&rsquo;est aussi ce qu&rsquo;ont d\u00fb ressentir les joueurs du Pays Salonais Basket 13 qui ont r\u00e9ussi un retour de haut niveau face \u00e0 Hy\u00e8res-Toulon. Men\u00e9s de 18 points \u00e0 la pause (26-44), les joueurs de S\u00e9bastien Ch\u00e9rasse se sont finalement impos\u00e9s (67-64) ne laissant que 20 points au pensionnaire d&rsquo;Elite 2 lors des deux derniers quarts. Pas mal pour une \u00e9quipe qui se lance cette saison dans un nouveau cycle avec un effectif consid\u00e9rablement renouvel\u00e9 apr\u00e8s <a href=\"https:\/\/www.laprovence.com\/article\/sports\/2234863171408115\/basket-nm1-le-pays-salonais-soffre-un-final-en-apotheose-pour-la-der-a-domicile\" target=\"_self\" rel=\"nofollow noopener\">la brillante fin de saison derni\u00e8re<\/a>.<\/p>\n<p>Laurent : \u00ab\u00a0Je suis dans mes derni\u00e8res ann\u00e9es, je kiffe\u00a0\u00bb<\/p>\n<p>\u00ab\u00a0On savait que cela allait \u00eatre un gros morceau m\u00eame s&rsquo;ils ont repris 15 jours apr\u00e8s nous et qu&rsquo;ils pouvaient manquer de rythme. Ce que l&rsquo;on retient, c&rsquo;est d&rsquo;avoir su renverser une situation apr\u00e8s avoir \u00e9t\u00e9 totalement domin\u00e9s\u00a0\u00bb, appr\u00e9cie le capitaine salonais Thomas Laurent, l&rsquo;un des rares avec Yoann Imboua \u00e0 avoir rempil\u00e9 pour une nouvelle saison. \u00ab\u00a0Huit nouveaux joueurs, il y a tout \u00e0 refaire mais c&rsquo;est un excellent challenge. Je suis personnellement dans mes derni\u00e8res ann\u00e9es, je kiffe. C&rsquo;est un bonheur de replonger avec un groupe, jeune, qui a envie de bosser, qui a de belles valeurs. Les jeunes sont humbles, cela va nous permettre de bien travailler toute l&rsquo;ann\u00e9e. Le coach et les dirigeants ont fait une belle \u00e9quipe avec des jeunes qui ont beaucoup \u00e0 prouver\u00a0\u00bb. Pour la petite histoire, Bourgeois, Hyacinthe et Nkowa ont fini meilleurs marqueurs face au HTV avec 13 points chacun.<\/p>\n<p>Fos Provence s&rsquo;est essouffl\u00e9 dans le dernier quart<\/p>\n<p>Une \u00e9quipe salonaise qui va devoir \u00e9videmment encore travailler pour \u00eatre fin pr\u00eate pour la reprise du championnat, un groupe qui va \u00eatre \u00e9toff\u00e9 avec un Am\u00e9ricain (absent ce vendredi) et Brahim Dohou qui a go\u00fbt\u00e9 \u00e0 la NM1 \u00e0 Poissy. Ils ne seront pas de trop.\u00a0<\/p>\n<p>Et Fos dans tout cela ? Les BYers disputaient la seconde rencontre de la journ\u00e9e en d\u00e9fiant Antibes (\u00c9lite 2). Apr\u00e8s une entame compliqu\u00e9e (1-9), les hommes d&rsquo;Abgu\u00e9 Barakaou ont combl\u00e9 leur retard apr\u00e8s le premier quart (23-24) face aux Azur\u00e9ens.<\/p>\n<p>Un test grandeur nature pour une \u00e9quipe foss\u00e9enne qui cherche \u00e0 monter en puissance malgr\u00e9 des absences majeures dans le secteur int\u00e9rieur (Debaut, Etou, Mendy). Pas de quoi impressionner les BYers \u00e0 l&rsquo;image de Mathis Keita (20 points ce vendredi) oubli\u00e9 \u00e0 trois points (42-30, 18e) qui prennent leurs aises. Ce fut l&rsquo;avance la plus importante des Foss\u00e9ens.<\/p>\n<p>Ces derniers vont finalement faire la course en t\u00eate jusqu&rsquo;au d\u00e9but du 4e quart (69-70, 33e). Antibes fit alors parler son exp\u00e9rience pour mettre la main sur les dix derni\u00e8res minutes (75-82, 38e) malgr\u00e9 un shoot prim\u00e9 de Keita (80-82, 39e). Fos s&rsquo;est finalement inclin\u00e9 80-85 mais a bien travaill\u00e9. C&rsquo;est bien cela la vocation premi\u00e8re de ce \u00ab\u00a0Ariane BYers Tournament\u00a0\u00bb qui se poursuivra ce samedi avec deux rencontres Pays Salonais &#8211; Antibes (17h) et Fos Provence &#8211; HTV (20h).<\/p>\n","protected":false},"excerpt":{"rendered":"Dans la Halle Parsemain, ce fut une op\u00e9ration \u00ab\u00a0portes ouvertes\u00a0\u00bb ce vendredi pour le d\u00e9but du BYers Tournament.&hellip;\n","protected":false},"author":2,"featured_media":1154702,"comment_status":"","ping_status":"","sticky":false,"template":"","format":"standard","meta":{"footnotes":"","_share_on_mastodon":"0"},"categories":[9619],"tags":[5734,1111,11,1465,1777,674,25762,1011,27,118081,12,5457,882,25,9906,118080,60,2310,9621],"class_list":["post-1154701","post","type-post","status-publish","format-standard","has-post-thumbnail","category-toulon","tag-5734","tag-actu","tag-actualites","tag-basket","tag-eu","tag-europe","tag-fos","tag-fr","tag-france","tag-hyeres-toulon","tag-news","tag-pays","tag-provence-alpes-cote-dazur","tag-republique-francaise","tag-soffre","tag-salonais","tag-sports","tag-toulon","tag-tournoi"],"share_on_mastodon":{"url":"https:\/\/pubeurope.com\/@fr\/117175242392869484","error":""},"_links":{"self":[{"href":"https:\/\/www.europesays.com\/fr\/wp-json\/wp\/v2\/posts\/1154701","targetHints":{"allow":["GET"]}}],"collection":[{"href":"https:\/\/www.europesays.com\/fr\/wp-json\/wp\/v2\/posts"}],"about":[{"href":"https:\/\/www.europesays.com\/fr\/wp-json\/wp\/v2\/types\/post"}],"author":[{"embeddable":true,"href":"https:\/\/www.europesays.com\/fr\/wp-json\/wp\/v2\/users\/2"}],"replies":[{"embeddable":true,"href":"https:\/\/www.europesays.com\/fr\/wp-json\/wp\/v2\/comments?post=1154701"}],"version-history":[{"count":0,"href":"https:\/\/www.europesays.com\/fr\/wp-json\/wp\/v2\/posts\/1154701\/revisions"}],"wp:featuredmedia":[{"embeddable":true,"href":"https:\/\/www.europesays.com\/fr\/wp-json\/wp\/v2\/media\/1154702"}],"wp:attachment":[{"href":"https:\/\/www.europesays.com\/fr\/wp-json\/wp\/v2\/media?parent=1154701"}],"wp:term":[{"taxonomy":"category","embeddable":true,"href":"https:\/\/www.europesays.com\/fr\/wp-json\/wp\/v2\/categories?post=1154701"},{"taxonomy":"post_tag","embeddable":true,"href":"https:\/\/www.europesays.com\/fr\/wp-json\/wp\/v2\/tags?post=1154701"}],"curies":[{"name":"wp","href":"https:\/\/api.w.org\/{rel}","templated":true}]}}