{"id":1154723,"date":"2026-08-28T21:39:26","date_gmt":"2026-08-28T21:39:26","guid":{"rendered":"https:\/\/www.europesays.com\/fr\/1154723\/"},"modified":"2026-08-28T21:39:26","modified_gmt":"2026-08-28T21:39:26","slug":"nice-la-recrue-vedette-dineos-menagee-a-paris","status":"publish","type":"post","link":"https:\/\/www.europesays.com\/fr\/1154723\/","title":{"rendered":"Nice : La recrue vedette d&rsquo;INEOS m\u00e9nag\u00e9e \u00e0 Paris"},"content":{"rendered":"<p><b>Pr\u00e9sent en conf\u00e9rence de presse en marge du d\u00e9placement face au Paris FC ce dimanche, Olivier Pantaloni a livr\u00e9 quelques indices sur l&rsquo;\u00e9tat de forme d&rsquo;Axel Witsel et Elye Wahi. L&rsquo;entraineur de Nice confirme leur disponibilit\u00e9, mais temp\u00e8re sur leur temps de jeu attendu.<\/b><\/p>\n<p>Ce mercato estival 2026 est une nouvelle preuve, s&rsquo;il en fallait, qu&rsquo;INEOS n&rsquo;a plus vraiment d&rsquo;ambition avec l&rsquo;<a href=\"https:\/\/www.foot01.com\/nice\" target=\"_self\" rel=\"nofollow noopener\">OGC Nice<\/a>. Avec moins de 2 millions d&rsquo;euros d\u00e9pens\u00e9s en indemnit\u00e9s de transfert cet \u00e9t\u00e9, contre pr\u00e8s de 34 millions d&rsquo;euros de vente, la balance penche clairement plus d&rsquo;un c\u00f4t\u00e9 que de l&rsquo;autre. Malgr\u00e9 tout, plusieurs recrues sont arriv\u00e9es, soit sous la forme d&rsquo;un pr\u00eat, comme Elye Wahi, soit en tant qu&rsquo;agent libre, comme Axel Witsel pour ne citer que lui.<\/p>\n<p>Deux joueurs fraichement recrut\u00e9s qui seront de la partie pour affronter le Paris FC ce dimanche, mais avec un temps de jeu am\u00e9nag\u00e9, comme l&rsquo;a indiqu\u00e9 Olivier Pantaloni lors de sa derni\u00e8re conf\u00e9rence de presse.<\/p>\n<p>Pantaloni confirme la pr\u00e9sence de Witsel et Wahi<\/p>\n<p>\u00ab Ils sont disponibles mais on va devoir adapter les temps de jeu. Axel (Witsel) est plus proche de d\u00e9marrer qu\u2019Elye (Wahi). L\u2019explosivit\u00e9 est naturelle chez Elye. Donc progressivement, en s\u2019entra\u00eenant avec nous, il va la retrouver. Apr\u00e8s, ce n\u2019est pas quelqu\u2019un \u00e0 qui on va faire travailler le foncier. Il n\u2019a pas besoin de \u00e7a. Mais malgr\u00e9 tout, il faut qu\u2019il ait un peu plus de volume par rapport au manque d\u2019entra\u00eenement qu\u2019il a depuis pas mal de temps. On sent depuis son arriv\u00e9e, m\u00eame si on reste sur des petits jeux, l\u2019importance qu\u2019il a et ce qu\u2019il peut amener \u00e0 l\u2019\u00e9quipe \u00bb, a expliqu\u00e9 l&rsquo;entraineur de l&rsquo;OGC Nice.<\/p>\n<p>Olivier Pantaloni aura sans aucun doute besoin de ses deux nouveaux joueurs pour esp\u00e9rer faire mieux que le triste 0-0 face \u00e0 Lorient lors de la premi\u00e8re journ\u00e9e de <a href=\"https:\/\/www.foot01.com\/ligue1\" title=\"Ligue 1\" rel=\"nofollow noopener\" target=\"_blank\">Ligue 1<\/a>.<\/p>\n","protected":false},"excerpt":{"rendered":"Pr\u00e9sent en conf\u00e9rence de presse en marge du d\u00e9placement face au Paris FC ce dimanche, Olivier Pantaloni a&hellip;\n","protected":false},"author":2,"featured_media":1154724,"comment_status":"","ping_status":"","sticky":false,"template":"","format":"standard","meta":{"footnotes":"","_share_on_mastodon":"0"},"categories":[2819],"tags":[1111,11,1777,674,1011,27,66,12,2401,2268,882,25],"class_list":["post-1154723","post","type-post","status-publish","format-standard","has-post-thumbnail","category-nice","tag-actu","tag-actualites","tag-eu","tag-europe","tag-fr","tag-france","tag-ligue-1","tag-news","tag-nice","tag-ogc-nice","tag-provence-alpes-cote-dazur","tag-republique-francaise"],"share_on_mastodon":{"url":"https:\/\/pubeurope.com\/@fr\/117175305528131210","error":""},"_links":{"self":[{"href":"https:\/\/www.europesays.com\/fr\/wp-json\/wp\/v2\/posts\/1154723","targetHints":{"allow":["GET"]}}],"collection":[{"href":"https:\/\/www.europesays.com\/fr\/wp-json\/wp\/v2\/posts"}],"about":[{"href":"https:\/\/www.europesays.com\/fr\/wp-json\/wp\/v2\/types\/post"}],"author":[{"embeddable":true,"href":"https:\/\/www.europesays.com\/fr\/wp-json\/wp\/v2\/users\/2"}],"replies":[{"embeddable":true,"href":"https:\/\/www.europesays.com\/fr\/wp-json\/wp\/v2\/comments?post=1154723"}],"version-history":[{"count":0,"href":"https:\/\/www.europesays.com\/fr\/wp-json\/wp\/v2\/posts\/1154723\/revisions"}],"wp:featuredmedia":[{"embeddable":true,"href":"https:\/\/www.europesays.com\/fr\/wp-json\/wp\/v2\/media\/1154724"}],"wp:attachment":[{"href":"https:\/\/www.europesays.com\/fr\/wp-json\/wp\/v2\/media?parent=1154723"}],"wp:term":[{"taxonomy":"category","embeddable":true,"href":"https:\/\/www.europesays.com\/fr\/wp-json\/wp\/v2\/categories?post=1154723"},{"taxonomy":"post_tag","embeddable":true,"href":"https:\/\/www.europesays.com\/fr\/wp-json\/wp\/v2\/tags?post=1154723"}],"curies":[{"name":"wp","href":"https:\/\/api.w.org\/{rel}","templated":true}]}}