{"id":115478,"date":"2025-05-20T23:17:09","date_gmt":"2025-05-20T23:17:09","guid":{"rendered":"https:\/\/www.europesays.com\/fr\/115478\/"},"modified":"2025-05-20T23:17:09","modified_gmt":"2025-05-20T23:17:09","slug":"previsions-du-mercredi-21-mai-2025-5","status":"publish","type":"post","link":"https:\/\/www.europesays.com\/fr\/115478\/","title":{"rendered":"pr\u00e9visions du mercredi 21 mai 2025"},"content":{"rendered":"<p>\u00c0 Lille, le ciel va peu \u00e0 peu s&rsquo;obscurcir durant la journ\u00e9e avec l&rsquo;apparition de nuages. Les temp\u00e9ratures s&rsquo;\u00e9chelonneront entre 8 et 17\u00b0C. Un l\u00e9ger vent de nord-ouest sera ressenti par les habitants. Il fera 14\u00b0C en moyenne le matin. Encore de la grisaille l&rsquo;apr\u00e8s-midi. Les nuages vont stationner. Les maximales atteindront les 17\u00b0C tandis que les minimales seront de 15\u00b0C. Un ciel d\u00e9pourvu de nuages est pr\u00e9vu dans la nuit entre mercredi et jeudi.<\/p>\n<p>Demain, un important soleil brillera sur Lille. Une chute des temp\u00e9ratures est \u00e0 pr\u00e9voir. On pr\u00e9voit des valeurs avoisinant 11\u00b0C. Un vent de nord-ouest rafra\u00eechira un peu l&rsquo;atmosph\u00e8re. Les temp\u00e9ratures seront comprises entre 13 et 15\u00b0C demain apr\u00e8s-midi.<\/p>\n<p>Le temps va se d\u00e9grader dans les journ\u00e9es qui suivent. Le temps sera pluvieux avec des temp\u00e9ratures d&rsquo;environ 12\u00b0C.<\/p>\n<p><\/p>\n","protected":false},"excerpt":{"rendered":"\u00c0 Lille, le ciel va peu \u00e0 peu s&rsquo;obscurcir durant la journ\u00e9e avec l&rsquo;apparition de nuages. Les temp\u00e9ratures&hellip;\n","protected":false},"author":2,"featured_media":115479,"comment_status":"","ping_status":"","sticky":false,"template":"","format":"standard","meta":{"footnotes":""},"categories":[2815],"tags":[1111,11,1777,674,1011,27,811,1307,12,1308,1309,2119,25],"class_list":{"0":"post-115478","1":"post","2":"type-post","3":"status-publish","4":"format-standard","5":"has-post-thumbnail","7":"category-lille","8":"tag-actu","9":"tag-actualites","10":"tag-eu","11":"tag-europe","12":"tag-fr","13":"tag-france","14":"tag-hauts-de-france","15":"tag-lille","16":"tag-news","17":"tag-nord","18":"tag-nord-pas-de-calais","19":"tag-previsions-meteo","20":"tag-republique-francaise"},"share_on_mastodon":{"url":"https:\/\/pubeurope.com\/@fr\/114542716092920746","error":""},"_links":{"self":[{"href":"https:\/\/www.europesays.com\/fr\/wp-json\/wp\/v2\/posts\/115478","targetHints":{"allow":["GET"]}}],"collection":[{"href":"https:\/\/www.europesays.com\/fr\/wp-json\/wp\/v2\/posts"}],"about":[{"href":"https:\/\/www.europesays.com\/fr\/wp-json\/wp\/v2\/types\/post"}],"author":[{"embeddable":true,"href":"https:\/\/www.europesays.com\/fr\/wp-json\/wp\/v2\/users\/2"}],"replies":[{"embeddable":true,"href":"https:\/\/www.europesays.com\/fr\/wp-json\/wp\/v2\/comments?post=115478"}],"version-history":[{"count":0,"href":"https:\/\/www.europesays.com\/fr\/wp-json\/wp\/v2\/posts\/115478\/revisions"}],"wp:featuredmedia":[{"embeddable":true,"href":"https:\/\/www.europesays.com\/fr\/wp-json\/wp\/v2\/media\/115479"}],"wp:attachment":[{"href":"https:\/\/www.europesays.com\/fr\/wp-json\/wp\/v2\/media?parent=115478"}],"wp:term":[{"taxonomy":"category","embeddable":true,"href":"https:\/\/www.europesays.com\/fr\/wp-json\/wp\/v2\/categories?post=115478"},{"taxonomy":"post_tag","embeddable":true,"href":"https:\/\/www.europesays.com\/fr\/wp-json\/wp\/v2\/tags?post=115478"}],"curies":[{"name":"wp","href":"https:\/\/api.w.org\/{rel}","templated":true}]}}