{"id":115480,"date":"2025-05-20T23:18:09","date_gmt":"2025-05-20T23:18:09","guid":{"rendered":"https:\/\/www.europesays.com\/fr\/115480\/"},"modified":"2025-05-20T23:18:09","modified_gmt":"2025-05-20T23:18:09","slug":"la-cabane-des-amis-lance-sa-saison-estivale-a-marseille","status":"publish","type":"post","link":"https:\/\/www.europesays.com\/fr\/115480\/","title":{"rendered":"La Cabane des Amis lance sa saison estivale \u00e0 Marseille"},"content":{"rendered":"<p>L\u2019\u00e9t\u00e9 approche c\u2019est officiel\u00a0: <a href=\"https:\/\/laprovence.com\/actu\/sorties-loisirs-en-direct\/6427230\/marseille-apero-chill-et-mega-fiesta-a-la-cabane-des-amis.html\" target=\"_blank\" rel=\"noopener\">La Cabane des Amis <\/a>lance sa saison ce samedi 24\u00a0mai, pour sa huiti\u00e8me ann\u00e9e. La plage du Prado va donc redevenir le rendez-vous branch\u00e9 des adeptes de chill, de musique, de f\u00eate et de coucher de soleil face \u00e0 la mer. Pour cette nouvelle \u00e9dition, quelques nouveaut\u00e9s sont \u00e0 noter. C\u00f4t\u00e9 d\u00e9co tout d\u2019abord\u00a0: des tipis de 6\u00a0m\u00e8tres de haut avec des tapis au sol, mais aussi 100\u00a0boules disco et une arche arc-en-ciel. Cet \u00e9t\u00e9, La Cabane innove aussi avec un bar \u00e0 da\u00efquiri.<\/p>\n","protected":false},"excerpt":{"rendered":"L\u2019\u00e9t\u00e9 approche c\u2019est officiel\u00a0: La Cabane des Amis lance sa saison ce samedi 24\u00a0mai, pour sa huiti\u00e8me ann\u00e9e.&hellip;\n","protected":false},"author":2,"featured_media":115481,"comment_status":"","ping_status":"","sticky":false,"template":"","format":"standard","meta":{"footnotes":""},"categories":[2814],"tags":[17,1111,11,16266,12776,154,23567,1777,674,1011,27,9447,2831,884,12,882,25,3242],"class_list":{"0":"post-115480","1":"post","2":"type-post","3":"status-publish","4":"format-standard","5":"has-post-thumbnail","7":"category-marseille","8":"tag-17","9":"tag-actu","10":"tag-actualites","11":"tag-amis","12":"tag-cabane","13":"tag-des","14":"tag-estivale","15":"tag-eu","16":"tag-europe","17":"tag-fr","18":"tag-france","19":"tag-lance","20":"tag-loisirs-traditions","21":"tag-marseille","22":"tag-news","23":"tag-provence-alpes-cote-dazur","24":"tag-republique-francaise","25":"tag-saison"},"share_on_mastodon":{"url":"https:\/\/pubeurope.com\/@fr\/114542720002311796","error":""},"_links":{"self":[{"href":"https:\/\/www.europesays.com\/fr\/wp-json\/wp\/v2\/posts\/115480","targetHints":{"allow":["GET"]}}],"collection":[{"href":"https:\/\/www.europesays.com\/fr\/wp-json\/wp\/v2\/posts"}],"about":[{"href":"https:\/\/www.europesays.com\/fr\/wp-json\/wp\/v2\/types\/post"}],"author":[{"embeddable":true,"href":"https:\/\/www.europesays.com\/fr\/wp-json\/wp\/v2\/users\/2"}],"replies":[{"embeddable":true,"href":"https:\/\/www.europesays.com\/fr\/wp-json\/wp\/v2\/comments?post=115480"}],"version-history":[{"count":0,"href":"https:\/\/www.europesays.com\/fr\/wp-json\/wp\/v2\/posts\/115480\/revisions"}],"wp:featuredmedia":[{"embeddable":true,"href":"https:\/\/www.europesays.com\/fr\/wp-json\/wp\/v2\/media\/115481"}],"wp:attachment":[{"href":"https:\/\/www.europesays.com\/fr\/wp-json\/wp\/v2\/media?parent=115480"}],"wp:term":[{"taxonomy":"category","embeddable":true,"href":"https:\/\/www.europesays.com\/fr\/wp-json\/wp\/v2\/categories?post=115480"},{"taxonomy":"post_tag","embeddable":true,"href":"https:\/\/www.europesays.com\/fr\/wp-json\/wp\/v2\/tags?post=115480"}],"curies":[{"name":"wp","href":"https:\/\/api.w.org\/{rel}","templated":true}]}}