{"id":1154815,"date":"2026-08-29T05:23:46","date_gmt":"2026-08-29T05:23:46","guid":{"rendered":"https:\/\/www.europesays.com\/fr\/1154815\/"},"modified":"2026-08-29T05:23:46","modified_gmt":"2026-08-29T05:23:46","slug":"les-entraineurs-du-fc-nantes-se-suivent-et-ne-se-ressemblent-pas-ligue-2-j4-guingamp-nantes","status":"publish","type":"post","link":"https:\/\/www.europesays.com\/fr\/1154815\/","title":{"rendered":"Les entra\u00eeneurs du FC Nantes se suivent et ne se ressemblent pas &#8211; Ligue 2 &#8211; J4 &#8211; Guingamp-Nantes"},"content":{"rendered":"<p>On est loin de l\u2019extr\u00eame de la tornade qui a balay\u00e9 l\u2019Aude cette semaine, mais c\u2019est quand m\u00eame une belle temp\u00eate qui secoue la ville des Ducs de Bretagne. Si les conditions m\u00e9t\u00e9orologiques ont \u00e9t\u00e9 capricieuses sur la Joneli\u00e8re ce mercredi soir, <a target=\"_blank\" href=\"https:\/\/www.sofoot.com\/articles\/en-ligue-2-le-fc-nantes-des-kita-nest-vraiment-pas-joli\" rel=\"nofollow noopener\">l\u2019agitation principale<\/a> se situait peut-\u00eatre \u00e0 l\u2019int\u00e9rieur des bureaux des Canaris. Rel\u00e9gu\u00e9 en Ligue 2 apr\u00e8s une saison calamiteuse, le FC Nantes avait confi\u00e9 le volant \u00e0 un vieux routier : Michel Der Zakarian. Mais trois matchs, trois d\u00e9faites, et donc une place de lanterne rouge, auront <a target=\"_blank\" href=\"https:\/\/www.sofoot.com\/breves\/ligue-2-michel-der-zakarian-vire-par-le-fc-nantes-gregory-poirier-pressenti-pour-le-remplacer\" rel=\"nofollow noopener\">mis fin \u00e0 l\u2019acte III de leur collaboration<\/a>.<\/p>\n<p>Le pompier <a target=\"_blank\" href=\"https:\/\/www.sofoot.com\/breves\/ligue-2-le-fc-nantes-a-officialise-larrivee-de-gregory-poirier-sur-son-banc\" rel=\"nofollow noopener\">est cette fois-ci une nouvelle t\u00eate<\/a>, en la personne de Gr\u00e9gory Poirier, donn\u00e9e importante quand on conna\u00eet la propension de la famille Kita \u00e0 ressortir les vieilles soupi\u00e8res (Michel Der Zakarian donc, mais aussi Antoine Kombouar\u00e9 ou Vahid Halilhod\u017ei\u0107). Au-del\u00e0 des 22 fois o\u00f9 l\u2019homme d\u2019affaires franco-polonais a appuy\u00e9 sur le bouton du si\u00e8ge \u00e9jectable en 19 ans, ce roulement permanent s\u2019accompagne souvent d\u2019un changement drastique de philosophie de jeu. Au fil des profils, le FC Nantes jongle entre des techniciens au projet offensif et d\u2019autres qui ne jurent que par le duel physique et la densit\u00e9 du bloc d\u00e9fensif.<\/p>\n<p><a target=\"_blank\" href=\"https:\/\/www.instagram.com\/reel\/Dci-hfQCV-x\/?utm_source=ig_embed&amp;utm_campaign=loading\" data-type=\"embed\" data-code=\"aHR0cHM6Ly93d3cuaW5zdGFncmFtLmNvbS9yZWVsL0RjaS1oZlFDVi14Lz91dG1fc291cmNlPWlnX2VtYmVkJnV0bV9jYW1wYWlnbj1sb2FkaW5n\" rel=\"nofollow noopener\">Embed www.instagram.com<\/a><\/p>\n<p>Le chaud et le froid<\/p>\n<p>Ces derni\u00e8res ann\u00e9es sont particuli\u00e8rement r\u00e9v\u00e9latrices. En 2016-2017, S\u00e9rgio Concei\u00e7\u00e3o avait impuls\u00e9 l\u2019apr\u00e8s Der Zakarian en proposant un jeu ambitieux r\u00e9compens\u00e9 par le meilleur classement en Ligue 1 de l\u2019\u00e8re Kita (7e), bien suivi par le travail de Claudio Ranieri (9e). Le premier passage d\u2019Antoine Kombouar\u00e9, d\u2019abord \u00e0 la rescousse d\u2019un FC Nantes post-Raymond Domenech (aucune victoire en 9 matchs), avait \u00e9t\u00e9 <a target=\"_blank\" href=\"https:\/\/www.sofoot.com\/articles\/nantes-plume-nice-et-remporte-la-coupe-de-france-finale-0-1\" rel=\"nofollow noopener\">aur\u00e9ol\u00e9 d\u2019une Coupe de France<\/a> avec une g\u00e9n\u00e9ration aux ornements dor\u00e9s (Randal Kolo Muani, Quentin Merlin, Ludovic Blas, Alban Lafont, Andrei Girotto et Nicolas Pallois en t\u00eate) sans jeu flamboyant mais avec un titre si pr\u00e9cieux.<\/p>\n<p>La suite est une s\u00e9rie de pr\u00e9cipitations, entre licenciements impopulaires et retour d\u2019anciens. Pierre Aristouy incarnait un renouveau apr\u00e8s la fin d\u2019Antoine Kombouar\u00e9, mais il a pu compter seulement sur des joueurs exp\u00e9riment\u00e9s \u00e0 d\u00e9faut des jeunes de l\u2019acad\u00e9mie, <a target=\"_blank\" href=\"https:\/\/www.sofoot.com\/articles\/youth-league-fc-nantes-un-amour-de-jeunesse\" rel=\"nofollow noopener\">pourtant performants en Youth League<\/a>. Celui qui entra\u00eenait les U19 a pu maintenir le club \u00e0 la derni\u00e8re journ\u00e9e en plus de lancer un jeu plus proche de l\u2019identit\u00e9 nantaise, de ce qu\u2019il avait connu avec Jean-Claude Suaudeau en tant que joueur. <a target=\"_blank\" href=\"https:\/\/www.sofoot.com\/articles\/pierre-aristouy-au-fc-nantes-jai-manque-de-temps-et-de-confiance\" rel=\"nofollow noopener\">Il est licenci\u00e9 \u00e0 la surprise g\u00e9n\u00e9rale<\/a>, Antoine Kombouar\u00e9 revient apr\u00e8s Jocelyn Gourvennec, et les supporters du FC Nantes s\u2019embourbent un peu plus dans le d\u00e9j\u00e0-vu et l\u2019ennui profond.<\/p>\n<p><img decoding=\"async\" loading=\"lazy\" class=\"\" src=\"https:\/\/www.europesays.com\/fr\/wp-content\/uploads\/2026\/08\/iconsport_177781_0080-scaled.jpg\" alt=\"\" width=\"2560\" height=\"1707\"\/><\/p>\n<p>Le refrain commence \u00e0 \u00eatre bien connu, et l\u2019espoir d\u2019une nouvelle animation revient au galop avec Luis Castro \u00e0 l\u2019\u00e9t\u00e9 2025. \u00ab\u202fJ\u2019aime bien avoir une \u00e9quipe tr\u00e8s offensive, que \u00e7a soit avec ou sans le ballon, qui presse haut\u202f\u00bb, <a target=\"_blank\" href=\"https:\/\/www.youtube.com\/watch?v=LMaKx-N4t5k\" rel=\"nofollow noopener\">s\u2019explique alors l\u2019ancien coach de Dunkerque<\/a>. \u00ab\u202fAvec les prestations de Dunkerque ces deux derni\u00e8res ann\u00e9es, on s\u2019est dit que le FC Nantes et son identit\u00e9 de jeu l\u00e9gendaire, plus Luis : c\u2019\u00e9tait un mariage \u00e9vident\u202f\u00bb, vante Franck Kita, fils de et directeur g\u00e9n\u00e9ral d\u00e9l\u00e9gu\u00e9.<\/p>\n<p>Here we go again. Le Portugais est vir\u00e9 au bout de quelques mois, avec un mercato fait d\u2019aust\u00e9rit\u00e9 et de <a target=\"_blank\" href=\"https:\/\/www.sofoot.com\/breves\/le-defenseur-serbe-uros-radakovic-signe-au-fc-nantes\" rel=\"nofollow noopener\">profils peu convaincants<\/a> (dont l\u2019entra\u00eeneur est aussi responsable). \u00ab\u202fOn doit gagner beaucoup plus de duels. [\u2026] Il faut que les joueurs se rendent compte que cette Ligue 1, c\u2019est d\u2019abord un d\u00e9fi athl\u00e9tique\u202f\u00bb, r\u00e9sumait le successeur Ahmed Kantari apr\u00e8s son premier match sur le banc des Canaris. L\u2019ancien adjoint d\u2019Antoine Kombouar\u00e9 foire compl\u00e8tement son passage, <a target=\"_blank\" href=\"https:\/\/www.sofoot.com\/breves\/fc-nantes-vahid-halilhodzic-se-livre-avant-la-retraite-jai-demande-une-fois-a-un-joueur-sais-tu-combien-de-fois-nantes-a-ete-champion-il-ma-dit-je-ne-sais-pas\" rel=\"nofollow noopener\">le tout jeune Vahid Halilhod\u017ei\u0107 n\u2019emp\u00eache pas la Ligue 2<\/a> et Michel Der Zakarian, le revenant d\u00e9j\u00e0 revenu, est d\u00e9p\u00each\u00e9 pour la deuxi\u00e8me division. Deux coachs de 137 ans \u00e0 eux deux qui n\u2019entra\u00eenaient plus.<\/p>\n<p>Fini les grandes promesses ?<\/p>\n<p>\u00c0 Gr\u00e9gory Poirier de relever le d\u00e9fi. L\u2019ancien du Red Star a bien compris qu\u2019il ne b\u00e9n\u00e9ficiera pas de la na\u00efvet\u00e9 des fans des Jaune et Vert, d\u00e9go\u00fbt\u00e9s par la boulimie du changement et de promesses de jeu souvent escamot\u00e9es par la dictature du r\u00e9sultat. C\u2019est pourquoi il ne s\u2019est pas trop avanc\u00e9 sur son projet lors de sa pr\u00e9sentation \u00e0 la presse ce jeudi. \u00ab\u202fAu fur et \u00e0 mesure des semaines, l\u2019objectif, \u00e7a sera d\u2019amener cette culture de la gagne et de gagner aussi par un syst\u00e8me de jeu et un projet de jeu id\u00e9al\u202f\u00bb, esquivait l\u2019entra\u00eeneur de 44 ans. Jurisprudence Luis Castro. \u00ab\u202fSeuls les r\u00e9sultats rapides vous prot\u00e8gent un peu, confirme Christian Gourcuff, un an et demi sur le banc nantais (mai 2019 \u2013 d\u00e9cembre 2020). Il faut un minimum de temps pour travailler, tout ceci dans un environnement qui ne juge que sur le tr\u00e8s court terme et la plupart du temps sans comp\u00e9tence. Il faut aussi du temps pour adapter votre effectif \u00e0 vos convictions, si vous avez un droit de regard sur le recrutement.\u202f\u00bb<\/p>\n<p><img decoding=\"async\" loading=\"lazy\" class=\"\" src=\"https:\/\/www.europesays.com\/fr\/wp-content\/uploads\/2026\/08\/iconsport_372479_0245-scaled.jpg\" alt=\"\" width=\"2560\" height=\"1707\"\/><\/p>\n<p>Le mercato n\u2019\u00e9tant pas encore fini, Gr\u00e9gory Poirier, pour l\u2019instant tr\u00e8s silencieux et observateur pour sa premi\u00e8re s\u00e9ance d\u2019entra\u00eenement dans son nouveau stade, en profite pour attirer des profils qui conviennent \u00e0 son style de jeu et qu\u2019il a d\u00e9j\u00e0 connus au Red Star. Ryad Hachem a sign\u00e9, Balthazar Pierret est en approche, en plus de deux autres renforts potentiels. Avant qu\u2019un autre coach arrive avec une nouvelle patte et de nouvelles demandes pour le mercato ? Les supporters de l\u2019octuple champion de France savent mieux que quiconque que le retour du jeu \u00e0 la nantaise est un v\u0153u pieux, un mirage, tant le football a chang\u00e9 et l\u2019instabilit\u00e9 au poste d\u2019entra\u00eeneur le rend inimaginable. Ils se contenteront (un peu) de victoires d\u2019abord avec l\u2019espoir d\u2019un beau football en toile de fond.<\/p>\n<p>\t\t\t\t\t\t\t\t\t\t<a class=\"lien-connexe\" href=\"https:\/\/www.sofoot.com\/breves\/fc-nantes-les-kita-ouvriraient-la-porte-a-une-vente-le-nom-de-david-beckham-reviendrait-dans-les-discussions\" rel=\"nofollow noopener\" target=\"_blank\">Une superstar anglaise au secours du FC Nantes\u202f? <\/a>\t\t\t\t\t <\/p>\n<p>\t\t\t\t\t\t\tCommentaires<br \/>\n\t\t\t\t\t\t\t\tLes membres ont post\u00e9<br \/>\n\t\t\t\t\t\t\t\t0 commentaire<br \/>\n\t\t\t\t\t\t\t\tsur cet article.<br \/>\n\t\t\t\t\t\t\t\tParticipez \u00e0 la discussion<br \/>\n\t\t\t\t\t\t\t\t\t<a href=\"http:\/\/www.sofoot.com\/compte?back=https:\/\/www.sofoot.com\/articles\/au-dela-de-la-valse-les-entraineurs-du-fc-nantes-se-suivent-et-ne-se-ressemblent-pas-du-tout\" rel=\"nofollow noopener\" target=\"_blank\"><br \/>\n\t\t\t\t\t\t\t\t\t\t<b>en vous connectant<\/b><br \/>\n\t\t\t\t\t\t\t\t\t<\/a>.<\/p>\n<p>\t\t\t\t\t\t\t\tVoir les<br \/>\n\t\t\t\t\t\t\t\t\t\t\t\t\t\t\t\tcommentaires<\/p>\n<p>\t\t\t\t\t<script async src=\"\/\/www.instagram.com\/embed.js\"><\/script><\/p>\n","protected":false},"excerpt":{"rendered":"On est loin de l\u2019extr\u00eame de la tornade qui a balay\u00e9 l\u2019Aude cette semaine, mais c\u2019est quand m\u00eame&hellip;\n","protected":false},"author":2,"featured_media":1154816,"comment_status":"","ping_status":"","sticky":false,"template":"","format":"standard","meta":{"footnotes":"","_share_on_mastodon":"0"},"categories":[2818],"tags":[1111,47,11,61,69,65,64,1777,674,63,1011,27,68,66,766,12,62,2636,70,25,67],"class_list":["post-1154815","post","type-post","status-publish","format-standard","has-post-thumbnail","category-nantes","tag-actu","tag-actualite","tag-actualites","tag-actus-football","tag-bundesliga","tag-championnats-europeens","tag-equipe-de-france","tag-eu","tag-europe","tag-football","tag-fr","tag-france","tag-ligua","tag-ligue-1","tag-nantes","tag-news","tag-news-foot","tag-pays-de-la-loire","tag-premier-league","tag-republique-francaise","tag-serie-a"],"share_on_mastodon":{"url":"https:\/\/pubeurope.com\/@fr\/117177133304492972","error":""},"_links":{"self":[{"href":"https:\/\/www.europesays.com\/fr\/wp-json\/wp\/v2\/posts\/1154815","targetHints":{"allow":["GET"]}}],"collection":[{"href":"https:\/\/www.europesays.com\/fr\/wp-json\/wp\/v2\/posts"}],"about":[{"href":"https:\/\/www.europesays.com\/fr\/wp-json\/wp\/v2\/types\/post"}],"author":[{"embeddable":true,"href":"https:\/\/www.europesays.com\/fr\/wp-json\/wp\/v2\/users\/2"}],"replies":[{"embeddable":true,"href":"https:\/\/www.europesays.com\/fr\/wp-json\/wp\/v2\/comments?post=1154815"}],"version-history":[{"count":0,"href":"https:\/\/www.europesays.com\/fr\/wp-json\/wp\/v2\/posts\/1154815\/revisions"}],"wp:featuredmedia":[{"embeddable":true,"href":"https:\/\/www.europesays.com\/fr\/wp-json\/wp\/v2\/media\/1154816"}],"wp:attachment":[{"href":"https:\/\/www.europesays.com\/fr\/wp-json\/wp\/v2\/media?parent=1154815"}],"wp:term":[{"taxonomy":"category","embeddable":true,"href":"https:\/\/www.europesays.com\/fr\/wp-json\/wp\/v2\/categories?post=1154815"},{"taxonomy":"post_tag","embeddable":true,"href":"https:\/\/www.europesays.com\/fr\/wp-json\/wp\/v2\/tags?post=1154815"}],"curies":[{"name":"wp","href":"https:\/\/api.w.org\/{rel}","templated":true}]}}