{"id":115483,"date":"2025-05-20T23:20:08","date_gmt":"2025-05-20T23:20:08","guid":{"rendered":"https:\/\/www.europesays.com\/fr\/115483\/"},"modified":"2025-05-20T23:20:08","modified_gmt":"2025-05-20T23:20:08","slug":"previsions-du-mercredi-21-mai-2025-6","status":"publish","type":"post","link":"https:\/\/www.europesays.com\/fr\/115483\/","title":{"rendered":"pr\u00e9visions du mercredi 21 mai 2025"},"content":{"rendered":"<p>Il va faire environ 17\u00b0C \u00e0 Lyon, aujourd&rsquo;hui. Un superbe soleil va briller et ce, tout au long de la matin\u00e9e. Le mercure affichera 18\u00b0C en moyenne. Une petite brise de nord soufflera. Apr\u00e8s un bref passage nuageux, petits et grands pourront appr\u00e9cier leur apr\u00e8s-midi sous un ciel un peu nuageux. Les temp\u00e9ratures s&rsquo;\u00e9chelonneront entre 19 et 22\u00b0C. De la bruine est attendue dans la soir\u00e9e. Durant la nuit de mercredi \u00e0 jeudi, le ciel sera pluvieux.<\/p>\n<p>Lyon, o\u00f9 des nuages perdureront demain, continuera de guetter le soleil. Le temps sera ponctu\u00e9 par des pluies \u00e9parses. Le mercure va chuter de plusieurs degr\u00e9s. On anticipe des valeurs d&rsquo;environ 12\u00b0C. Un l\u00e9ger vent de nord-ouest sera ressenti par les habitants. Le matin, le soleil sera cach\u00e9 derri\u00e8re des nuages. Encore de la grisaille demain apr\u00e8s-midi. Les nuages vont s&rsquo;attarder. Les temp\u00e9ratures iront de 12 \u00e0 14\u00b0C. On notera la pr\u00e9sence persistante de nuages demain soir. Il faudra s&rsquo;attendre \u00e0 des perturbations, les Lyonnais se retrouveront sous des pluies \u00e9parses.<\/p>\n<p>Une am\u00e9lioration est \u00e0 pr\u00e9voir les jours qui suivent. Il fera 12\u00b0C en moyenne pour des journ\u00e9es avec une m\u00e9t\u00e9o ensoleill\u00e9e.<\/p>\n<p><\/p>\n","protected":false},"excerpt":{"rendered":"Il va faire environ 17\u00b0C \u00e0 Lyon, aujourd&rsquo;hui. Un superbe soleil va briller et ce, tout au long&hellip;\n","protected":false},"author":2,"featured_media":115484,"comment_status":"","ping_status":"","sticky":false,"template":"","format":"standard","meta":{"footnotes":""},"categories":[1889],"tags":[1111,11,2430,1777,674,1011,27,2428,12,2119,25,2429,2431],"class_list":{"0":"post-115483","1":"post","2":"type-post","3":"status-publish","4":"format-standard","5":"has-post-thumbnail","7":"category-lyon","8":"tag-actu","9":"tag-actualites","10":"tag-auvergne-rhone-alpes","11":"tag-eu","12":"tag-europe","13":"tag-fr","14":"tag-france","15":"tag-lyon","16":"tag-news","17":"tag-previsions-meteo","18":"tag-republique-francaise","19":"tag-rhone","20":"tag-rhone-alpes"},"share_on_mastodon":{"url":"https:\/\/pubeurope.com\/@fr\/114542727933116824","error":""},"_links":{"self":[{"href":"https:\/\/www.europesays.com\/fr\/wp-json\/wp\/v2\/posts\/115483","targetHints":{"allow":["GET"]}}],"collection":[{"href":"https:\/\/www.europesays.com\/fr\/wp-json\/wp\/v2\/posts"}],"about":[{"href":"https:\/\/www.europesays.com\/fr\/wp-json\/wp\/v2\/types\/post"}],"author":[{"embeddable":true,"href":"https:\/\/www.europesays.com\/fr\/wp-json\/wp\/v2\/users\/2"}],"replies":[{"embeddable":true,"href":"https:\/\/www.europesays.com\/fr\/wp-json\/wp\/v2\/comments?post=115483"}],"version-history":[{"count":0,"href":"https:\/\/www.europesays.com\/fr\/wp-json\/wp\/v2\/posts\/115483\/revisions"}],"wp:featuredmedia":[{"embeddable":true,"href":"https:\/\/www.europesays.com\/fr\/wp-json\/wp\/v2\/media\/115484"}],"wp:attachment":[{"href":"https:\/\/www.europesays.com\/fr\/wp-json\/wp\/v2\/media?parent=115483"}],"wp:term":[{"taxonomy":"category","embeddable":true,"href":"https:\/\/www.europesays.com\/fr\/wp-json\/wp\/v2\/categories?post=115483"},{"taxonomy":"post_tag","embeddable":true,"href":"https:\/\/www.europesays.com\/fr\/wp-json\/wp\/v2\/tags?post=115483"}],"curies":[{"name":"wp","href":"https:\/\/api.w.org\/{rel}","templated":true}]}}