{"id":1154835,"date":"2026-08-29T05:40:12","date_gmt":"2026-08-29T05:40:12","guid":{"rendered":"https:\/\/www.europesays.com\/fr\/1154835\/"},"modified":"2026-08-29T05:40:12","modified_gmt":"2026-08-29T05:40:12","slug":"lyon-10-octobre-2026-fete-de-la-science-atelier-et-spectacle-sur-la-vie-de","status":"publish","type":"post","link":"https:\/\/www.europesays.com\/fr\/1154835\/","title":{"rendered":"Lyon \u2013 10 octobre 2026 : F\u00eate de la Science, atelier et spectacle sur la vie de\u2026"},"content":{"rendered":"<p>Nous vous invitons \u00e0 prendre part \u00e0 notre 6\u00e8me participation \u00e0 la F\u00eate de la Science, pour la seconde fois au <a href=\"https:\/\/www.sainte-marie-lyon.fr\/\" class=\"spip_out\" rel=\"external nofollow noopener\" target=\"_blank\">Lyc\u00e9e Sainte Marie de Lyon 5\u00e8me<\/a>.<\/p>\n<p><strong>F\u00eate de la Science 2026 &#8211; Le Go\u00fbt Des Sciences.<\/strong><\/p>\n<p>L\u2019\u00e9venement \u00ab\u00a0Le go\u00fbt des sciences\u00a0\u00bb est une invitation \u00e0 un voyage au c\u0153ur des saveurs du monde vivant par la m\u00e9thode exp\u00e9rimentale. De la richesse des aliments \u00e0 la diversit\u00e9 du monde animal, la science se r\u00e9v\u00e8le dans ce que nous go\u00fbtons, sentons et partageons.<\/p>\n<p>Joignez vous \u00e0 nous pour un apr\u00e8s-midi d\u2019animations scientifiques autour de la science des sens, des aliments et des textures suivie d\u2019une soir\u00e9e de spectacle sur la vie et les recherches d\u2019un pionner de l\u2019alimentation\u00a0: Louis Pasteur.<\/p>\n<ul class=\"spip\" role=\"list\">\n<li> <strong>Spectacle<\/strong>\u00a0: <a href=\"https:\/\/www.fetedelascience.fr\/louis-pasteur-une-vie\" class=\"spip_out\" rel=\"external nofollow noopener\" target=\"_blank\">Louis Pasteur, une Vie<\/a><br class=\"manualbr\"\/>Portrait scientifique et th\u00e9\u00e2tral du pionnier de l\u2019alimentation.<\/li>\n<li> <strong><a href=\"https:\/\/www.fetedelascience.fr\/le-gout-des-sciences\" class=\"spip_out\" rel=\"external nofollow noopener\" target=\"_blank\">Animations<\/a><\/strong>\u00a0:\n<ul class=\"spip\" role=\"list\">\n<li> Le\u00e7on de go\u00fbt <br class=\"manualbr\"\/>Reconna\u00eetre les 5 saveurs par la d\u00e9gustation.<\/li>\n<li> Qui a mang\u00e9 la corneille\u00a0?  <br class=\"manualbr\"\/>Enqu\u00eate naturaliste sur un pr\u00e9dateur.<\/li>\n<li> \u00c7a mousse en labo  <br class=\"manualbr\"\/>Comprendre la formation des mousses culinaires.<\/li>\n<li> Saveurs \u00e0 la carte  <br class=\"manualbr\"\/>Cartographier sa langue et analyser les perceptions.<\/li>\n<li> Les go\u00fbts, c\u2019est dans la t\u00eate  <br class=\"manualbr\"\/>R\u00f4le du cerveau dans la perception du go\u00fbt.<\/li>\n<li> Sciences piquantes  <br class=\"manualbr\"\/>Moutarde, piment, menthe\u00a0: pourquoi \u00e7a pique, br\u00fble ou rafra\u00eechit.<\/li>\n<li> Une odeur, deux mondes  <br class=\"manualbr\"\/>Origine naturelle ou artificielle\u00a0: comment le cerveau d\u00e9cide.<\/li>\n<li> Auto Focus  <br class=\"manualbr\"\/>Plateaux p\u00e9dagogiques autour de l\u2019esprit critique.<\/li>\n<\/ul>\n<\/li>\n<\/ul>\n<p>\u25b6 Tout public<br class=\"autobr\"\/><br \/>\n\u25b6 Billetterie en ligne (gratuit sur r\u00e9servation)\u00a0:<\/p>\n","protected":false},"excerpt":{"rendered":"Nous vous invitons \u00e0 prendre part \u00e0 notre 6\u00e8me participation \u00e0 la F\u00eate de la Science, pour la&hellip;\n","protected":false},"author":2,"featured_media":1154836,"comment_status":"","ping_status":"","sticky":false,"template":"","format":"standard","meta":{"footnotes":"","_share_on_mastodon":"0"},"categories":[1889],"tags":[1111,11,70906,118121,2430,26367,1777,674,118120,1011,27,2428,118123,12,25,43,118122,2036],"class_list":["post-1154835","post","type-post","status-publish","format-standard","has-post-thumbnail","category-lyon","tag-actu","tag-actualites","tag-afis","tag-atelier-scientifique","tag-auvergne-rhone-alpes","tag-culture-scientifique","tag-eu","tag-europe","tag-fte-de-la-science","tag-fr","tag-france","tag-lyon","tag-mdiation-scientifique","tag-news","tag-republique-francaise","tag-science","tag-spectacle-scientifique","tag-vivant"],"share_on_mastodon":{"url":"https:\/\/pubeurope.com\/@fr\/117177196388024052","error":""},"_links":{"self":[{"href":"https:\/\/www.europesays.com\/fr\/wp-json\/wp\/v2\/posts\/1154835","targetHints":{"allow":["GET"]}}],"collection":[{"href":"https:\/\/www.europesays.com\/fr\/wp-json\/wp\/v2\/posts"}],"about":[{"href":"https:\/\/www.europesays.com\/fr\/wp-json\/wp\/v2\/types\/post"}],"author":[{"embeddable":true,"href":"https:\/\/www.europesays.com\/fr\/wp-json\/wp\/v2\/users\/2"}],"replies":[{"embeddable":true,"href":"https:\/\/www.europesays.com\/fr\/wp-json\/wp\/v2\/comments?post=1154835"}],"version-history":[{"count":0,"href":"https:\/\/www.europesays.com\/fr\/wp-json\/wp\/v2\/posts\/1154835\/revisions"}],"wp:featuredmedia":[{"embeddable":true,"href":"https:\/\/www.europesays.com\/fr\/wp-json\/wp\/v2\/media\/1154836"}],"wp:attachment":[{"href":"https:\/\/www.europesays.com\/fr\/wp-json\/wp\/v2\/media?parent=1154835"}],"wp:term":[{"taxonomy":"category","embeddable":true,"href":"https:\/\/www.europesays.com\/fr\/wp-json\/wp\/v2\/categories?post=1154835"},{"taxonomy":"post_tag","embeddable":true,"href":"https:\/\/www.europesays.com\/fr\/wp-json\/wp\/v2\/tags?post=1154835"}],"curies":[{"name":"wp","href":"https:\/\/api.w.org\/{rel}","templated":true}]}}