{"id":1154849,"date":"2026-08-29T05:51:51","date_gmt":"2026-08-29T05:51:51","guid":{"rendered":"https:\/\/www.europesays.com\/fr\/1154849\/"},"modified":"2026-08-29T05:51:51","modified_gmt":"2026-08-29T05:51:51","slug":"guerre-en-ukraine-les-bombes-russes-pleuvent-kiev-obtient-des-resultats-sur-les-raffineries-2","status":"publish","type":"post","link":"https:\/\/www.europesays.com\/fr\/1154849\/","title":{"rendered":"Guerre en Ukraine\u00a0: Les bombes russes pleuvent, Kiev obtient des r\u00e9sultats sur les raffineries"},"content":{"rendered":"<p class=\"mb-4 text-lg md:leading-8 break-words\"><strong>R\u00e9cap &#8211; \u00ab 20 Minutes \u00bb fait le point pour vous tous les soirs sur le conflit en Ukraine. Ce vendredi 28 ao\u00fbt, la journ\u00e9e a \u00e9t\u00e9 marqu\u00e9e par une nouvelle s\u00e9rie d&rsquo;attaques russes sur le territoire ukrainien au prix de victimes civiles<\/strong><\/p>\n<p class=\"mb-4 text-lg md:leading-8 break-words\">Vous avez rat\u00e9 les derniers \u00e9v\u00e9nements sur la <a data-ylk=\"slk:guerre en Ukraine;elm:context_link;itc:0;sec:content-canvas;\" data-yga=\"{&quot;yLinkElement&quot;:&quot;link&quot;,&quot;yLinkElementType&quot;:&quot;article_link&quot;}\" href=\"https:\/\/www.20minutes.fr\/monde\/ukraine\/?at_medium=RSS%20feed&amp;at_campaign=ynews&amp;utm_source=yahoo&amp;utm_medium=rss&amp;utm_campaign=news_feed&amp;utm_content=in_article_link\" rel=\"noopener noreferrer nofollow\" target=\"_blank\">guerre en Ukraine<\/a> ? 20 Minutes fait le point pour vous tous les soirs. Voici l&rsquo;essentiel de ce vendredi 28 ao\u00fbt, au 1.647e jour du conflit.<\/p>\n<p>Le fait du jour<\/p>\n<p class=\"mb-4 text-lg md:leading-8 break-words\">Quatre ans et demi <a data-ylk=\"slk:apr\u00e8s le d\u00e9but de l&#039;offensive russe en Ukraine;elm:context_link;itc:0;sec:content-canvas;\" data-yga=\"{&quot;yLinkElement&quot;:&quot;link&quot;,&quot;yLinkElementType&quot;:&quot;article_link&quot;}\" href=\"https:\/\/www.20minutes.fr\/monde\/ukraine\/diaporama-4203213-quatre-ans-guerre-ukraine-dix-images-marquantes?at_medium=RSS%20feed&amp;at_campaign=ynews&amp;utm_source=yahoo&amp;utm_medium=rss&amp;utm_campaign=news_feed&amp;utm_content=in_article_link\" rel=\"noopener noreferrer nofollow\" target=\"_blank\">apr\u00e8s le d\u00e9but de l&rsquo;offensive russe en Ukraine<\/a>, les bombes continuent de pleuvoir sur la population ukrainienne. Ce vendredi matin, une s\u00e9rie d&rsquo;attaques a fait deux morts dans la r\u00e9gion de Dnipropetrovsk, tandis qu&rsquo;au moins un autre civil a \u00e9t\u00e9 tu\u00e9 \u00e0 Karkhiv, de m\u00eame qu&rsquo;un homme de 61 ans \u00e0 Kherson, selon les autorit\u00e9s locales.<\/p>\n<p class=\"mb-4 text-lg md:leading-8 break-words\">A Kherson, justement, les autorit\u00e9s de cette grande ville du sud du pays, qui comptait 280.000 habitants avant la guerre, ont appel\u00e9 les habitants \u00e0 \u00e9vacuer face au danger des frappes russes qui s&rsquo;intensifient et risquent de laisser la ville sans \u00e9lectricit\u00e9 ni chauffage avant l&rsquo;hiver.<\/p>\n<p class=\"mb-4 text-lg md:leading-8 break-words\">Les forces russes sont d\u00e9sormais positionn\u00e9es sur l&rsquo;autre rive du fleuve Dniepr qui la borde, ce qui la rend particuli\u00e8rement vuln\u00e9rable aux bombardements russes.<\/p>\n<p>La d\u00e9claration du jour<\/p>\n<blockquote class=\"mb-4 border-l-2 pl-5 italic text-tertiary\">\n<p class=\"mb-4 text-lg md:leading-8 break-words\">Nous appr\u00e9cions la coh\u00e9rence des mesures prises et le fait que l&rsquo;Am\u00e9rique d\u00e9fende une vision parfaitement r\u00e9aliste des actions \u00e0 entreprendre<\/p>\n<\/blockquote>\n<p class=\"mb-4 text-lg md:leading-8 break-words\">Les paroles sont sign\u00e9es Volodymyr Zelensky ce vendredi. Via Telegram, le pr\u00e9sident ukrainien r\u00e9agit ainsi positivement \u00e0 la visite du patron de la CIA \u00e0 Moscou mardi. Il dit avoir \u00e9t\u00e9 inform\u00e9 par les Am\u00e9ricains du contenu des r\u00e9unions organis\u00e9es dans la capitale russe, sans en livrer de d\u00e9tails. \u00ab La Russie doit mettre fin \u00e0 la gue(&#8230;)<\/p>\n<p class=\"mb-4 text-lg md:leading-8 break-words\"><a data-ylk=\"slk:Lire la suite sur 20minutes;elm:context_link;itc:0;sec:content-canvas;\" data-yga=\"{&quot;yLinkElement&quot;:&quot;link&quot;,&quot;yLinkElementType&quot;:&quot;article_link&quot;}\" href=\"https:\/\/www.20minutes.fr\/monde\/ukraine\/4241490-20260828-guerre-ukraine-bombes-russes-pleuvent-kiev-obtient-resultats-raffineries?at_medium=RSS%20feed&amp;at_campaign=ynews&amp;utm_source=yahoo&amp;utm_medium=rss&amp;utm_campaign=news_feed&amp;utm_content=read_more_link&quot;\" rel=\"noopener noreferrer nofollow\" target=\"_blank\">Lire la suite sur 20minutes<\/a><\/p>\n<p>\u00c0 lire aussi :<br \/><a data-ylk=\"slk:Guerre en Ukraine : La Russie menacerait d&#039;attaquer des pays de l&#039;Otan et frappe en plein jour;elm:context_link;itc:0;sec:content-canvas;\" data-yga=\"{&quot;yLinkElement&quot;:&quot;link&quot;,&quot;yLinkElementType&quot;:&quot;article_link&quot;}\" href=\"https:\/\/www.20minutes.fr\/monde\/ukraine\/4241287-20260827-guerre-ukraine-russie-menacerait-attaquer-pays-otan-frappe-plein-jour?at_medium=RSS%20feed&amp;at_campaign=ynews&amp;utm_source=yahoo&amp;utm_medium=rss&amp;utm_campaign=news_feed&amp;utm_content=related_content_link\" rel=\"noopener noreferrer nofollow\" target=\"_blank\">Guerre en Ukraine : La Russie menacerait d&rsquo;attaquer des pays de l&rsquo;Otan et frappe en plein jour<\/a><br \/><a data-ylk=\"slk:Guerre en Ukraine : Une visite de la CIA bien myst\u00e9rieuse et un bus bombard\u00e9;elm:context_link;itc:0;sec:content-canvas;\" data-yga=\"{&quot;yLinkElement&quot;:&quot;link&quot;,&quot;yLinkElementType&quot;:&quot;article_link&quot;}\" href=\"https:\/\/www.20minutes.fr\/monde\/4241067-20260826-guerre-ukraine-visite-moscou-mysterieuse-bus-bombarde?at_medium=RSS%20feed&amp;at_campaign=ynews&amp;utm_source=yahoo&amp;utm_medium=rss&amp;utm_campaign=news_feed&amp;utm_content=related_content_link\" rel=\"noopener noreferrer nofollow\" target=\"_blank\">Guerre en Ukraine : Une visite de la CIA bien myst\u00e9rieuse et un bus bombard\u00e9<\/a><\/p>\n","protected":false},"excerpt":{"rendered":"R\u00e9cap &#8211; \u00ab 20 Minutes \u00bb fait le point pour vous tous les soirs sur le conflit en&hellip;\n","protected":false},"author":2,"featured_media":1154850,"comment_status":"","ping_status":"","sticky":false,"template":"","format":"standard","meta":{"footnotes":"","_share_on_mastodon":"0"},"categories":[1590],"tags":[11,118127,1777,674,118125,1146,131,118124,28370,118126,12,3946,118131,118130,118129,220,118128],"class_list":["post-1154849","post","type-post","status-publish","format-standard","has-post-thumbnail","category-ukraine","tag-actualites","tag-bien-mysterieuse","tag-eu","tag-europe","tag-fait-le","tag-guerre","tag-guerre-en-ukraine","tag-jour-du-conflit","tag-kherson","tag-la-russie-doit-mettre-fin-a-la-gue","tag-news","tag-nous","tag-organisees-dans-la-capitale-russe","tag-quau-moins-un-autre-civil-a-ete-tue-a-karkhiv","tag-reagit-ainsi-positivement-a-la-visite-du","tag-ukraine","tag-via-telegram"],"share_on_mastodon":{"url":"https:\/\/pubeurope.com\/@fr\/117177243482766592","error":""},"_links":{"self":[{"href":"https:\/\/www.europesays.com\/fr\/wp-json\/wp\/v2\/posts\/1154849","targetHints":{"allow":["GET"]}}],"collection":[{"href":"https:\/\/www.europesays.com\/fr\/wp-json\/wp\/v2\/posts"}],"about":[{"href":"https:\/\/www.europesays.com\/fr\/wp-json\/wp\/v2\/types\/post"}],"author":[{"embeddable":true,"href":"https:\/\/www.europesays.com\/fr\/wp-json\/wp\/v2\/users\/2"}],"replies":[{"embeddable":true,"href":"https:\/\/www.europesays.com\/fr\/wp-json\/wp\/v2\/comments?post=1154849"}],"version-history":[{"count":0,"href":"https:\/\/www.europesays.com\/fr\/wp-json\/wp\/v2\/posts\/1154849\/revisions"}],"wp:featuredmedia":[{"embeddable":true,"href":"https:\/\/www.europesays.com\/fr\/wp-json\/wp\/v2\/media\/1154850"}],"wp:attachment":[{"href":"https:\/\/www.europesays.com\/fr\/wp-json\/wp\/v2\/media?parent=1154849"}],"wp:term":[{"taxonomy":"category","embeddable":true,"href":"https:\/\/www.europesays.com\/fr\/wp-json\/wp\/v2\/categories?post=1154849"},{"taxonomy":"post_tag","embeddable":true,"href":"https:\/\/www.europesays.com\/fr\/wp-json\/wp\/v2\/tags?post=1154849"}],"curies":[{"name":"wp","href":"https:\/\/api.w.org\/{rel}","templated":true}]}}