{"id":1154871,"date":"2026-08-29T06:08:11","date_gmt":"2026-08-29T06:08:11","guid":{"rendered":"https:\/\/www.europesays.com\/fr\/1154871\/"},"modified":"2026-08-29T06:08:11","modified_gmt":"2026-08-29T06:08:11","slug":"diane-parry-elise-mertens-wta-500-monterrey-finale-dimanche-30-aout-2026-lequipe","status":"publish","type":"post","link":"https:\/\/www.europesays.com\/fr\/1154871\/","title":{"rendered":"Diane Parry &#8211; Elise Mertens, WTA 500, Monterrey, Finale, Dimanche 30 ao\u00fbt 2026 &#8211; L&#039;\u00c9quipe"},"content":{"rendered":"<ol>\n<li><a href=\"https:\/\/news.google.com\/rss\/articles\/CBMivwFBVV95cUxPQ2lxeXdGV1RpR29mQ0twLS15cXlfVFExeEhWRGdCR0tjNDJKWkJtVlJNTG5wRVNDTUl4UXBKalRsT2htUE1yNTBRMkpSUUh2YXlabzBKNm1tSVJxRkYzVGViZzIwU0VKcU1mZHZxNTh2QlYzLWg5cVViVXBoanlQX21oRUhmWUhCV1JBdjZYaDFRb0RGUnhycGR3cE5vWEZJT1NzbUhfSm5Lb1dhVlR6OWVFb2pMWXdmQVdoVW5TWQ?oc=5\" target=\"_blank\" rel=\"nofollow noopener\">Diane Parry &#8211; Elise Mertens, WTA 500, Monterrey, Finale, Dimanche 30 ao\u00fbt 2026<\/a>&nbsp;&nbsp;L&rsquo;\u00c9quipe<\/li>\n<li><a href=\"https:\/\/news.google.com\/rss\/articles\/CBMivgFBVV95cUxPa3V5dklrYlg5MnRsaGdGZ2pWZUFCMG1VQ3dvaHhCTGxrSDVpTGptTkpMU0wyOWU0eVJrMWZTdXM1RHJZcHBPQlJacC1LWUp1OVJSM2lpZTRWWDhPTHlnQ2J6NnB5Ym9kZThKdDdEUGtZanZSbWlnZHU5T2RnSzFJVnE2YmViZjN4TzlHU1JhLWJHZW9HR0lZQW5GZktWWENkd1N6VWo0Z0pKNlZMcnlEMkZtQTBuYl8wNU5pMXhB?oc=5\" target=\"_blank\" rel=\"nofollow noopener\">Tennis: Diane Parry, un coin de ciel bleu dans le tennis f\u00e9minin<\/a>&nbsp;&nbsp;RMC Sport<\/li>\n<li><a href=\"https:\/\/news.google.com\/rss\/articles\/CBMi0AFBVV95cUxQWlFtWi05TG53S0NZWFpoZEVKTUNFLTVVUnlyVE9GcGhacVg3MXRmRndRRFRVZlNkVUR5em9aeTM3bHhTcWFkZno2WnZZYm1vY25GMEM4LV9kZ0pub3lkbGNnTXJMZXc1NTdFZjUzOTJ5WklHYlJaUUtkVU1HQ2x5LUpDUFFwOW1MNWJ2VVBnRHVSYnV6WGdqcURzVU55WS1XN3VETXhLUDBZRmlFTEg2bnNtWjhtWlQyaHhBM3RaZmctSHlMc21yNGlQMWcwSlM0?oc=5\" target=\"_blank\" rel=\"nofollow noopener\">Tennis : Tournoi WTA de Monterrey dimanche 30 ao\u00fbt 2026 sur beIN SPORTS 3 : r\u00e9sum\u00e9 et diffusions<\/a>&nbsp;&nbsp;Programme TV Ouest-France<\/li>\n<li><a href=\"https:\/\/news.google.com\/rss\/articles\/CBMisgJBVV95cUxNRnd5RFNmcDBiQXo5U2VyQWxxeWlmZnVQdnp5cE81dHpqNFMySmM5SFVUZW9rZGE2SkRtWFlQeTMzLWhkUjZRdkNJMTdfUG4yNUowX0FtMGcyTGRHak15S3ZwVW11ZjN3T2o2ZlgzM1kwWDBqZDVLaWlTTVVBTmlZZEpNcXA2aWVmWk84VHg2bThyZ2hqU0w5cVJHTUVWZUVpLXRVNUdLa1JONWhSZ2V5UXhNUDZCZGViVGtWd29fQVBxZTJxdjcxc2ZXV0xHUzBFb25vWWdSdGVnODFaV0Nsd0Y1X25ueExwNkt4aTRqbHVNTVlaWXRucVppbUpTdmV1TzQ2VUgwMmNkellxT1NfR09wWVFVVmVieU1TbUxxV0NLb2dLMGFLX29aNTk0QkE0Umc?oc=5\" target=\"_blank\" rel=\"nofollow noopener\">Parry fonce en demi-finale et va int\u00e9grer le Top 40<\/a>&nbsp;&nbsp;Eurosport<\/li>\n<li><a href=\"https:\/\/news.google.com\/rss\/articles\/CBMipAJBVV95cUxQTTh3Nk9SRWxJWnZ2NTYxMWUwaTgxOFkycGhiUmxKTXJ4RFdMR2o5WElrVTVSZElnRUFRYUlYdndFUlRGcU85YjctTlJGT1A0TTRuYmtkcHllVFJiVGVYbTBhSWM5RktLenk0RzVxSkE1eU5LTVEtdjlJRHdmdVo4YzRENFprY2cza21yVlJ2aVdMTGxYVGNSbnowXy1Fa3I2dGdYby1sNXhNczR0RmlSVm1oaFU4a3R2S2g2OWpQZU9yQUpTYVdSWkFkQWpQSmtkb0pKUTBLUFdCbGRvRWI0X19xV0R1TjUwckduVEZ4MDEtTHpWZ3JING1VSFRnZGpwZlVXMkwydkx5MnFSeXlDYjJMWkoxSnNoSU1WTmFBUWlKanBJ?oc=5\" target=\"_blank\" rel=\"nofollow noopener\">Enfin une \u00e9claircie pour le tennis fran\u00e7ais f\u00e9minin ? Diane Parry se hisse dans le top 40 mondial et franchit un nouveau cap apr\u00e8s sa victoire en quart \u00e0 Monterrey<\/a>&nbsp;&nbsp;ladepeche.fr<\/li>\n<\/ol>\n","protected":false},"excerpt":{"rendered":"Diane Parry &#8211; Elise Mertens, WTA 500, Monterrey, Finale, Dimanche 30 ao\u00fbt 2026&nbsp;&nbsp;L&rsquo;\u00c9quipe Tennis: Diane Parry, un coin&hellip;\n","protected":false},"author":2,"featured_media":912358,"comment_status":"","ping_status":"","sticky":false,"template":"","format":"standard","meta":{"footnotes":"","_share_on_mastodon":"0"},"categories":[1415],"tags":[118132,1011,27,64608,73268,60,1467],"class_list":["post-1154871","post","type-post","status-publish","format-standard","has-post-thumbnail","category-tennis","tag-diane-parry-elise-mertens-en-direct","tag-fr","tag-france","tag-monterrey","tag-null","tag-sports","tag-tennis"],"share_on_mastodon":{"url":"https:\/\/pubeurope.com\/@fr\/117177306485947321","error":""},"_links":{"self":[{"href":"https:\/\/www.europesays.com\/fr\/wp-json\/wp\/v2\/posts\/1154871","targetHints":{"allow":["GET"]}}],"collection":[{"href":"https:\/\/www.europesays.com\/fr\/wp-json\/wp\/v2\/posts"}],"about":[{"href":"https:\/\/www.europesays.com\/fr\/wp-json\/wp\/v2\/types\/post"}],"author":[{"embeddable":true,"href":"https:\/\/www.europesays.com\/fr\/wp-json\/wp\/v2\/users\/2"}],"replies":[{"embeddable":true,"href":"https:\/\/www.europesays.com\/fr\/wp-json\/wp\/v2\/comments?post=1154871"}],"version-history":[{"count":0,"href":"https:\/\/www.europesays.com\/fr\/wp-json\/wp\/v2\/posts\/1154871\/revisions"}],"wp:featuredmedia":[{"embeddable":true,"href":"https:\/\/www.europesays.com\/fr\/wp-json\/wp\/v2\/media\/912358"}],"wp:attachment":[{"href":"https:\/\/www.europesays.com\/fr\/wp-json\/wp\/v2\/media?parent=1154871"}],"wp:term":[{"taxonomy":"category","embeddable":true,"href":"https:\/\/www.europesays.com\/fr\/wp-json\/wp\/v2\/categories?post=1154871"},{"taxonomy":"post_tag","embeddable":true,"href":"https:\/\/www.europesays.com\/fr\/wp-json\/wp\/v2\/tags?post=1154871"}],"curies":[{"name":"wp","href":"https:\/\/api.w.org\/{rel}","templated":true}]}}