{"id":115489,"date":"2025-05-20T23:24:11","date_gmt":"2025-05-20T23:24:11","guid":{"rendered":"https:\/\/www.europesays.com\/fr\/115489\/"},"modified":"2025-05-20T23:24:11","modified_gmt":"2025-05-20T23:24:11","slug":"la-bourse-de-paris-termine-en-hausse-actualites","status":"publish","type":"post","link":"https:\/\/www.europesays.com\/fr\/115489\/","title":{"rendered":"La Bourse de Paris termine en hausse : Actualit\u00e9s"},"content":{"rendered":"<p class=\"lead \">La Bourse de Paris a fini dans le vert mardi, malgr\u00e9 l&rsquo;absence de nouvelles informations \u00e0 dig\u00e9rer au cours de la s\u00e9ance, les investisseurs se focalisant sur les espoirs de baisses des taux en zone euro.<\/p>\n<p class=\"lead \">Le CAC 40 a pris 0,75%, \u00e0 7.942,42 points, en hausse de 58,79 points. La veille, l&rsquo;indice avait termin\u00e9 stable (-0,04%).<\/p>\n<p class=\"lead \">\u00ab\u00a0Les investisseurs attendent avec impatience le prochain grand catalyseur\u00a0\u00bb, r\u00e9sume Adam Sarhan, de 50 Park Investments.<\/p>\n<p class=\"lead \">En attendant, \u00ab\u00a0les march\u00e9s europ\u00e9ens sont port\u00e9s par les espoirs de baisses des taux de la Banque centrale europ\u00e9enne\u00a0\u00bb, explique \u00e0 l&rsquo;AFP Philippe Cohen, g\u00e9rant de portefeuilles chez Kiplink.<\/p>\n<p class=\"lead \">Le conseil des gouverneurs de l&rsquo;institution doit tenir sa prochaine r\u00e9union de politique mon\u00e9taire d\u00e9but juin, et devrait \u00e0 nouveau abaisser ses taux d&rsquo;int\u00e9r\u00eat dans un contexte de croissance morose sur le continent et d&rsquo;inflation stabilis\u00e9e autour de 2%. <\/p>\n<p class=\"lead \">\u00ab\u00a0Les march\u00e9s savent qu&rsquo;il y a de la marge pour un nouvel assouplissement mon\u00e9taire, et cela les rend optimistes\u00a0\u00bb, ajoute Philippe Cohen.<\/p>\n<p class=\"lead \">La veille, les investisseurs avaient \u00e9t\u00e9 troubl\u00e9s par l&rsquo;abaissement vendredi de la note de Moody&rsquo;s sur la dette am\u00e9ricaine, qui a accru la tension sur les taux d&rsquo;int\u00e9r\u00eat souverains am\u00e9ricains, ce qui a entra\u00een\u00e9 leurs \u00e9quivalents europ\u00e9ens.<\/p>\n<p class=\"lead \">Les taux d&rsquo;int\u00e9r\u00eat en Europe sont rest\u00e9s stables mardi: le rendement des obligations fran\u00e7aises \u00e0 dix ans a atteint 3,26%, contre 3,25% la veille. Le rendement allemand, r\u00e9f\u00e9rence sur le continent, a atteint 2,60%, contre 2,58% la veille.<\/p>\n<p class=\"lead \">Kering: nouvelle direction artistique pour Balenciaga<\/p>\n<p class=\"lead \">Le groupe de luxe Kering (+3,97% \u00e0 182,60 euros) a annonc\u00e9 lundi soir la nomination du nouveau directeur artistique de Balenciaga, l&rsquo;Italien Pierpaolo Piccioli, charg\u00e9 d&rsquo;ouvrir un \u00ab\u00a0nouveau chapitre\u00a0\u00bb apr\u00e8s la d\u00e9cennie chahut\u00e9e avec Demna \u00e0 la barre.<\/p>\n<p class=\"lead \">Figeac Aero bondit apr\u00e8s un contrat avec Safran<\/p>\n<p class=\"lead \">Le sp\u00e9cialiste de l&rsquo;a\u00e9ronautique Figeac Aero a bondi de 4,65% \u00e0 9,00 euros, apr\u00e8s avoir annonc\u00e9 la veille avoir \u00e9t\u00e9 \u00ab\u00a0retenu pour la production d\u2019une nouvelle r\u00e9f\u00e9rence de pi\u00e8ce \u00e0 destination du moteur M88\u00a0\u00bb, un moteur d\u00e9velopp\u00e9 par Safran (+0,81% \u00e0 261,20 euros) et \u00e9quipant les avions Rafale de Dassault Aviation (+0,63% \u00e0 307,40 euros).<\/p>\n<p class=\"small font-weight-bold text-gray3 \"> publi\u00e9 le 20 mai \u00e0 18h17, AFP<\/p>\n<p>                             Partager<\/p>\n","protected":false},"excerpt":{"rendered":"La Bourse de Paris a fini dans le vert mardi, malgr\u00e9 l&rsquo;absence de nouvelles informations \u00e0 dig\u00e9rer au&hellip;\n","protected":false},"author":2,"featured_media":115490,"comment_status":"","ping_status":"","sticky":false,"template":"","format":"standard","meta":{"footnotes":""},"categories":[1888],"tags":[1111,1928,11,1927,340,1777,674,1011,27,6205,12,1926,626,1925,25],"class_list":{"0":"post-115489","1":"post","2":"type-post","3":"status-publish","4":"format-standard","5":"has-post-thumbnail","7":"category-paris","8":"tag-actu","9":"tag-actu-paris","10":"tag-actualites","11":"tag-actualites-paris","12":"tag-bourse","13":"tag-eu","14":"tag-europe","15":"tag-fr","16":"tag-france","17":"tag-marchs","18":"tag-news","19":"tag-news-paris","20":"tag-paris","21":"tag-paris-news","22":"tag-republique-francaise"},"share_on_mastodon":{"url":"https:\/\/pubeurope.com\/@fr\/114542743641469676","error":""},"_links":{"self":[{"href":"https:\/\/www.europesays.com\/fr\/wp-json\/wp\/v2\/posts\/115489","targetHints":{"allow":["GET"]}}],"collection":[{"href":"https:\/\/www.europesays.com\/fr\/wp-json\/wp\/v2\/posts"}],"about":[{"href":"https:\/\/www.europesays.com\/fr\/wp-json\/wp\/v2\/types\/post"}],"author":[{"embeddable":true,"href":"https:\/\/www.europesays.com\/fr\/wp-json\/wp\/v2\/users\/2"}],"replies":[{"embeddable":true,"href":"https:\/\/www.europesays.com\/fr\/wp-json\/wp\/v2\/comments?post=115489"}],"version-history":[{"count":0,"href":"https:\/\/www.europesays.com\/fr\/wp-json\/wp\/v2\/posts\/115489\/revisions"}],"wp:featuredmedia":[{"embeddable":true,"href":"https:\/\/www.europesays.com\/fr\/wp-json\/wp\/v2\/media\/115490"}],"wp:attachment":[{"href":"https:\/\/www.europesays.com\/fr\/wp-json\/wp\/v2\/media?parent=115489"}],"wp:term":[{"taxonomy":"category","embeddable":true,"href":"https:\/\/www.europesays.com\/fr\/wp-json\/wp\/v2\/categories?post=115489"},{"taxonomy":"post_tag","embeddable":true,"href":"https:\/\/www.europesays.com\/fr\/wp-json\/wp\/v2\/tags?post=115489"}],"curies":[{"name":"wp","href":"https:\/\/api.w.org\/{rel}","templated":true}]}}