{"id":1154899,"date":"2026-08-29T06:35:51","date_gmt":"2026-08-29T06:35:51","guid":{"rendered":"https:\/\/www.europesays.com\/fr\/1154899\/"},"modified":"2026-08-29T06:35:51","modified_gmt":"2026-08-29T06:35:51","slug":"le-cnosf-envoie-las-monaco-au-tapis-le-spectre-dune-retrogradation-administrative-plane-pour-de-bon","status":"publish","type":"post","link":"https:\/\/www.europesays.com\/fr\/1154899\/","title":{"rendered":"Le CNOSF envoie l&rsquo;AS Monaco au tapis, le spectre d&rsquo;une r\u00e9trogradation administrative plane pour de bon"},"content":{"rendered":"<p>Le CNOSF envoie l&rsquo;AS Monaco au tapis, le spectre d&rsquo;une r\u00e9trogradation administrative plane pour de bon<\/p>\n<p>Port\u00e9e par un nouvel investisseur, la Roca Team a \u00e9t\u00e9 retoqu\u00e9e vendredi par le CNOSF, qui recommande de suivre la d\u00e9cision de ne pas engager le club en Betclic \u00c9lite et en \u00c9lite 2. Elle a saisi le bureau f\u00e9d\u00e9ral pour plaider sa cause et son nouveau projet, mais le spectre d&rsquo;une r\u00e9trogradation administrative plane pour de bon au-dessus de la Principaut\u00e9.<\/p>\n","protected":false},"excerpt":{"rendered":"Le CNOSF envoie l&rsquo;AS Monaco au tapis, le spectre d&rsquo;une r\u00e9trogradation administrative plane pour de bon Port\u00e9e par&hellip;\n","protected":false},"author":2,"featured_media":1154900,"comment_status":"","ping_status":"","sticky":false,"template":"","format":"standard","meta":{"footnotes":"","_share_on_mastodon":"0"},"categories":[2],"tags":[11,86760,1465,3146,1011,27,12,86837,86880,23077,88746],"class_list":["post-1154899","post","type-post","status-publish","format-standard","has-post-thumbnail","category-actualites","tag-actualites","tag-actus-et-infos","tag-basket","tag-betclic-elite","tag-fr","tag-france","tag-news","tag-payant","tag-provenance-lequipe-quotidien","tag-saison-2025-2026","tag-sami-sadik"],"share_on_mastodon":{"url":"https:\/\/pubeurope.com\/@fr\/117177416772823326","error":""},"_links":{"self":[{"href":"https:\/\/www.europesays.com\/fr\/wp-json\/wp\/v2\/posts\/1154899","targetHints":{"allow":["GET"]}}],"collection":[{"href":"https:\/\/www.europesays.com\/fr\/wp-json\/wp\/v2\/posts"}],"about":[{"href":"https:\/\/www.europesays.com\/fr\/wp-json\/wp\/v2\/types\/post"}],"author":[{"embeddable":true,"href":"https:\/\/www.europesays.com\/fr\/wp-json\/wp\/v2\/users\/2"}],"replies":[{"embeddable":true,"href":"https:\/\/www.europesays.com\/fr\/wp-json\/wp\/v2\/comments?post=1154899"}],"version-history":[{"count":0,"href":"https:\/\/www.europesays.com\/fr\/wp-json\/wp\/v2\/posts\/1154899\/revisions"}],"wp:featuredmedia":[{"embeddable":true,"href":"https:\/\/www.europesays.com\/fr\/wp-json\/wp\/v2\/media\/1154900"}],"wp:attachment":[{"href":"https:\/\/www.europesays.com\/fr\/wp-json\/wp\/v2\/media?parent=1154899"}],"wp:term":[{"taxonomy":"category","embeddable":true,"href":"https:\/\/www.europesays.com\/fr\/wp-json\/wp\/v2\/categories?post=1154899"},{"taxonomy":"post_tag","embeddable":true,"href":"https:\/\/www.europesays.com\/fr\/wp-json\/wp\/v2\/tags?post=1154899"}],"curies":[{"name":"wp","href":"https:\/\/api.w.org\/{rel}","templated":true}]}}