{"id":1154917,"date":"2026-08-29T06:53:25","date_gmt":"2026-08-29T06:53:25","guid":{"rendered":"https:\/\/www.europesays.com\/fr\/1154917\/"},"modified":"2026-08-29T06:53:25","modified_gmt":"2026-08-29T06:53:25","slug":"la-recharge-des-voitures-electriques-va-couter-moins-cher-dans-les-parkings-grenoblois","status":"publish","type":"post","link":"https:\/\/www.europesays.com\/fr\/1154917\/","title":{"rendered":"La recharge des voitures \u00e9lectriques va co\u00fbter moins cher dans les parkings grenoblois"},"content":{"rendered":"<p itemprop=\"description\"><strong>D\u00e8s le 1er septembre, Grenoble Alpes M\u00e9tropole r\u00e9duira de 10 centimes par kWh le prix de la recharge lente pour les abonn\u00e9s de ses parkings publics.<\/strong><\/p>\n<p>Bonne nouvelle pour les automobilistes \u00e9lectriques de l\u2019agglom\u00e9ration grenobloise. Grenoble Alpes M\u00e9tropole annonce une baisse du tarif de recharge dans les parkings publics exploit\u00e9s par ParkGAM \u00e0 compter du 1er septembre.<\/p>\n<p>Pour les abonn\u00e9s, la recharge lente passera de 0,39 \u00e0 0,29 euro par kWh. Les usagers sans abonnement continueront de payer 0,39 euro par kWh. La M\u00e9tropole entend ainsi favoriser les recharges longues, notamment la nuit ou pendant les heures de travail, pour les habitants qui ne disposent pas de borne \u00e0 domicile.<\/p>\n<p>Cette nouvelle grille tarifaire intervient apr\u00e8s la reprise de l\u2019exploitation des parkings m\u00e9tropolitains par la soci\u00e9t\u00e9 publique locale ParkGAM, le 1er avril dernier. Jusqu\u2019alors g\u00e9r\u00e9s par Effia, ces \u00e9quipements \u00e9taient soumis \u00e0 une grille tarifaire nationale.<\/p>\n<p>La M\u00e9tropole dispose de 285 points de charge dans 15 parkings, auxquels s\u2019ajoutent 182 bornes sur la voirie et 66 dans les parkings-relais. L\u2019objectif est de d\u00e9velopper la mobilit\u00e9 \u00e9lectrique sans multiplier les \u00e9quipements dans l\u2019espace public.<\/p>\n","protected":false},"excerpt":{"rendered":"D\u00e8s le 1er septembre, Grenoble Alpes M\u00e9tropole r\u00e9duira de 10 centimes par kWh le prix de la recharge&hellip;\n","protected":false},"author":2,"featured_media":1154918,"comment_status":"","ping_status":"","sticky":false,"template":"","format":"standard","meta":{"footnotes":"","_share_on_mastodon":"0"},"categories":[9566],"tags":[1111,11,2813,2430,1109,251,1112,2811,1777,674,118,1011,27,21780,2731,14004,1922,1110,1114,108,12,316,25,2812,517,800],"class_list":["post-1154917","post","type-post","status-publish","format-standard","has-post-thumbnail","category-grenoble","tag-actu","tag-actualites","tag-article","tag-auvergne-rhone-alpes","tag-breves","tag-culture","tag-depeches","tag-economique","tag-eu","tag-europe","tag-faits-divers","tag-fr","tag-france","tag-gf38","tag-grenoble","tag-grenoblemag","tag-info","tag-informations","tag-infos","tag-isere","tag-news","tag-politique","tag-republique-francaise","tag-sociale","tag-sport","tag-transports"],"share_on_mastodon":{"url":"https:\/\/pubeurope.com\/@fr\/117177484154114363","error":""},"_links":{"self":[{"href":"https:\/\/www.europesays.com\/fr\/wp-json\/wp\/v2\/posts\/1154917","targetHints":{"allow":["GET"]}}],"collection":[{"href":"https:\/\/www.europesays.com\/fr\/wp-json\/wp\/v2\/posts"}],"about":[{"href":"https:\/\/www.europesays.com\/fr\/wp-json\/wp\/v2\/types\/post"}],"author":[{"embeddable":true,"href":"https:\/\/www.europesays.com\/fr\/wp-json\/wp\/v2\/users\/2"}],"replies":[{"embeddable":true,"href":"https:\/\/www.europesays.com\/fr\/wp-json\/wp\/v2\/comments?post=1154917"}],"version-history":[{"count":0,"href":"https:\/\/www.europesays.com\/fr\/wp-json\/wp\/v2\/posts\/1154917\/revisions"}],"wp:featuredmedia":[{"embeddable":true,"href":"https:\/\/www.europesays.com\/fr\/wp-json\/wp\/v2\/media\/1154918"}],"wp:attachment":[{"href":"https:\/\/www.europesays.com\/fr\/wp-json\/wp\/v2\/media?parent=1154917"}],"wp:term":[{"taxonomy":"category","embeddable":true,"href":"https:\/\/www.europesays.com\/fr\/wp-json\/wp\/v2\/categories?post=1154917"},{"taxonomy":"post_tag","embeddable":true,"href":"https:\/\/www.europesays.com\/fr\/wp-json\/wp\/v2\/tags?post=1154917"}],"curies":[{"name":"wp","href":"https:\/\/api.w.org\/{rel}","templated":true}]}}