{"id":1154939,"date":"2026-08-29T07:13:14","date_gmt":"2026-08-29T07:13:14","guid":{"rendered":"https:\/\/www.europesays.com\/fr\/1154939\/"},"modified":"2026-08-29T07:13:14","modified_gmt":"2026-08-29T07:13:14","slug":"la-cci-gard-et-cluster-primus-sassocient-pour-developper-les-industries-gardoises-dans-le-secteur-de-la-defense","status":"publish","type":"post","link":"https:\/\/www.europesays.com\/fr\/1154939\/","title":{"rendered":"La CCI Gard et Cluster Primus s\u2019associent pour d\u00e9velopper les industries gardoises dans le secteur de la D\u00e9fense"},"content":{"rendered":"<p>\n                                                                Pour renforcer les capacit\u00e9s des entreprises gardoises dans le secteur de la d\u00e9fense, la Chambre de commerce et d\u2019industrie du Gard (CCI) et Cluster Primus, association sp\u00e9cialis\u00e9e dans la d\u00e9fense, annoncent lors d\u2019une conf\u00e9rence de presse ce vendredi 29\u00a0ao\u00fbt leur prochain partenariat. La convention sera sign\u00e9e le 15\u00a0septembre prochain lors d\u2019une journ\u00e9e de rencontre entre les diff\u00e9rents acteurs du secteur.\n                            <\/p>\n<p>\u00ab\u00a0Le Gard est un d\u00e9partement tr\u00e8s dynamique en termes de s\u00e9curit\u00e9. Nous pensons qu\u2019il y a de vraies opportunit\u00e9s pour les entreprises gardoises\u00a0\u00bb, commence Eric Giraudier, pr\u00e9sident de la CCI du Gard. C\u2019est l\u2019ambition affich\u00e9e ce vendredi 28\u00a0ao\u00fbt par la Chambre du commerce et de l\u2019industrie (CCI) du Gard et par Cluster Primus, association sp\u00e9cialis\u00e9e dans la mise en r\u00e9seau d\u2019entreprises du secteur de la d\u00e9fense et de la s\u00e9curit\u00e9. Une convention entre les deux doit \u00eatre sign\u00e9e le 15\u00a0septembre, \u00e0 l\u2019occasion d\u2019une journ\u00e9e de rencontres entre les diff\u00e9rents acteurs de la fili\u00e8re. Une antenne de l\u2019association sera implant\u00e9e \u00e0 la Maison des entreprises.<\/p>\n<p>\u00ab\u00a0Nous ne sommes\u00a0plus dans un temps de paix, mais dans un temps de guerre froide\u00a0\u00bb, commence Gilles Laborde, pr\u00e9sident de l\u2019association Cluster\u00a0Primus. Cette mont\u00e9e en puissance intervient dans un contexte g\u00e9opolitique particuli\u00e8rement tendu. La multiplication des conflits et le d\u00e9veloppement de nouvelles formes de menaces (cyberattaque au sabotage, en passant par les drones) poussent la France \u00e0 renforcer ses capacit\u00e9s de d\u00e9fense et sa souverainet\u00e9 industrielle.<\/p>\n<p>Des atouts majeurs \u00e0 d\u00e9velopper dans la r\u00e9gion<\/p>\n<p>La r\u00e9gion Occitanie compte d\u00e9j\u00e0 25\u00a0000 emplois dans le secteur de la s\u00e9curit\u00e9 et de la d\u00e9fense, soit 15\u00a0% des effectifs fran\u00e7ais. Pour Gilles Laborde l\u2019objectif\u00a0est de d\u00e9velopper les savoir-faire gardois dans le secteur de la d\u00e9fense et d\u2019ouvrir les portes aux entreprises qui n\u2019ont pas encore identifi\u00e9 les opportunit\u00e9s de la fili\u00e8re. Selon lui, le Gard dispose d\u00e9j\u00e0 de plusieurs atouts. \u00ab\u00a0Sans modifier leur organisation, leur savoir-faire, leur entreprise, les technologies civiles con\u00e7ues par certaines soci\u00e9t\u00e9s peuvent aussi s\u2019appliquer au march\u00e9 militaire sans qu\u2019elles ne le sachent, affirme le pr\u00e9sident de Cluster Primus. Nous\u00a0voulons\u00a0faire venir l\u2019\u00e9cosyst\u00e8me de la d\u00e9fense au plus pr\u00e8s des entreprises gardoises et d\u00e9velopper cette activit\u00e9.\u00a0\u00bb<\/p>\n<p>Pour cela, le partenariat a pour objectif\u00a0de rapprocher les entreprises entre elles et de d\u00e9velopper leur compl\u00e9mentarit\u00e9. \u00ab\u00a0Nous pouvons les aider \u00e0 trouver des financements et des offres de march\u00e9s, mais nous pouvons \u00e9galement les aider \u00e0 mieux conna\u00eetre leurs concurrents afin qu\u2019ils deviennent des partenaires\u00a0\u00bb, continue-t-il. La CCI et Cluster Primus\u00a0veulent activer un programme d\u2019acc\u00e9l\u00e9ration et permettre \u00e0 des PME\u00a0de multiplier leur capacit\u00e9 de production par trois. \u00ab\u00a0Aujourd\u2019hui notre challenge est de monter une industrie durable au sein du territoire gardois.\u00a0\u00bb<\/p>\n<p>Trente-huit milliards d\u2019euros d\u2019investissements<\/p>\n<p>Le march\u00e9 repr\u00e9sente des perspectives importantes selon Eric Giraudier. Trente-huit\u00a0milliards d\u2019euros d\u2019investissements sont annonc\u00e9s au niveau national\u00a0entre\u00a02026 et\u00a02030, dont 10\u00a0milliards d\u00e8s 2026, selon les chiffres pr\u00e9sent\u00e9s lors de la conf\u00e9rence. \u00ab\u00a0Au-del\u00e0 des discours, il faut des actes\u00a0\u00bb, insiste le pr\u00e9sident de la CCI du Gard.<\/p>\n<p>Le 15\u00a0septembre, plus d\u2019une centaine d\u2019entreprises sont attendues dans les locaux de la CCI Gard de\u00a0N\u00eemes. Au programme\u00a0: pr\u00e9sentation du secteur de la d\u00e9fense, rencontre avec les acteurs institutionnels et militaires, \u00e9changes sur les march\u00e9s et les appels d\u2019offres, avec l\u2019ambition de marquer des collaborations concr\u00e8tes entre les acteurs du secteur de la d\u00e9fense\u00a0industrielle\u00a0gardoise.<\/p>\n","protected":false},"excerpt":{"rendered":"Pour renforcer les capacit\u00e9s des entreprises gardoises dans le secteur de la d\u00e9fense, la Chambre de commerce et&hellip;\n","protected":false},"author":2,"featured_media":1154940,"comment_status":"","ping_status":"","sticky":false,"template":"","format":"standard","meta":{"footnotes":"","_share_on_mastodon":"0"},"categories":[2816],"tags":[1111,11,554,1777,674,1011,27,2679,12,2682,2680,316,25,2312],"class_list":["post-1154939","post","type-post","status-publish","format-standard","has-post-thumbnail","category-toulouse","tag-actu","tag-actualites","tag-defense","tag-eu","tag-europe","tag-fr","tag-france","tag-gard","tag-news","tag-nimes","tag-occitanie","tag-politique","tag-republique-francaise","tag-toulouse"],"share_on_mastodon":{"url":"","error":""},"_links":{"self":[{"href":"https:\/\/www.europesays.com\/fr\/wp-json\/wp\/v2\/posts\/1154939","targetHints":{"allow":["GET"]}}],"collection":[{"href":"https:\/\/www.europesays.com\/fr\/wp-json\/wp\/v2\/posts"}],"about":[{"href":"https:\/\/www.europesays.com\/fr\/wp-json\/wp\/v2\/types\/post"}],"author":[{"embeddable":true,"href":"https:\/\/www.europesays.com\/fr\/wp-json\/wp\/v2\/users\/2"}],"replies":[{"embeddable":true,"href":"https:\/\/www.europesays.com\/fr\/wp-json\/wp\/v2\/comments?post=1154939"}],"version-history":[{"count":0,"href":"https:\/\/www.europesays.com\/fr\/wp-json\/wp\/v2\/posts\/1154939\/revisions"}],"wp:featuredmedia":[{"embeddable":true,"href":"https:\/\/www.europesays.com\/fr\/wp-json\/wp\/v2\/media\/1154940"}],"wp:attachment":[{"href":"https:\/\/www.europesays.com\/fr\/wp-json\/wp\/v2\/media?parent=1154939"}],"wp:term":[{"taxonomy":"category","embeddable":true,"href":"https:\/\/www.europesays.com\/fr\/wp-json\/wp\/v2\/categories?post=1154939"},{"taxonomy":"post_tag","embeddable":true,"href":"https:\/\/www.europesays.com\/fr\/wp-json\/wp\/v2\/tags?post=1154939"}],"curies":[{"name":"wp","href":"https:\/\/api.w.org\/{rel}","templated":true}]}}