{"id":1154950,"date":"2026-08-29T07:25:20","date_gmt":"2026-08-29T07:25:20","guid":{"rendered":"https:\/\/www.europesays.com\/fr\/1154950\/"},"modified":"2026-08-29T07:25:20","modified_gmt":"2026-08-29T07:25:20","slug":"les-nouveaux-visages-de-lyon-victoire-vallier-une-psychologue-addict-au-bien-etre-des-autres","status":"publish","type":"post","link":"https:\/\/www.europesays.com\/fr\/1154950\/","title":{"rendered":"Les nouveaux visages de Lyon. Victoire Vallier, une psychologue addict au bien-\u00eatre des autres"},"content":{"rendered":"<p>\t\t\t\t<img fetchpriority=\"high\" decoding=\"async\" width=\"900\" height=\"643\" src=\"https:\/\/www.europesays.com\/fr\/wp-content\/uploads\/2026\/08\/axelle-zeller-photographe-lyon-2.jpg\" alt=\"\" title=\"Victoire Vallier \u2013 axelle-zeller-photographe-lyon-2\"   class=\"wp-image-180119\"\/><\/p>\n<p>Photos \u00a9 DR \/ Axelle Zeller<\/p>\n<p><strong>Texte\u00a0: Morgan Couturier \u2013<\/strong> Laur\u00e9ate du prix de l\u2019\u00c9l\u00e9gance lors du concours Miss Grand Lyon 2023, Victoire Vallier se signale aujourd\u2019hui sous une tout autre casquette\u00a0: psychologue. Si elle propose ses services pour accompagner les nouvelles candidates, son empathie l\u2019invite \u00e0 voir plus loin. Pour le bien de tous.<\/p>\n<p>Il para\u00eet, si l\u2019on en croit Sigmund Freud, que l\u2019int\u00e9ress\u00e9 a eu besoin de trente ans de sa vie pour \u00e9tudier la psychologie f\u00e9minine sans jamais trouver la r\u00e9ponse \u00e0 cette grande probl\u00e9matique\u00a0: que veulent les femmes\u00a0? Sans avoir attendu autant d\u2019ann\u00e9es, <strong>Victoire Vallier <\/strong>semble avoir mis le doigt sur la r\u00e9ponse. \u00c0 23 ans, la jeune psychologue sait ce qu\u2019elle veut. Mieux, elle nourrit d\u00e9j\u00e0 d\u2019une certitude\u00a0: la profession de psychologue est faite pour elle.<\/p>\n<p><a href=\"https:\/\/www.lyonpeople.com\/?attachment_id=180116\" rel=\"attachment wp-att-180116 nofollow noopener\" target=\"_blank\"><img loading=\"lazy\" decoding=\"async\" class=\"size-full wp-image-180116\" src=\"data:image\/svg+xml,%3Csvg%20xmlns=\" http:=\"\" alt=\"\" width=\"900\" height=\"665\" data-lazy- data-lazy- data-lazy-src=\"https:\/\/www.europesays.com\/fr\/wp-content\/uploads\/2026\/08\/IMG_3239.jpg\"\/><\/a><\/p>\n<p>Preuve en est, sa capacit\u00e9 \u00e0 psychanalyser des th\u00e9matiques comme l\u2019\u00e2ge et la l\u00e9gitimit\u00e9 pour r\u00e9affirmer la sienne. \u00ab\u00a0Elle se travaille avec l\u2019exp\u00e9rience\u00a0\u00bb, assure-t-elle. Cela tombe bien, la Lyonnaise a cela en elle depuis petite\u00a0: une capacit\u00e9 inn\u00e9e \u00e0 \u00ab\u00a0accueillir la parole sans jugement\u00a0\u00bb et \u00e0 user de sa curiosit\u00e9 pour \u00ab\u00a0comprendre l\u2019humain\u00a0\u00bb. Pour l\u2019aider aussi.. \u00ab\u00a0C\u2019est un m\u00e9tier de paroles. Les mots ont un poids. Ils peuvent apporter beaucoup. Il demande des comp\u00e9tences empathiques et th\u00e9oriques\u00a0\u00bb, poursuit-elle.<\/p>\n<p>Alors, lorsque la caricature du m\u00e9tier veut qu\u2019un psychologue n\u2019use que deux termes simplistes, \u00ab hmm hmm \u00bb, Victoire Vallier se signale d\u00e9j\u00e0 par sa capacit\u00e9 \u00e0 mettre des mots sur les maux. \u00ab Le psy, il t\u2019am\u00e8ne \u00e0 trouver la r\u00e9ponse par toi-m\u00eame sur le sens que tu mets \u00e0 ce que tu fais \u00bb, expose-t-elle dans une formulation \u00e0 retranscrire dans les manuels d\u2019\u00e9coles sp\u00e9cialis\u00e9es.<\/p>\n<p><strong>\u00ab\u00a0Les miss, une vitrine pour la sant\u00e9 mentale\u00a0\u00bb<\/strong><\/p>\n<p>De fait, si la doctorante peaufine jour apr\u00e8s jour sa science de l\u2019\u00e9coute en exer\u00e7ant b\u00e9n\u00e9volement au sein du cabinet familial, l\u2019int\u00e9ress\u00e9e s\u2019est d\u00e9j\u00e0 fait un nom entre Rh\u00f4ne et Sa\u00f4ne. Comment\u00a0? En d\u00e9m\u00e9nageant son divan jusqu\u2019aux bureaux du comit\u00e9 Miss Grand Lyon. Un concours qu\u2019elle a connu et v\u00e9cu. Non sans avoir point\u00e9 de nombreuses craintes \u00e0 surmonter.<\/p>\n<p><a href=\"https:\/\/www.lyonpeople.com\/?attachment_id=180117\" rel=\"attachment wp-att-180117 nofollow noopener\" target=\"_blank\"><img loading=\"lazy\" decoding=\"async\" class=\"alignnone size-full wp-image-180117\" src=\"data:image\/svg+xml,%3Csvg%20xmlns=\" http:=\"\" alt=\"\" width=\"800\" height=\"533\" data-lazy- data-lazy- data-lazy-src=\"https:\/\/www.europesays.com\/fr\/wp-content\/uploads\/2026\/08\/30.Election-Miss-Grd-Lyon-SF-.jpg\"\/><\/a><\/p>\n<p>D\u00e8s lors, lorsque le r\u00eave de couronne nationale s\u2019est \u00e9vapor\u00e9, Victoire Vallier s\u2019est vu investie d\u2019une nouvelle mission : s\u2019ouvrir aux autres et prendre soin des candidates amen\u00e9es \u00e0 lui succ\u00e9der. \u00ab Avec <strong>Sophie Lavi\u00e9ville<\/strong> (directrice du comit\u00e9 Miss Grand Lyon, ndlr), on a remarqu\u00e9 qu\u2019il y avait une grosse anxi\u00e9t\u00e9 du c\u00f4t\u00e9 des miss \u00e0 l\u2019id\u00e9e de se pr\u00e9senter et des profils avec diff\u00e9rentes vuln\u00e9rabilit\u00e9s. Il y avait un vrai besoin de pr\u00e9vention en mati\u00e8re de sant\u00e9 mentale\u00a0\u00bb, soutient la jeune femme.<\/p>\n<p><a href=\"https:\/\/www.lyonpeople.com\/?attachment_id=180118\" rel=\"attachment wp-att-180118 nofollow noopener\" target=\"_blank\"><img loading=\"lazy\" decoding=\"async\" class=\"alignnone size-full wp-image-180118\" src=\"data:image\/svg+xml,%3Csvg%20xmlns=\" http:=\"\" alt=\"\" width=\"900\" height=\"634\" data-lazy- data-lazy- data-lazy-src=\"https:\/\/www.europesays.com\/fr\/wp-content\/uploads\/2026\/08\/axelle-zeller-photographe-lyon-1.jpg\"\/><\/a><\/p>\n<p>Une th\u00e9matique actuelle que la jeune femme entend prendre \u00e0 son compte, quitte \u00e0 donner de son temps pour effacer les peurs et d\u00e9mystifier certains sujets comme le rapport au corps, la r\u00e9ussite, l\u2019appr\u00e9hension de la d\u00e9faite, la vuln\u00e9rabilit\u00e9 ou encore les al\u00e9as de la vie de jeune adulte. \u00ab\u00a0Mon but, c\u2019est de les prot\u00e9ger. J\u2019essaye de cr\u00e9er un lien bienveillant. Avec mes exercices, mes m\u00e9diations, c\u2019est souvent une porte d\u2019entr\u00e9e au fait de parler de soi\u00a0\u00bb, avance-t-elle.<\/p>\n<p>Cela tombe bien, \u00e0 l\u2019heure o\u00f9 les femmes sont confront\u00e9es \u00e0 bien des probl\u00e9matiques, Victoire Vallier veut agir. Pour le bien commun. \u00ab\u00a0On a un peu un m\u00e9tier d\u2019utilit\u00e9 publique. Il prend du temps dans une soci\u00e9t\u00e9 o\u00f9 tout est imm\u00e9diat\u00a0\u00bb. Voil\u00e0 pourquoi il faut prendre le temps de parler. Et laisser Victoire Vallier nous \u00e9couter.<\/p>\n","protected":false},"excerpt":{"rendered":"Photos \u00a9 DR \/ Axelle Zeller Texte\u00a0: Morgan Couturier \u2013 Laur\u00e9ate du prix de l\u2019\u00c9l\u00e9gance lors du concours&hellip;\n","protected":false},"author":2,"featured_media":1154951,"comment_status":"","ping_status":"","sticky":false,"template":"","format":"standard","meta":{"footnotes":"","_share_on_mastodon":"0"},"categories":[1889],"tags":[4257,1111,47,4258,11,2430,1777,674,1011,27,2428,12,25,118134],"class_list":["post-1154950","post","type-post","status-publish","format-standard","has-post-thumbnail","category-lyon","tag-0top","tag-actu","tag-actualite","tag-actualite-lyon","tag-actualites","tag-auvergne-rhone-alpes","tag-eu","tag-europe","tag-fr","tag-france","tag-lyon","tag-news","tag-republique-francaise","tag-victoire-vallier"],"share_on_mastodon":{"url":"https:\/\/pubeurope.com\/@fr\/117177611596172377","error":""},"_links":{"self":[{"href":"https:\/\/www.europesays.com\/fr\/wp-json\/wp\/v2\/posts\/1154950","targetHints":{"allow":["GET"]}}],"collection":[{"href":"https:\/\/www.europesays.com\/fr\/wp-json\/wp\/v2\/posts"}],"about":[{"href":"https:\/\/www.europesays.com\/fr\/wp-json\/wp\/v2\/types\/post"}],"author":[{"embeddable":true,"href":"https:\/\/www.europesays.com\/fr\/wp-json\/wp\/v2\/users\/2"}],"replies":[{"embeddable":true,"href":"https:\/\/www.europesays.com\/fr\/wp-json\/wp\/v2\/comments?post=1154950"}],"version-history":[{"count":0,"href":"https:\/\/www.europesays.com\/fr\/wp-json\/wp\/v2\/posts\/1154950\/revisions"}],"wp:featuredmedia":[{"embeddable":true,"href":"https:\/\/www.europesays.com\/fr\/wp-json\/wp\/v2\/media\/1154951"}],"wp:attachment":[{"href":"https:\/\/www.europesays.com\/fr\/wp-json\/wp\/v2\/media?parent=1154950"}],"wp:term":[{"taxonomy":"category","embeddable":true,"href":"https:\/\/www.europesays.com\/fr\/wp-json\/wp\/v2\/categories?post=1154950"},{"taxonomy":"post_tag","embeddable":true,"href":"https:\/\/www.europesays.com\/fr\/wp-json\/wp\/v2\/tags?post=1154950"}],"curies":[{"name":"wp","href":"https:\/\/api.w.org\/{rel}","templated":true}]}}