{"id":115497,"date":"2025-05-20T23:28:09","date_gmt":"2025-05-20T23:28:09","guid":{"rendered":"https:\/\/www.europesays.com\/fr\/115497\/"},"modified":"2025-05-20T23:28:09","modified_gmt":"2025-05-20T23:28:09","slug":"donald-trump-absolument-pas-inquiet-du-renforcement-de-la-presence-militaire-russe-a-la-frontiere-finlandaise","status":"publish","type":"post","link":"https:\/\/www.europesays.com\/fr\/115497\/","title":{"rendered":"Donald Trump \u00ababsolument pas\u00bb inquiet du renforcement de la pr\u00e9sence militaire russe \u00e0 la fronti\u00e8re finlandaise"},"content":{"rendered":"<p>Le pr\u00e9sident am\u00e9ricain s\u2019est montr\u00e9 serein en d\u00e9pit de r\u00e9centes images satellites faisant \u00e9tat de mouvements militaires russes \u00e0 la fronti\u00e8re finlandaise.<\/p>\n<p class=\"fig-paragraph\">Donald Trump a d\u00e9clar\u00e9 mardi ne pas \u00eatre pr\u00e9occup\u00e9 par les informations faisant \u00e9tat d\u2019un renforcement militaire russe le long de la fronti\u00e8re finlandaise. \u00abNon, je ne m\u2019en inqui\u00e8te absolument pas\u00bb, a d\u00e9clar\u00e9 le pr\u00e9sident am\u00e9ricain \u00e0 la Maison-Blanche, interrog\u00e9 sur le sujet. \u00abIls seront en s\u00e9curit\u00e9\u00bb, a-t-il ajout\u00e9, faisant r\u00e9f\u00e9rence\u00a0<a href=\"http:\/\/www.lefigaro.fr\/international\/kit-de-survie-abri-anti-aerien-stock-de-vivres-ce-que-contiennent-les-brochures-preparant-les-pays-nordiques-a-une-guerre-avec-la-russie-20241119\" data-fig-type=\"Article\" data-gtm-custom-categorie=\"navigation\" data-gtm-custom-action=\"crossclick\" data-gtm-custom-label=\"Contextuel\" data-gtm-event=\"customEventSPE\" data-fig-domain=\"LEFIGARO\" target=\"_blank\" rel=\"noopener\">\u00e0 la Finlande et \u00e0 la Norv\u00e8ge<\/a>.<\/p>\n<p class=\"fig-paragraph\">Selon des images satellites consult\u00e9es par le New York Times, la Russie aurait r\u00e9cemment renforc\u00e9 ses bases pr\u00e8s de la fronti\u00e8re finlandaise. Les photos font \u00e9tat de tentes, d\u2019abris pour avions de chasse et d\u2019entrep\u00f4ts pour v\u00e9hicules militaires, qui t\u00e9moignent d\u2019une pr\u00e9sence accrue pr\u00e8s de ce pays membre de l\u2019OTAN. Les images, confirm\u00e9es par des responsables militaires, montrent une activit\u00e9 de construction soutenue sur une base d\u2019h\u00e9licopt\u00e8res, jusque-l\u00e0 largement inutilis\u00e9e et envahie par la v\u00e9g\u00e9tation.<\/p>\n<p class=\"fig-paragraph\">Selon le journal transatlantique, ces op\u00e9rations semblent n\u2019\u00eatre que les pr\u00e9mices d\u2019une expansion plus vaste et \u00e0 plus long terme, tout en soulignant que cette pr\u00e9sence russe n\u2019a rien \u00e0 voir avec le renforcement des troupes le long de la fronti\u00e8re ukrainienne avant l\u2019invasion de 2022. Occup\u00e9e par sa guerre en Ukraine, la Russie ne dispose que de tr\u00e8s peu de troupes le long de la fronti\u00e8re et\u00a0<a href=\"http:\/\/www.lefigaro.fr\/international\/les-vacances-sont-terminees-la-finlande-exhorte-l-europe-a-accroitre-ses-efforts-de-defense-face-a-la-menace-russe-20250115\" data-fig-type=\"NewsFlash\" data-gtm-custom-categorie=\"navigation\" data-gtm-custom-action=\"crossclick\" data-gtm-custom-label=\"Contextuel\" data-gtm-event=\"customEventSPE\" data-fig-domain=\"LEFIGARO\" target=\"_blank\" rel=\"noopener\">les Finlandais insistent<\/a>\u00a0sur le fait que rien de tout cela ne constitue une menace r\u00e9elle.<\/p>\n<p class=\"fig-paragraph\">La Finlande est l\u2019un des membres les\u00a0<a href=\"http:\/\/www.lefigaro.fr\/flash-actu\/la-finlande-accueille-son-premier-grand-exercice-d-artillerie-de-l-otan-20241117\" data-fig-type=\"NewsFlash\" data-gtm-custom-categorie=\"navigation\" data-gtm-custom-action=\"crossclick\" data-gtm-custom-label=\"Contextuel\" data-gtm-event=\"customEventSPE\" data-fig-domain=\"LEFIGARO\" target=\"_blank\" rel=\"noopener\">plus r\u00e9cents de l\u2019OTAN<\/a>, ayant justement adh\u00e9r\u00e9 apr\u00e8s l\u2019offensive russe en Ukraine. Cette nouvelle fronti\u00e8re, longue de 1340 kilom\u00e8tres, explique peut-\u00eatre ces r\u00e9cents mouvements pr\u00e8s de ce qui constitue d\u00e9sormais la plus longue ligne de contact de l\u2019alliance occidentale avec la Russie. Les troupes am\u00e9ricaines et finlandaises ont r\u00e9cemment organis\u00e9 un exercice militaire arctique \u00e9labor\u00e9 dans cette r\u00e9gion, mobilisant des centaines de soldats.<\/p>\n","protected":false},"excerpt":{"rendered":"Le pr\u00e9sident am\u00e9ricain s\u2019est montr\u00e9 serein en d\u00e9pit de r\u00e9centes images satellites faisant \u00e9tat de mouvements militaires russes&hellip;\n","protected":false},"author":2,"featured_media":115498,"comment_status":"","ping_status":"","sticky":false,"template":"","format":"standard","meta":{"footnotes":""},"categories":[1591],"tags":[259,11,260,75,1887,219,14,261,12,262,1885,1886,132],"class_list":{"0":"post-115497","1":"post","2":"type-post","3":"status-publish","4":"format-standard","5":"has-post-thumbnail","7":"category-russie","8":"tag-actualite-internationale","9":"tag-actualites","10":"tag-affaires-etrangeres","11":"tag-donald-trump","12":"tag-federation-de-russie","13":"tag-finlande","14":"tag-international","15":"tag-ministere-des-affaires-etrangeres","16":"tag-news","17":"tag-politique-etrangere","18":"tag-russia","19":"tag-russian-federation","20":"tag-russie"},"share_on_mastodon":{"url":"https:\/\/pubeurope.com\/@fr\/114542759348262557","error":""},"_links":{"self":[{"href":"https:\/\/www.europesays.com\/fr\/wp-json\/wp\/v2\/posts\/115497","targetHints":{"allow":["GET"]}}],"collection":[{"href":"https:\/\/www.europesays.com\/fr\/wp-json\/wp\/v2\/posts"}],"about":[{"href":"https:\/\/www.europesays.com\/fr\/wp-json\/wp\/v2\/types\/post"}],"author":[{"embeddable":true,"href":"https:\/\/www.europesays.com\/fr\/wp-json\/wp\/v2\/users\/2"}],"replies":[{"embeddable":true,"href":"https:\/\/www.europesays.com\/fr\/wp-json\/wp\/v2\/comments?post=115497"}],"version-history":[{"count":0,"href":"https:\/\/www.europesays.com\/fr\/wp-json\/wp\/v2\/posts\/115497\/revisions"}],"wp:featuredmedia":[{"embeddable":true,"href":"https:\/\/www.europesays.com\/fr\/wp-json\/wp\/v2\/media\/115498"}],"wp:attachment":[{"href":"https:\/\/www.europesays.com\/fr\/wp-json\/wp\/v2\/media?parent=115497"}],"wp:term":[{"taxonomy":"category","embeddable":true,"href":"https:\/\/www.europesays.com\/fr\/wp-json\/wp\/v2\/categories?post=115497"},{"taxonomy":"post_tag","embeddable":true,"href":"https:\/\/www.europesays.com\/fr\/wp-json\/wp\/v2\/tags?post=115497"}],"curies":[{"name":"wp","href":"https:\/\/api.w.org\/{rel}","templated":true}]}}