{"id":1154985,"date":"2026-08-29T07:57:20","date_gmt":"2026-08-29T07:57:20","guid":{"rendered":"https:\/\/www.europesays.com\/fr\/1154985\/"},"modified":"2026-08-29T07:57:20","modified_gmt":"2026-08-29T07:57:20","slug":"arthur-fery-ignacio-buse-atp-250-winston-salem-finale-samedi-29-aout-2026-lequipe","status":"publish","type":"post","link":"https:\/\/www.europesays.com\/fr\/1154985\/","title":{"rendered":"Arthur F\u00e9ry &#8211; Ignacio Buse, ATP 250, Winston Salem, Finale, Samedi 29 ao\u00fbt 2026 &#8211; L&#039;\u00c9quipe"},"content":{"rendered":"<ol>\n<li><a href=\"https:\/\/news.google.com\/rss\/articles\/CBMiyAFBVV95cUxQbFIwS212MGI1SFNSWmxlYzBPaHBkOVpEbVAyZDFET01VSldHYmhlMTBiSG5TT1dzZ0FKRjlpX2pjbXZxcE11ajg5UzNwenhmMlEwTWZqMmUwcVZ2UHhnQVFNTEVGRWZyT2dqcHF4N1BuRmpjbk1tMEJUZlZBeW5qdnJQVHlkcEluM3M2OVFNN3VEQTl4YldsT3pyNW4wbXc4Ry1jR3ZtMTBWLTJNNm9XZVRzREU1TmhmY0IxY1N0QklUenptaHlpNQ?oc=5\" target=\"_blank\" rel=\"nofollow noopener\">Arthur F\u00e9ry &#8211; Ignacio Buse, ATP 250, Winston Salem, Finale, Samedi 29 ao\u00fbt 2026<\/a>&nbsp;&nbsp;L&rsquo;\u00c9quipe<\/li>\n<li><a href=\"https:\/\/news.google.com\/rss\/articles\/CBMiywFBVV95cUxNckhycWNSblJXR1VYOEdVUlRxekxlM2Ztcko2dC1MbWJ0VDdacFFRajNLX1V1SDNqekxnbkExSTBITFhPMjhGb3pzVVdOdU1YcVBWcEw3WGVnQmk0emxsdm1pU2pLZFpoaGlBWWNjSGxOWmNtVGs3Nzc2UTdRYjYwTnpUUm5SMk5SeFBOcFd1WnBuNHJjNHBaSnVTQVpYY0RiVkZRVEYtLUg0MmVOU2lqcE0wTUVVVVNtTkhjRERKWjlqTVdsVGJLVzljZw?oc=5\" target=\"_blank\" rel=\"nofollow noopener\">Coleman Chak-Lam Wong &#8211; Tommy Paul, Grand Chelem, US Open, Premier tour, Dimanche 30 ao\u00fbt 2026<\/a>&nbsp;&nbsp;L&rsquo;\u00c9quipe<\/li>\n<li><a href=\"https:\/\/news.google.com\/rss\/articles\/CBMixwFBVV95cUxNSlVZajhuUXNOYlNORlVjbFBTSmhTOGRnTDhrelM5OUZPRzVoakpVcTJoTk1rVS04V1ZJcndMZjQwaDBxd0ZnT291T21TdTB4Q0U3TXEzc3hoY1ViUVdfeHp5R2lHNnphdlZ1ZU94WjJ2NzN1S1hFR0pmNHp6RG1PcVFwRmR5eTBCdWpVU3hTX1UxQ0VBUXZxSm1WeklyY05CMDlybXJnNFRXa3dIelV4SG1LSXRNSjFmQVQ0NjhnaGxETDdRa1RF?oc=5\" target=\"_blank\" rel=\"nofollow noopener\">Aleksandar Vukic &#8211; Rei Sakamoto, Grand Chelem, US Open, Premier tour, Dimanche 30 ao\u00fbt 2026<\/a>&nbsp;&nbsp;L&rsquo;\u00c9quipe<\/li>\n<li><a href=\"https:\/\/news.google.com\/rss\/articles\/CBMixgFBVV95cUxQTVRERUdqQWZOVGs5V1BwSXRrRmxUdzNxUEhOX3pmS0xoOXk4YWFCU3NSSDdpSUU1T1RvZTN1MFkwOGdrOTR1MWRzM0JHdjFTWGcyRGVqdHVmZU4zdnJzbUZHVkRYWnJMM1RKODJWTERUZTAzR2lqYTV2S25GYktsTDRTWWNuUzRGZW9IZUlqbWdGQWFWaEN4a3k3cHRoeXY4ZXA5V0ducEQ1R2R5ZlZhS1JhaVVjWUtocFdxay1BN083WWNncHc?oc=5\" target=\"_blank\" rel=\"nofollow noopener\">Alex Michelsen &#8211; Federico Cina, Grand Chelem, US Open, Premier tour, Dimanche 30 ao\u00fbt 2026<\/a>&nbsp;&nbsp;L&rsquo;\u00c9quipe<\/li>\n<li><a href=\"https:\/\/news.google.com\/rss\/articles\/CBMiigFBVV95cUxOekh6d1FFZ1VTUHd0R05oczFkVG9Id19adUJxX2Q2X29WaW4tY0t2MjNYM1BpWGNsZGtHdUc3UHNpc1U4OWZ6LVdQZ1QxUVJUb2xhZ2t5WEJDLVFPWEJvR2h1Nzg3QTIxUVNHemlPZXg0SVhjMkI3Mm1tOEZ6S0JRZ1d4dm9rNWp2NEE?oc=5\" target=\"_blank\" rel=\"nofollow noopener\">Pronostic Sho Shimabukuro &#8211; Arthur Rinderknech, ATP US Open &#8211; 30\/08\/2026<\/a>&nbsp;&nbsp;SportyTrader<\/li>\n<\/ol>\n","protected":false},"excerpt":{"rendered":"Arthur F\u00e9ry &#8211; Ignacio Buse, ATP 250, Winston Salem, Finale, Samedi 29 ao\u00fbt 2026&nbsp;&nbsp;L&rsquo;\u00c9quipe Coleman Chak-Lam Wong &#8211;&hellip;\n","protected":false},"author":2,"featured_media":912358,"comment_status":"","ping_status":"","sticky":false,"template":"","format":"standard","meta":{"footnotes":"","_share_on_mastodon":"0"},"categories":[1415],"tags":[118136,1011,27,73268,60,1467,117409],"class_list":["post-1154985","post","type-post","status-publish","format-standard","has-post-thumbnail","category-tennis","tag-arthur-fery-ignacio-buse-en-direct","tag-fr","tag-france","tag-null","tag-sports","tag-tennis","tag-winston-salem"],"share_on_mastodon":{"url":"","error":""},"_links":{"self":[{"href":"https:\/\/www.europesays.com\/fr\/wp-json\/wp\/v2\/posts\/1154985","targetHints":{"allow":["GET"]}}],"collection":[{"href":"https:\/\/www.europesays.com\/fr\/wp-json\/wp\/v2\/posts"}],"about":[{"href":"https:\/\/www.europesays.com\/fr\/wp-json\/wp\/v2\/types\/post"}],"author":[{"embeddable":true,"href":"https:\/\/www.europesays.com\/fr\/wp-json\/wp\/v2\/users\/2"}],"replies":[{"embeddable":true,"href":"https:\/\/www.europesays.com\/fr\/wp-json\/wp\/v2\/comments?post=1154985"}],"version-history":[{"count":0,"href":"https:\/\/www.europesays.com\/fr\/wp-json\/wp\/v2\/posts\/1154985\/revisions"}],"wp:featuredmedia":[{"embeddable":true,"href":"https:\/\/www.europesays.com\/fr\/wp-json\/wp\/v2\/media\/912358"}],"wp:attachment":[{"href":"https:\/\/www.europesays.com\/fr\/wp-json\/wp\/v2\/media?parent=1154985"}],"wp:term":[{"taxonomy":"category","embeddable":true,"href":"https:\/\/www.europesays.com\/fr\/wp-json\/wp\/v2\/categories?post=1154985"},{"taxonomy":"post_tag","embeddable":true,"href":"https:\/\/www.europesays.com\/fr\/wp-json\/wp\/v2\/tags?post=1154985"}],"curies":[{"name":"wp","href":"https:\/\/api.w.org\/{rel}","templated":true}]}}