{"id":115499,"date":"2025-05-20T23:29:10","date_gmt":"2025-05-20T23:29:10","guid":{"rendered":"https:\/\/www.europesays.com\/fr\/115499\/"},"modified":"2025-05-20T23:29:10","modified_gmt":"2025-05-20T23:29:10","slug":"ukraine-washington-attend-que-moscou-presente-rapidement-ses-conditions-actualites","status":"publish","type":"post","link":"https:\/\/www.europesays.com\/fr\/115499\/","title":{"rendered":"Ukraine: Washington attend que Moscou pr\u00e9sente rapidement ses conditions : Actualit\u00e9s"},"content":{"rendered":"<p class=\"lead \">Le chef de la diplomatie am\u00e9ricaine Marco Rubio a dit mardi s&rsquo;attendre \u00e0 ce que la Russie pr\u00e9sente \u00ab\u00a0dans quelques jours\u00a0\u00bb ses termes en vue d&rsquo;un cessez-le-feu en Ukraine, alors que le pr\u00e9sident ukrainien Volodymyr Zelensky accuse Moscou de \u00ab\u00a0gagner du temps\u00a0\u00bb.<\/p>\n<p class=\"lead \">\u00ab\u00a0A un moment donn\u00e9, assez rapidement, peut-\u00eatre dans quelques jours, peut-\u00eatre cette semaine, la partie russe va pr\u00e9senter les termes qu&rsquo;elle souhaiterait voir\u00a0\u00bb pour avancer vers un cessez-le-feu, a d\u00e9clar\u00e9 le secr\u00e9taire d&rsquo;Etat devant une commission s\u00e9natoriale.<\/p>\n<p class=\"lead \">Il a pr\u00e9cis\u00e9 que ce calendrier d\u00e9coulait de l&rsquo;appel t\u00e9l\u00e9phonique lundi du pr\u00e9sident Donald Trump avec son homologue russe Vladimir Poutine.<\/p>\n<p class=\"lead \">Les Russes offriront \u00ab\u00a0des conditions g\u00e9n\u00e9rales qui nous permettraient d&rsquo;avancer vers un cessez-le-feu\u00a0\u00bb qui \u00ab\u00a0permettrait ensuite d&rsquo;entamer des n\u00e9gociations d\u00e9taill\u00e9es pour mettre fin au conflit\u00a0\u00bb, a ajout\u00e9 M. Rubio.<\/p>\n<p class=\"lead \">\u00ab\u00a0Nous esp\u00e9rons que cela se produira. Nous pensons que la feuille de route que les Russes produiront nous en dira long sur leurs v\u00e9ritables intentions\u00a0\u00bb, a-t-il ajout\u00e9.<\/p>\n<p class=\"lead \">Volodymyr Zelensky a lui regrett\u00e9 mardi que \u00ab\u00a0la Russie tente de gagner du temps afin de poursuivre sa guerre et son occupation\u00a0\u00bb, trois ans apr\u00e8s l&rsquo;invasion de son pays par l&rsquo;arm\u00e9e russe qui a fait des dizaines de milliers de morts de part et d&rsquo;autre.<\/p>\n<p class=\"lead \">L&rsquo;entretien t\u00e9l\u00e9phonique entre les dirigeants russe et am\u00e9ricain, trois jours apr\u00e8s les premiers pourparlers russo-ukrainiens depuis 2022, n&rsquo;a pas abouti \u00e0 l&rsquo;annonce d&rsquo;un cessez-le-feu, pourtant r\u00e9clam\u00e9 par Kiev et les Europ\u00e9ens.<\/p>\n<p class=\"lead \">Malgr\u00e9 l&rsquo;absence d&rsquo;avanc\u00e9e majeure, Donald Trump, qui pousse la Russie et l&rsquo;Ukraine \u00e0 faire taire les armes, a assur\u00e9 que les deux bellig\u00e9rants allaient \u00ab\u00a0d\u00e9marrer imm\u00e9diatement des n\u00e9gociations en vue\u00a0\u00bb d&rsquo;une tr\u00eave.<\/p>\n<p class=\"lead \">&#8211; \u00ab\u00a0Rien n&rsquo;a boug\u00e9\u00a0\u00bb &#8211;<\/p>\n<p class=\"lead \">Devant une autre commission du S\u00e9nat, le chef de la diplomatie am\u00e9ricaine avait assur\u00e9 plus t\u00f4t mardi que son pays n&rsquo;a pas fait \u00ab\u00a0la moindre concession\u00a0\u00bb \u00e0 Moscou. <\/p>\n<p class=\"lead \">Selon lui, le pr\u00e9sident Trump a fait le choix de ne pas \u00ab\u00a0menacer de sanctions\u00a0\u00bb les Russes car ils \u00ab\u00a0cesseront de parler, et il est utile que nous puissions leur parler et les pousser \u00e0 s&rsquo;asseoir \u00e0 la table des n\u00e9gociations\u00a0\u00bb.<\/p>\n<p class=\"lead \">A Kiev, des habitants interrog\u00e9s par l&rsquo;AFP disaient leur d\u00e9ception. \u00ab\u00a0Rien n&rsquo;a boug\u00e9\u00a0\u00bb, se d\u00e9sole ainsi Vitali, un ing\u00e9nieur de 53 ans. <\/p>\n<p class=\"lead \">Cat\u00e9gorique, Daryna, une \u00e9tudiante de 21 ans, pense elle qu'\u00a0\u00bbil est inutile de discuter avec l&rsquo;agresseur\u00a0\u00bb, tandis que Victoria, une enseignante retrait\u00e9e, confie ne plus avoir \u00ab\u00a0du tout\u00a0\u00bb confiance en Donald Trump, pla\u00e7ant \u00ab\u00a0ses espoirs\u00a0\u00bb dans les dirigeants europ\u00e9ens.<\/p>\n<p class=\"lead \">Sur les r\u00e9seaux sociaux, Volodymyr Zelensky a une nouvelle fois appel\u00e9 \u00e0 \u00ab\u00a0un cessez-le-feu\u00a0\u00bb et \u00e0 \u00ab\u00a0une diplomatie honn\u00eate\u00a0\u00bb, \u00e0 l&rsquo;issue d&rsquo;un appel avec la Premi\u00e8re ministre italienne Giorgia Meloni.<\/p>\n<p class=\"lead \"> En l&rsquo;\u00e9tat, les approches de l&rsquo;Ukraine et de la Russie s&rsquo;opposent: Kiev demande un cessez-le-feu \u00ab\u00a0inconditionnel\u00a0\u00bb de 30 jours pour permettre des discussions de paix, tandis que Moscou part du principe que les n\u00e9gociations doivent se faire \u00ab\u00a0simultan\u00e9ment\u00a0\u00bb aux combats.<\/p>\n<p class=\"lead \">Les principales capitales europ\u00e9ennes, fid\u00e8les soutiens de Kiev, menacent ainsi la Russie de sanctions \u00ab\u00a0massives\u00a0\u00bb faute de cessez-le-feu.<\/p>\n<p class=\"lead \">Les Europ\u00e9ens ont d&rsquo;ailleurs adopt\u00e9 formellement mardi un 17e paquet de sanctions et attendent \u00ab\u00a0une r\u00e9action forte\u00a0\u00bb de Washington si Moscou campe sur ses positions.<\/p>\n<p class=\"lead \">&#8211; \u00ab\u00a0M\u00e9morandum\u00a0\u00bb &#8211;<\/p>\n<p class=\"lead \">Dans ce qui ressemble \u00e0 ce stade \u00e0 une impasse diplomatique, Donald Trump a malgr\u00e9 tout assur\u00e9 \u00ab\u00a0que des progr\u00e8s ont \u00e9t\u00e9 accomplis\u00a0\u00bb lundi.<\/p>\n<p class=\"lead \">Le ton de Vladimir Poutine \u00e9tait toutefois plus prudent, qualifiant la conversation d'\u00a0\u00bbutile\u00a0\u00bb et estimant que les discussions avec l&rsquo;Ukraine allaient \u00ab\u00a0dans la bonne voie\u00a0\u00bb.<\/p>\n<p class=\"lead \">A la presse, il a affirm\u00e9 que la Russie \u00e9tait pr\u00eate \u00e0 travailler avec l&rsquo;Ukraine sur un \u00ab\u00a0m\u00e9morandum\u00a0\u00bb, \u00e9tape pr\u00e9alable avant un \u00ab\u00a0possible trait\u00e9 de paix\u00a0\u00bb.<\/p>\n<p class=\"lead \">Mais Volodymyr Zelensky a dit lundi soir \u00ab\u00a0ne rien savoir\u00a0\u00bb sur une telle feuille de route diplomatique.<\/p>\n<p class=\"lead \">Depuis qu&rsquo;il a ordonn\u00e9 \u00e0 son arm\u00e9e d&rsquo;envahir l&rsquo;Ukraine en f\u00e9vrier 2022, Vladimir Poutine maintient des exigences maximalistes, notamment que l&rsquo;Ukraine renonce \u00e0 rejoindre l&rsquo;Otan et qu&rsquo;elle abandonne quatre de ses r\u00e9gions partiellement contr\u00f4l\u00e9es par la Russie, en plus de la Crim\u00e9e annex\u00e9e en 2014.<\/p>\n<p class=\"lead \">L&rsquo;Ukraine rejette, elle, fermement ces exigences et demande que l&rsquo;arm\u00e9e russe, qui occupe pr\u00e8s de 20% de son territoire, s&rsquo;en retire. Ce dont Moscou n&rsquo;a pas l&rsquo;intention.<\/p>\n<p class=\"lead \">A l&rsquo;avantage sur le front, les forces russes ont revendiqu\u00e9 ces derniers jours une pouss\u00e9e dans la r\u00e9gion de Donetsk (est), \u00e9picentre des combats.<\/p>\n<p class=\"small font-weight-bold text-gray3 \"> publi\u00e9 le 20 mai \u00e0 23h57, AFP<\/p>\n<p>                             Partager<\/p>\n","protected":false},"excerpt":{"rendered":"Le chef de la diplomatie am\u00e9ricaine Marco Rubio a dit mardi s&rsquo;attendre \u00e0 ce que la Russie pr\u00e9sente&hellip;\n","protected":false},"author":2,"featured_media":115500,"comment_status":"","ping_status":"","sticky":false,"template":"","format":"standard","meta":{"footnotes":""},"categories":[1590],"tags":[11,672,10268,309,2120,312,1777,674,6228,12,132,7185,1778,220,308],"class_list":{"0":"post-115499","1":"post","2":"type-post","3":"status-publish","4":"format-standard","5":"has-post-thumbnail","7":"category-ukraine","8":"tag-actualites","9":"tag-allemagne","10":"tag-arme","11":"tag-chine","12":"tag-conflit","13":"tag-diplomatie","14":"tag-eu","15":"tag-europe","16":"tag-gb","17":"tag-news","18":"tag-russie","19":"tag-sanctions","20":"tag-ue","21":"tag-ukraine","22":"tag-usa"},"share_on_mastodon":{"url":"https:\/\/pubeurope.com\/@fr\/114542763584639522","error":""},"_links":{"self":[{"href":"https:\/\/www.europesays.com\/fr\/wp-json\/wp\/v2\/posts\/115499","targetHints":{"allow":["GET"]}}],"collection":[{"href":"https:\/\/www.europesays.com\/fr\/wp-json\/wp\/v2\/posts"}],"about":[{"href":"https:\/\/www.europesays.com\/fr\/wp-json\/wp\/v2\/types\/post"}],"author":[{"embeddable":true,"href":"https:\/\/www.europesays.com\/fr\/wp-json\/wp\/v2\/users\/2"}],"replies":[{"embeddable":true,"href":"https:\/\/www.europesays.com\/fr\/wp-json\/wp\/v2\/comments?post=115499"}],"version-history":[{"count":0,"href":"https:\/\/www.europesays.com\/fr\/wp-json\/wp\/v2\/posts\/115499\/revisions"}],"wp:featuredmedia":[{"embeddable":true,"href":"https:\/\/www.europesays.com\/fr\/wp-json\/wp\/v2\/media\/115500"}],"wp:attachment":[{"href":"https:\/\/www.europesays.com\/fr\/wp-json\/wp\/v2\/media?parent=115499"}],"wp:term":[{"taxonomy":"category","embeddable":true,"href":"https:\/\/www.europesays.com\/fr\/wp-json\/wp\/v2\/categories?post=115499"},{"taxonomy":"post_tag","embeddable":true,"href":"https:\/\/www.europesays.com\/fr\/wp-json\/wp\/v2\/tags?post=115499"}],"curies":[{"name":"wp","href":"https:\/\/api.w.org\/{rel}","templated":true}]}}