{"id":1154990,"date":"2026-08-29T08:03:12","date_gmt":"2026-08-29T08:03:12","guid":{"rendered":"https:\/\/www.europesays.com\/fr\/1154990\/"},"modified":"2026-08-29T08:03:12","modified_gmt":"2026-08-29T08:03:12","slug":"les-deux-conseils-de-dua-lipa-pour-reussir-le-jour-de-son-mariage","status":"publish","type":"post","link":"https:\/\/www.europesays.com\/fr\/1154990\/","title":{"rendered":"Les deux conseils de Dua Lipa pour r\u00e9ussir le jour de son mariage"},"content":{"rendered":"<p>Deux mois apr\u00e8s avoir dit oui \u00e0 <a href=\"https:\/\/www.20minutes.fr\/arts-stars\/people\/4239918-20260819-callum-turner-pret-fonder-famille-dua-lipa-elever-enfants\" target=\"_blank\" class=\"c-link c-link--is-underlined\" rel=\"nofollow noopener\">Callum Turner<\/a>, Dua Lipa se souvient encore avec \u00e9motion de cette journ\u00e9e hors du temps. Dans une interview accord\u00e9e \u00e0 <a href=\"https:\/\/www.vogue.it\/article\/intervista-dua-lipa-cover-vogue-italia-settembre-2026\" rel=\"nofollow noopener\" target=\"_blank\" class=\"c-link c-link--is-underlined\">Vogue Italia<\/a>, l\u2019interpr\u00e8te de <a href=\"https:\/\/www.20minutes.fr\/high-tech\/by-the-web\/4240033-20260822-pourquoi-titre-training-season-dua-lipa-devenu-trend-tiktok-deux-ans-apres-sortie\" target=\"_blank\" class=\"c-link c-link--is-underlined\" rel=\"nofollow noopener\">Training Season<\/a> a \u00e9voqu\u00e9 <a href=\"https:\/\/www.20minutes.fr\/arts-stars\/people\/4227376-20260605-paparazzis-places-fermees-yacht-amarre-mariage-dua-lipa-callum-turner-met-sicile-ebullition\" target=\"_blank\" class=\"c-link c-link--is-underlined\" rel=\"nofollow noopener\">ses noces<\/a> c\u00e9l\u00e9br\u00e9es le 6\u00a0juin \u00e0 la Villa Valguarnera, pr\u00e8s de Palerme, en Sicile.<\/p>\n<p>\u00ab\u00a0Le jour du mariage \u00e9tait magique\u00a0\u00bb, a-t-elle simplement r\u00e9sum\u00e9. Mais cette magie a \u00e9t\u00e9 rendue possible par deux r\u00e8gles d\u2019or que les \u00e9poux ont suivies \u00e0 la lettre.<\/p>\n<p>\u00ab\u00a0Moins d\u2019anxi\u00e9t\u00e9 et plus de plaisir\u00a0\u00bb<\/p>\n<p>Deux conseils que <a href=\"https:\/\/www.20minutes.fr\/monde\/ukraine\/4219819-20260422-guerre-ukraine-armee-remercie-dua-lipa-leve-fonds-financer-vehicule-medical\" target=\"_blank\" class=\"c-link c-link--is-underlined\" rel=\"nofollow noopener\">Dua Lipa<\/a> a partag\u00e9s avec la publication\u00a0: \u00ab\u00a0Vivre cette journ\u00e9e comme si nous \u00e9tions nous-m\u00eames des invit\u00e9s, et donc avec moins d\u2019anxi\u00e9t\u00e9 et plus de plaisir, et chercher constamment l\u2019autre parmi la foule, sans jamais se perdre de vue.\u00a0\u00bb<\/p>\n<p>Une mani\u00e8re de conserver de vrais souvenirs \u00e0 deux plut\u00f4t que de se laisser happer par les sollicitations des convives et la gestion de l\u2019organisation. \u00ab\u00a0Cette fa\u00e7on de faire nous a permis d\u2019avoir vraiment beaucoup de souvenirs ensemble\u00a0\u00bb, a conclu la pop star.<\/p>\n<p>Avant cette c\u00e9r\u00e9monie italienne, la chanteuse de 31 ans et l\u2019acteur de 36 ans s\u2019\u00e9taient d\u00e9j\u00e0 <a href=\"https:\/\/www.20minutes.fr\/arts-stars\/people\/4226334-20260531-chanteuse-dua-lipa-acteur-callum-turner-maries-selon-medias-britanniques\" target=\"_blank\" class=\"c-link c-link--is-underlined\" rel=\"nofollow noopener\">unis civilement<\/a> \u00e0 la mairie de Marylebone, \u00e0 Londres, en petit comit\u00e9.<\/p>\n","protected":false},"excerpt":{"rendered":"Deux mois apr\u00e8s avoir dit oui \u00e0 Callum Turner, Dua Lipa se souvient encore avec \u00e9motion de cette&hellip;\n","protected":false},"author":2,"featured_media":1154991,"comment_status":"","ping_status":"","sticky":false,"template":"","format":"standard","meta":{"footnotes":"","_share_on_mastodon":"0"},"categories":[1359],"tags":[1193,58,21687,59,1011,27,1930,973],"class_list":["post-1154990","post","type-post","status-publish","format-standard","has-post-thumbnail","category-people","tag-couple","tag-divertissement","tag-dua-lipa","tag-entertainment","tag-fr","tag-france","tag-mariage","tag-people"],"share_on_mastodon":{"url":"https:\/\/pubeurope.com\/@fr\/117177758752189364","error":""},"_links":{"self":[{"href":"https:\/\/www.europesays.com\/fr\/wp-json\/wp\/v2\/posts\/1154990","targetHints":{"allow":["GET"]}}],"collection":[{"href":"https:\/\/www.europesays.com\/fr\/wp-json\/wp\/v2\/posts"}],"about":[{"href":"https:\/\/www.europesays.com\/fr\/wp-json\/wp\/v2\/types\/post"}],"author":[{"embeddable":true,"href":"https:\/\/www.europesays.com\/fr\/wp-json\/wp\/v2\/users\/2"}],"replies":[{"embeddable":true,"href":"https:\/\/www.europesays.com\/fr\/wp-json\/wp\/v2\/comments?post=1154990"}],"version-history":[{"count":0,"href":"https:\/\/www.europesays.com\/fr\/wp-json\/wp\/v2\/posts\/1154990\/revisions"}],"wp:featuredmedia":[{"embeddable":true,"href":"https:\/\/www.europesays.com\/fr\/wp-json\/wp\/v2\/media\/1154991"}],"wp:attachment":[{"href":"https:\/\/www.europesays.com\/fr\/wp-json\/wp\/v2\/media?parent=1154990"}],"wp:term":[{"taxonomy":"category","embeddable":true,"href":"https:\/\/www.europesays.com\/fr\/wp-json\/wp\/v2\/categories?post=1154990"},{"taxonomy":"post_tag","embeddable":true,"href":"https:\/\/www.europesays.com\/fr\/wp-json\/wp\/v2\/tags?post=1154990"}],"curies":[{"name":"wp","href":"https:\/\/api.w.org\/{rel}","templated":true}]}}