{"id":1154996,"date":"2026-08-29T08:08:34","date_gmt":"2026-08-29T08:08:34","guid":{"rendered":"https:\/\/www.europesays.com\/fr\/1154996\/"},"modified":"2026-08-29T08:08:34","modified_gmt":"2026-08-29T08:08:34","slug":"veronique-sanson-jean-paul-rouve-imany-pink-martini-annonces-aux-sables-dolonne-pour-la-saison-culturelle-2026-2027","status":"publish","type":"post","link":"https:\/\/www.europesays.com\/fr\/1154996\/","title":{"rendered":"V\u00e9ronique Sanson, Jean-Paul Rouve, Imany, Pink Martini\u2026 annonc\u00e9s aux Sables-d\u2019Olonne pour la saison culturelle 2026-2027"},"content":{"rendered":"<p>                    Par<br \/>\n        <strong><br \/>\n            <a href=\"https:\/\/actu.fr\/auteur\/marion-travers\" title=\"Consulter tous les articles de Marion Travers\" rel=\"nofollow noopener\" target=\"_blank\">Marion Travers<\/a><br \/>\n                    <\/strong><\/p>\n<p>        Publi\u00e9 le<\/p>\n<p>            28 ao\u00fbt 2026 \u00e0 22h00        <\/p>\n<p>La salle du Trois-M\u00e2ts, au centre de congr\u00e8s des Atlantes, \u00e9tait encore comble ce vendredi 28\u00a0ao\u00fbt 2026 au soir \u00e0 l\u2019occasion de la pr\u00e9sentation de la<b> nouvelle programmation de la saison culturelle<\/b> des <a href=\"https:\/\/actu.fr\/pays-de-la-loire\/les-sables-d-olonne_85194\" rel=\"nofollow noopener\" target=\"_blank\">Sables-d\u2019Olonne<\/a>, les Sc\u00e8nes Sablaises.<br \/>Une trentaine de spectacles s\u2019\u00e9chelonneront <b>du 11<\/b>\u00a0<b>septembre 2026 au 16<\/b>\u00a0<b>mai 2027<\/b>\u2009: concerts de vari\u00e9t\u00e9, de jazz, de musique classique, th\u00e9\u00e2tre, danse, magie, divertissements \u00e0 voir en famille, etc.<\/p>\n<p>La nouveaut\u00e9 Arena Th\u00e9\u00e2tre<\/p>\n<p class=\" wall-content\">Cette programmation investira plusieurs salles des Sables-d\u2019Olonne, \u00e0 savoir Les Atlantes, le\u00a0Havre d\u2019Olonne, la Gargamo\u00eblle et, c\u2019est la <b>grande nouveaut\u00e9 de cette saison culturelle <\/b>2026-2027,<b> l\u2019Arena Th\u00e9\u00e2tre<\/b> qui sera inaugur\u00e9e le 11\u00a0septembre prochain avec le concert de <b>Calogero <\/b>(complet).<\/p>\n<p class=\" wall-content\">Ce sont trois spectacles qui y seront jou\u00e9s pour cette premi\u00e8re ann\u00e9e d\u2019exploitation. \u00ab\u2009Un d\u00e9but, confie Jean-Fran\u00e7ois Dejean, adjoint au maire en charge de la culture. Nous savons d\u00e9j\u00e0 que, d\u00e8s la prochaine saison culturelle, plus de spectacles seront programm\u00e9s \u00e0 l\u2019Arena Th\u00e9\u00e2tre qui va nous permettre, dans les ann\u00e9es \u00e0 venir, d\u2019<b>accueillir des spectacles que nous n\u2019aurions pas pu programmer aux Sables<\/b>.\u2009\u00bb<\/p>\n<p class=\" wall-content\">Soit parce que certains artistes refusent de se produire dans de petites salles, soit parce que l\u2019<a href=\"https:\/\/actu.fr\/pays-de-la-loire\/les-sables-d-olonne_85194\/les-bodins-tete-daffiche-dune-soiree-dhumour-a-larena-des-sables-dolonne-en-fin-dannee_64604938.html\" rel=\"nofollow noopener\" target=\"_blank\">Arena Th\u00e9\u00e2tre<\/a> propose une <b>jauge plus importante <\/b>donc une recette de billetterie plus cons\u00e9quente qui permet de financer des cachets d\u2019artistes plus \u00e9lev\u00e9s.<\/p>\n<p class=\" wall-content\">En effet, la salle du Trois-M\u00e2ts, aux Atlantes, peut accueillir 800\u00a0spectateurs. <b>\u00c0 l\u2019Arena Th\u00e9\u00e2tre, ce sont 2<\/b>\u2009<b>000<\/b>\u00a0<b>spectateurs<\/b> qui pourront assister aux spectacles (en configuration assis).<\/p>\n<p>Pink Martini, V\u00e9ronique Sanson et Mourad Merzouki \u00e0 l\u2019Arena<\/p>\n<p class=\" wall-content\">Pour cette premi\u00e8re programmation des Sc\u00e8nes Sablaises \u00e0 l\u2019Arena Th\u00e9\u00e2tre, le public pourra donc entendre <b>Pink Martini<\/b>, \u00ab\u2009ensemble de jazz le plus connu au monde et qui a jou\u00e9 sur tous les continents\u2009\u00bb, souligne Jean-Fran\u00e7ois Dejean. Pink Martini vient d\u2019ailleurs de c\u00e9l\u00e9brer ses 30\u00a0ans. Ils seront sur la sc\u00e8ne de l\u2019<a href=\"https:\/\/actu.fr\/pays-de-la-loire\/les-sables-d-olonne_85194\/les-sables-dolonne-a-quoi-va-vraiment-servir-le-parking-le-phare-en-entree-de-ville_64465071.html\" rel=\"nofollow noopener\" target=\"_blank\">Arena<\/a> Th\u00e9\u00e2tre le 21\u00a0octobre.<\/p>\n<p class=\" wall-content\">Deuxi\u00e8me artiste qui se produira \u00e0 l\u2019Arena Th\u00e9\u00e2tre dans le cadre des Sc\u00e8nes Sablaises\u2009: <b>V\u00e9ronique Sanson<\/b>, le 21\u00a0novembre. \u00ab\u2009C\u2019est typiquement le genre d\u2019artiste que nous n\u2019aurions pas pu recevoir aux Atlantes\u2009\u00bb, fait remarquer Jean-Fran\u00e7ois Dejean.<\/p>\n<p class=\" wall-content\">Avec son spectacle \u00ab\u2009J\u2019ai eu envie de vous revoir\u2009\u00bb, V\u00e9ronique Sanson chantera ses plus grands classiques, accompagn\u00e9e sur sc\u00e8ne par ses fid\u00e8les musiciens et son ins\u00e9parable piano.<\/p>\n<p class=\" wall-content\">Pour le troisi\u00e8me et dernier spectacle propos\u00e9 \u00e0 l\u2019Arena Th\u00e9\u00e2tre, place \u00e0 la danse avec \u00ab\u2009Folia\u2009\u00bb du <b>chor\u00e9graphe Mourad Merzouki <\/b>par la compagnie K\u00e4fig. Merzouki y explore les rythmes populaires des tarentelles italiennes. \u00ab\u2009C\u2019est encore un exemple de spectacle qui ne serait pas venu aux Sables si nous n\u2019avions pas l\u2019Arena\u2009\u00bb, assure l\u2019adjoint au maire. Car, sur sc\u00e8ne, en plus des danseurs, le public pourra applaudir l\u2019orchestre de musique baroque \u00ab\u2009Le Concert de l\u2019Hostel Dieu\u2009\u00bb et une soprano.<\/p>\n<p>Les autres spectacles \u00e0 l\u2019affiche<br \/>\n    <img   decoding=\"async\" loading=\"lazy\" class=\"size-large\" src=\"https:\/\/www.europesays.com\/fr\/wp-content\/uploads\/2026\/08\/d6a2c2f4b19a6caa2c2f4b19a7ea2cv-960x640.jpg\" alt=\"Jean-Paul Rouve dans le \" bourgeois=\"\" gentilhomme=\"\" de=\"\" moli=\"\" c=\"\" le=\"\" novembre.=\"\" width=\"960\" height=\"640\"\/><br \/>\n    Jean-Paul Rouve dans le \u00ab\u2009Bourgeois gentilhomme\u2009\u00bb de Moli\u00e8re, c\u2019est le 26\u00a0novembre. \u00a9Tanguy Mendrisse<\/p>\n<p class=\" wall-content\">Parmi les autres t\u00eates d\u2019affiche programm\u00e9es aux Sables-d\u2019Olonne lors des Sc\u00e8nes Sablaises, on citera entre autres\u2009:<\/p>\n<p class=\" wall-content\">\u2013 C\u00f4t\u00e9 chanson\u2009: <b>Imany<\/b> le 15\u00a0d\u00e9cembre\u2009; <b>Yael Naim<\/b> le 28\u00a0avril.<\/p>\n<p class=\" wall-content\">\u2013 C\u00f4t\u00e9 musique classique\u2009: <b>Renaud Capu\u00e7on<\/b> et Guillaume Bellom le 15\u00a0novembre\u2009; le contre-t\u00e9nor Paul Figuier le 4\u00a0d\u00e9cembre.<\/p>\n<p class=\" wall-content\">\u2013 C\u00f4t\u00e9 musique jazz\u2009: le Jazzola Quartet le 30\u00a0octobre\u2009; Arnaud Dolmen et le VityGroove le 16\u00a0avril.<\/p>\n<p class=\" wall-content\">\u2013 C\u00f4t\u00e9 danse\u2009: <b>\u00ab<\/b>\u2009<b>Carmen<\/b>\u2009<b>\u00bb<\/b> par le ballet Julien Lestel le 3\u00a0novembre\u2009; \u00ab\u2009Love is life is love\u2009\u00bb par la compagnie ART.Y le 10\u00a0avril.<\/p>\n<p class=\" wall-content\">\u2013 C\u00f4t\u00e9 th\u00e9\u00e2tre\u2009: <b>\u00ab<\/b>\u2009<b>Le bourgeois gentilhomme<\/b>\u2009<b>\u00bb avec Jean-Paul Rouve<\/b> le 26\u00a0novembre\u2009: \u00ab\u2009Art\u2009\u00bb de Yasmina Reza, mise en sc\u00e8ne de <b>Fran\u00e7ois Morel <\/b>avec Olivier Broche, Fran\u00e7ois Morel et Olivier Saladin.<\/p>\n<p class=\" wall-content\">\u2013 C\u00f4t\u00e9 spectacles \u00e0 voir en famille\u2009: <b>\u00ab<\/b>\u2009<b>Les trois mousquetaires<\/b>\u2009<b>\u00bb<\/b> (th\u00e9\u00e2tre) le 6\u00a0janvier\u2009; le festival de la magie du 27\u00a0f\u00e9vrier au 7\u00a0mars.<\/p>\n<p>Quand r\u00e9server\u2009?<\/p>\n<p class=\" wall-content\">La billetterie ouvrira pour tous (en ligne, aux guichets de l\u2019office de tourisme et au service culture de la mairie annexe du Ch\u00e2teau-d\u2019Olonne) le <b>samedi 5<\/b>\u00a0<b>septembre 2026 \u00e0 10<\/b>\u00a0<b>heures<\/b>.<\/p>\n<p class=\" wall-content\">\u00c0 noter que le guide complet de la saison culturelle 2026-2027 sera disponible d\u00e8s demain, samedi 29\u00a0ao\u00fbt 2026, <b>\u00e0 l\u2019office de tourisme<\/b>\u00a0et dans les\u00a0<b>mairies.<\/b><\/p>\n<p class=\" wall-content\">Personnalisez votre actualit\u00e9 en ajoutant vos villes et m\u00e9dias en favori avec <a href=\"https:\/\/moncompte.actu.fr\" title=\"D\u00e9couvez Mon Actu\" rel=\"nofollow noopener\" data-trk=\"{&quot;cta&quot;:{&quot;action&quot;:&quot;https:\\\/\\\/moncompte.actu.fr&quot;,&quot;category&quot;:&quot;mon compte&quot;,&quot;from&quot;:&quot;article footer&quot;,&quot;name&quot;:&quot;Mon actu&quot;,&quot;type&quot;:&quot;cta&quot;}}\" target=\"_blank\">Mon Actu<\/a>.<\/p>\n","protected":false},"excerpt":{"rendered":"Par Marion Travers Publi\u00e9 le 28 ao\u00fbt 2026 \u00e0 22h00 La salle du Trois-M\u00e2ts, au centre de congr\u00e8s&hellip;\n","protected":false},"author":2,"featured_media":1154997,"comment_status":"","ping_status":"","sticky":false,"template":"","format":"standard","meta":{"footnotes":"","_share_on_mastodon":"0"},"categories":[1355],"tags":[1697,5972,58,59,1011,27,1652,1361,873],"class_list":["post-1154996","post","type-post","status-publish","format-standard","has-post-thumbnail","category-musique","tag-concert","tag-danse","tag-divertissement","tag-entertainment","tag-fr","tag-france","tag-loisirs-culture","tag-music","tag-musique"],"share_on_mastodon":{"url":"https:\/\/pubeurope.com\/@fr\/117177780263473765","error":""},"_links":{"self":[{"href":"https:\/\/www.europesays.com\/fr\/wp-json\/wp\/v2\/posts\/1154996","targetHints":{"allow":["GET"]}}],"collection":[{"href":"https:\/\/www.europesays.com\/fr\/wp-json\/wp\/v2\/posts"}],"about":[{"href":"https:\/\/www.europesays.com\/fr\/wp-json\/wp\/v2\/types\/post"}],"author":[{"embeddable":true,"href":"https:\/\/www.europesays.com\/fr\/wp-json\/wp\/v2\/users\/2"}],"replies":[{"embeddable":true,"href":"https:\/\/www.europesays.com\/fr\/wp-json\/wp\/v2\/comments?post=1154996"}],"version-history":[{"count":0,"href":"https:\/\/www.europesays.com\/fr\/wp-json\/wp\/v2\/posts\/1154996\/revisions"}],"wp:featuredmedia":[{"embeddable":true,"href":"https:\/\/www.europesays.com\/fr\/wp-json\/wp\/v2\/media\/1154997"}],"wp:attachment":[{"href":"https:\/\/www.europesays.com\/fr\/wp-json\/wp\/v2\/media?parent=1154996"}],"wp:term":[{"taxonomy":"category","embeddable":true,"href":"https:\/\/www.europesays.com\/fr\/wp-json\/wp\/v2\/categories?post=1154996"},{"taxonomy":"post_tag","embeddable":true,"href":"https:\/\/www.europesays.com\/fr\/wp-json\/wp\/v2\/tags?post=1154996"}],"curies":[{"name":"wp","href":"https:\/\/api.w.org\/{rel}","templated":true}]}}